{"id":10916,"date":"2013-05-15T09:46:27","date_gmt":"2013-05-15T06:46:27","guid":{"rendered":"https:\/\/www.enerjigazetesi.ist\/?p=10916"},"modified":"2013-05-15T09:46:27","modified_gmt":"2013-05-15T06:46:27","slug":"muglaya-dorduncu-termik-santral-kuruluyor","status":"publish","type":"post","link":"https:\/\/www.enerjigazetesi.ist\/en\/muglaya-dorduncu-termik-santral-kuruluyor\/","title":{"rendered":"(Turkish) Mu\u011fla\u2019ya D\u00f6rd\u00fcnc\u00fc Termik Santral Kuruluyor"},"content":{"rendered":"<p class=\"qtranxs-available-languages-message qtranxs-available-languages-message-en\">Sorry, this entry is only available in <a href=\"https:\/\/www.enerjigazetesi.ist\/tr\/wp-json\/wp\/v2\/posts\/10916\" class=\"qtranxs-available-language-link qtranxs-available-language-link-tr\" title=\"Turkish\">Turkish<\/a>. For the sake of viewer convenience, the content is shown below in the alternative language. You may click the link to switch the active language.<\/p><p><strong>T\u00fcrkiye K\u00f6m\u00fcr \u0130\u015fletmeleri (TK\u0130) Genel M\u00fcd\u00fcr\u00fc Mustafa Akta\u015f, Milas\u2019ta 300 megavat (MW) b\u00fcy\u00fckl\u00fc\u011f\u00fcnde yeni bir termik santral kurulaca\u011f\u0131n\u0131 bildirdi. T\u00fcrkiye K\u00f6m\u00fcr \u0130\u015fletmeleri Genel M\u00fcd\u00fcr\u00fc Mustafa Akta\u015f, Milas\u2019ta yapt\u0131\u011f\u0131 a\u00e7\u0131klamada, Mu\u011fla\u2019ya d\u00f6rd\u00fcnc\u00fc termik santralini Milas\u2019ta Karacahisar k\u00f6y\u00fc s\u0131n\u0131rlar\u0131 i\u00e7inde kuracaklar\u0131n\u0131 s\u00f6yledi.<\/strong><\/p>\n<p>Mu\u011fla b\u00f6lgesinde TK\u0130 taraf\u0131ndan yap\u0131lan \u00e7al\u0131\u015fmalar\u0131 denetleyen Akta\u015f, b\u00f6lgeden her y\u0131l \u00e7\u0131kard\u0131klar\u0131 12,5 milyon ton k\u00f6m\u00fcr\u00fc toplam 1.680 MW g\u00fcc\u00fcndeki Kemerk\u00f6y, Yata\u011fan ve Yenik\u00f6y termik santrallerine verdiklerini ifade etti.<\/p>\n<p><a href=\"https:\/\/www.enerjigazetesi.ist\/wp-content\/uploads\/2013\/05\/mugla-ya-4-uncu-termik-santral.jpg\"><img loading=\"lazy\" class=\"alignleft size-medium wp-image-10917\" title=\"MUGLA'YA DORDUNCU TERMIK SANTRAL KURULUYOR\" src=\"https:\/\/www.enerjigazetesi.ist\/wp-content\/uploads\/2013\/05\/mugla-ya-4-uncu-termik-santral-300x200.jpg\" alt=\"\" width=\"300\" height=\"200\" srcset=\"https:\/\/www.enerjigazetesi.ist\/wp-content\/uploads\/2013\/05\/mugla-ya-4-uncu-termik-santral-300x200.jpg 300w, https:\/\/www.enerjigazetesi.ist\/wp-content\/uploads\/2013\/05\/mugla-ya-4-uncu-termik-santral-500x334.jpg 500w, https:\/\/www.enerjigazetesi.ist\/wp-content\/uploads\/2013\/05\/mugla-ya-4-uncu-termik-santral-74x50.jpg 74w, https:\/\/www.enerjigazetesi.ist\/wp-content\/uploads\/2013\/05\/mugla-ya-4-uncu-termik-santral.jpg 505w\" sizes=\"(max-width: 300px) 100vw, 300px\" \/><\/a>Milas b\u00f6lgesindeki havzada bug\u00fcn itibariyle 400 milyon ton civar\u0131na k\u00f6m\u00fcr rezervi s\u00f6z konusu oldu\u011funa dikkati \u00e7eken Genel M\u00fcd\u00fcr Akta\u015f, Milas\u2019ta ilave bir santral kurmak \u00fczere Karacahisar b\u00f6lgesinde incelemelerde bulunduklar\u0131n\u0131 dile getirdi. Genel M\u00fcd\u00fcr Akta\u015f, \u201cK\u00fc\u00e7\u00fck problemleri de a\u015ft\u0131ktan sonra bu y\u0131l i\u00e7erisinde minimum 300 MW\u2019lik bir termik santrallerinin kurulum i\u015flemlerini ba\u015flatm\u0131\u015f olaca\u011f\u0131z\u201d dedi.<\/p>\n<p>B\u00f6lgede genel olarak a\u00e7\u0131k i\u015fletmeden k\u00f6m\u00fcr \u00fcretildi\u011fini, Turgut b\u00f6lgesinde ve bir tak\u0131m yerlerde yeralt\u0131 madencili\u011fi faaliyetlerini de bir ay i\u00e7erisinde ba\u015flatacaklar\u0131n\u0131 anlatan TK\u0130 Genel M\u00fcd\u00fcr\u00fc Mustafa Akta\u015f, \u015funlar\u0131 kaydetti:<\/p>\n<p>\u201cDegabaj dedi\u011fimiz a\u00e7\u0131k i\u015fletmelerde toprak \u00f6rt\u00fcs\u00fcn\u00fcn bir yerden bir yere kald\u0131r\u0131lmas\u0131 i\u015flemi s\u0131ras\u0131nda bazen yerle\u015fim yerlerine ve arazi sahiplerinin bulundu\u011fu yerlere de rastlamak m\u00fcmk\u00fcn. Kamula\u015ft\u0131rma i\u015flemleri tamamlad\u0131ktan sonra hi\u00e7 kimse ma\u011fdur edilmeden arazilerinin bedellerini alabilmekte. Terk etti\u011fimiz alanlar\u0131 a\u011fa\u00e7land\u0131rd\u0131\u011f\u0131m\u0131z gibi tar\u0131ma elveri\u015fli alanlar var ise ve madencilik faaliyetleri a\u00e7\u0131s\u0131ndan ve i\u015f sa\u011fl\u0131\u011f\u0131 ile g\u00fcvenli\u011fi a\u00e7\u0131s\u0131ndan bir tehlike olu\u015fturmuyorsa bu alanlar yeniden arazi sahiplerinin kullan\u0131m\u0131na a\u00e7\u0131labilir. Ancak bu \u00e7ok uzun bir s\u00fcre\u00e7ten sonra olabilir. \u00c7\u00fcnk\u00fc ruhsat alanlar\u0131n\u0131n i\u00e7erisinde ba\u015fka faaliyetler yap\u0131l\u0131yor olmas\u0131 i\u015f sa\u011fl\u0131\u011f\u0131 g\u00fcvenli\u011fi, oradaki insanlar\u0131n can g\u00fcvenli\u011fini riske edebilece\u011finden k\u0131sa zamanda ger\u00e7ekle\u015fmesi m\u00fcmk\u00fcn de\u011fil. Zaman i\u00e7erisinde terk etti\u011fimiz alanlar ba\u015fka b\u00f6lgelerde var ve burada da olacak.\u201d<\/p>\n<p>Kaynak: <a href=\"http:\/\/enerjienstitusu.com\/2013\/05\/14\/muglaya-dorduncu-termik-santral-kuruluyor\/\" target=\"_blank\">Enerji Enstit\u00fcs\u00fc<\/a><\/p>","protected":false},"excerpt":{"rendered":"<p>Sorry, this entry is only available in Turkish. For the sake of viewer convenience, the content is shown below in the alternative language. You may click the link to switch the active language.T\u00fcrkiye K\u00f6m\u00fcr \u0130\u015fletmeleri (TK\u0130) Genel M\u00fcd\u00fcr\u00fc Mustafa Akta\u015f, Milas\u2019ta 300 megavat (MW) b\u00fcy\u00fckl\u00fc\u011f\u00fcnde yeni bir termik santral kurulaca\u011f\u0131n\u0131 bildirdi. T\u00fcrkiye K\u00f6m\u00fcr \u0130\u015fletmeleri Genel [&hellip;]<\/p>\n","protected":false},"author":1,"featured_media":10917,"comment_status":"open","ping_status":"open","sticky":false,"template":"","format":"standard","meta":[],"categories":[51,53],"tags":[63,67,1443,3089,5056,438,1718,2719],"views":902,"_links":{"self":[{"href":"https:\/\/www.enerjigazetesi.ist\/en\/wp-json\/wp\/v2\/posts\/10916"}],"collection":[{"href":"https:\/\/www.enerjigazetesi.ist\/en\/wp-json\/wp\/v2\/posts"}],"about":[{"href":"https:\/\/www.enerjigazetesi.ist\/en\/wp-json\/wp\/v2\/types\/post"}],"author":[{"embeddable":true,"href":"https:\/\/www.enerjigazetesi.ist\/en\/wp-json\/wp\/v2\/users\/1"}],"replies":[{"embeddable":true,"href":"https:\/\/www.enerjigazetesi.ist\/en\/wp-json\/wp\/v2\/comments?post=10916"}],"version-history":[{"count":1,"href":"https:\/\/www.enerjigazetesi.ist\/en\/wp-json\/wp\/v2\/posts\/10916\/revisions"}],"predecessor-version":[{"id":10918,"href":"https:\/\/www.enerjigazetesi.ist\/en\/wp-json\/wp\/v2\/posts\/10916\/revisions\/10918"}],"wp:featuredmedia":[{"embeddable":true,"href":"https:\/\/www.enerjigazetesi.ist\/en\/wp-json\/wp\/v2\/media\/10917"}],"wp:attachment":[{"href":"https:\/\/www.enerjigazetesi.ist\/en\/wp-json\/wp\/v2\/media?parent=10916"}],"wp:term":[{"taxonomy":"category","embeddable":true,"href":"https:\/\/www.enerjigazetesi.ist\/en\/wp-json\/wp\/v2\/categories?post=10916"},{"taxonomy":"post_tag","embeddable":true,"href":"https:\/\/www.enerjigazetesi.ist\/en\/wp-json\/wp\/v2\/tags?post=10916"}],"curies":[{"name":"wp","href":"https:\/\/api.w.org\/{rel}","templated":true}]}}