{"id":109123,"date":"2020-02-25T12:24:24","date_gmt":"2020-02-25T09:24:24","guid":{"rendered":"https:\/\/www.enerjigazetesi.ist\/?p=109123"},"modified":"2020-02-25T12:24:24","modified_gmt":"2020-02-25T09:24:24","slug":"sabanci-holding-teknoloji-ve-dijitallesme-odakliligiyla-gelirlerini-yuzde-10-artirdi","status":"publish","type":"post","link":"https:\/\/www.enerjigazetesi.ist\/en\/sabanci-holding-teknoloji-ve-dijitallesme-odakliligiyla-gelirlerini-yuzde-10-artirdi\/","title":{"rendered":"(Turkish) Sabanc\u0131 Holding Teknoloji ve Dijitalle\u015fme Odakl\u0131l\u0131\u011f\u0131yla Gelirlerini %10 Art\u0131rd\u0131"},"content":{"rendered":"<p class=\"qtranxs-available-languages-message qtranxs-available-languages-message-en\">Sorry, this entry is only available in <a href=\"https:\/\/www.enerjigazetesi.ist\/tr\/wp-json\/wp\/v2\/posts\/109123\" class=\"qtranxs-available-language-link qtranxs-available-language-link-tr\" title=\"Turkish\">Turkish<\/a>. For the sake of viewer convenience, the content is shown below in the alternative language. You may click the link to switch the active language.<\/p><p><\/p>\n<h1>Sabanc\u0131 Holding, 2019 y\u0131l\u0131 finansal sonu\u00e7lar\u0131n\u0131 a\u00e7\u0131klad\u0131. Bu sonu\u00e7lar do\u011frultusunda, gelirlerini ge\u00e7en y\u0131la g\u00f6re % 10 art\u0131ran Toplulu\u011fun konsolide sat\u0131\u015flar\u0131 60 milyar TL olarak ger\u00e7ekle\u015fti.<\/h1>\n<p>Sabanc\u0131 Holding CEO\u2019su <strong>Cenk Alper<\/strong> yapt\u0131\u011f\u0131 de\u011ferlendirmede, \u201c2019 y\u0131l\u0131 <strong>stratejik yol haritam\u0131zda<\/strong> belirledi\u011fimiz bir\u00e7ok ad\u0131m\u0131 att\u0131\u011f\u0131m\u0131z ve i\u015f kollar\u0131m\u0131zda rekabetten ayr\u0131\u015farak b\u00fcy\u00fcd\u00fc\u011f\u00fcm\u00fcz bir y\u0131l oldu. Uzun vadeli bak\u0131\u015f a\u00e7\u0131m\u0131zla olu\u015fturdu\u011fumuz disiplinli finansal y\u00f6netimimizin olumlu sonu\u00e7lar\u0131 bu d\u00f6neme yans\u0131d\u0131. Kuvvetli operasyonel karl\u0131l\u0131\u011f\u0131m\u0131z, <strong>etkin nakit y\u00f6netimimiz<\/strong> ve <strong>d\u00fc\u015fen bor\u00e7luluk <img loading=\"lazy\" class=\"alignright wp-image-109127\" src=\"https:\/\/www.enerjigazetesi.ist\/wp-content\/uploads\/2020\/02\/sabanci-holding-teknoloji-ve-dijitallesme-odakliligiyla-gelirlerini-yuzde-10-artirdi.jpg\" alt=\"\" width=\"320\" height=\"233\" srcset=\"https:\/\/www.enerjigazetesi.ist\/wp-content\/uploads\/2020\/02\/sabanci-holding-teknoloji-ve-dijitallesme-odakliligiyla-gelirlerini-yuzde-10-artirdi.jpg 671w, https:\/\/www.enerjigazetesi.ist\/wp-content\/uploads\/2020\/02\/sabanci-holding-teknoloji-ve-dijitallesme-odakliligiyla-gelirlerini-yuzde-10-artirdi-300x218.jpg 300w, https:\/\/www.enerjigazetesi.ist\/wp-content\/uploads\/2020\/02\/sabanci-holding-teknoloji-ve-dijitallesme-odakliligiyla-gelirlerini-yuzde-10-artirdi-500x364.jpg 500w, https:\/\/www.enerjigazetesi.ist\/wp-content\/uploads\/2020\/02\/sabanci-holding-teknoloji-ve-dijitallesme-odakliligiyla-gelirlerini-yuzde-10-artirdi-69x50.jpg 69w\" sizes=\"(max-width: 320px) 100vw, 320px\" \/>oran\u0131m\u0131zla<\/strong>, y\u0131l\u0131 g\u00fc\u00e7l\u00fc finansal performansla tamamlad\u0131k. G\u00fc\u00e7l\u00fc finansal y\u00f6netim yakla\u015f\u0131m\u0131m\u0131z\u0131n yan\u0131 s\u0131ra, \u00e7evre ve s\u00fcrd\u00fcr\u00fclebilirlik konusunda, <strong>yenilenebilir kaynaklara yat\u0131r\u0131m<\/strong> ba\u015fta olmak \u00fczere, uzun vadeli bak\u0131\u015f a\u00e7\u0131m\u0131z\u0131n olumlu yans\u0131malar\u0131n\u0131 ya\u015fad\u0131k. Varoldu\u011fumuz t\u00fcm sekt\u00f6rlerde<strong> teknoloji ve dijitalle\u015fme oda\u011f\u0131m\u0131zla<\/strong> \u00f6nc\u00fc olmay\u0131 s\u00fcrd\u00fcrd\u00fck ve b\u00fcy\u00fcmeyi yakalad\u0131k\u201d dedi.<\/p>\n<p>Alper, i\u015f kollar\u0131nda da \u00f6nemli at\u0131l\u0131mlar ger\u00e7ekle\u015ftirdiklerini ifade ederek a\u00e7\u0131klamas\u0131n\u0131 \u015f\u00f6yle s\u00fcrd\u00fcrd\u00fc; \u201cAkbank <strong>2019 y\u0131l\u0131nda<\/strong> kuvvetli bilan\u00e7o yap\u0131s\u0131n\u0131 korurken, <strong>teknolojik trendler do\u011frultusunda<\/strong> dijital bankac\u0131l\u0131k alan\u0131nda \u00f6nemli yat\u0131r\u0131mlar yapt\u0131. Ayr\u0131ca bu y\u0131l ekonomimize <strong>269 milyar TL<\/strong> kredi deste\u011fi sa\u011flad\u0131k. Enerji i\u015f kolumuz, <strong>banka d\u0131\u015f\u0131 portf\u00f6y\u00fcm\u00fcz<\/strong> i\u00e7erisinde yine en y\u00fcksek de\u011feri yaratt\u0131. <strong>Enerjisa Enerji<\/strong>\u2019de da\u011f\u0131t\u0131m yat\u0131r\u0131mlar\u0131m\u0131z\u0131 s\u00fcrd\u00fcrd\u00fck; <strong>Enerjisa \u00dcretim<\/strong>\u2019de ise dengeli \u00fcretim portf\u00f6y\u00fcm\u00fcz ve etkin s\u00fcre\u00e7lerimizin yaratt\u0131\u011f\u0131 olumlu sonu\u00e7lar\u0131 g\u00f6rd\u00fck. Enerjisa \u00dcretim ayr\u0131ca \u201c<strong>R\u00fczgar Enerjisi Yenilenebilir Enerji Kaynak Alanlar\u0131 2 (YEKA-2)<\/strong>\u201d ihalesinde 4 b\u00f6lgenin ikisini, <strong>Ayd\u0131n<\/strong> ve <strong>\u00c7anakkale<\/strong> B\u00f6lgeleri\u2019ni ald\u0131. B\u00f6ylece ihalede tahsise a\u00e7\u0131lan <strong>1000 MW\u2019l\u0131k<\/strong> kapasitenin yar\u0131s\u0131n\u0131 <strong>Enerjisa \u00dcretim portf\u00f6y\u00fcne<\/strong> katm\u0131\u015f olduk.<\/p>\n<p>Sanayide katma de\u011ferli \u00fcretime odaklanarak, gelece\u011fin i\u015f kollar\u0131ndan <strong>kompozitte<\/strong>, 4&#8217;\u00fcnc\u00fc \u015firket sat\u0131n almam\u0131z\u0131 <strong>Axiom Materials<\/strong> ile tamamlad\u0131k. B\u00f6ylece Kordsa, <strong>uzay ve sivil havac\u0131l\u0131k sekt\u00f6r\u00fcn\u00fcn<\/strong> \u00f6nemli oyuncular\u0131n\u0131n stratejik tedarik\u00e7isi haline geldi. T\u00fcrkiye\u2019deki yat\u0131r\u0131mlar\u0131m\u0131za da devam ediyoruz. <strong>Kordsa \u0130zmit fabrikas\u0131<\/strong>nda yeni nesil \u00fcretim yapacak ek polyester iplik yat\u0131r\u0131m\u0131n\u0131 bu y\u0131l devreye ald\u0131k. T\u00fcrkiye lastik pazar\u0131n\u0131n lideri <strong>Brisa<\/strong>\u2019y\u0131 lastik satan de\u011fil, <strong>mobilite \u00e7\u00f6z\u00fcmleri<\/strong> sa\u011flayan bir \u015firket olarak konumlamaya ba\u015flad\u0131\u011f\u0131m\u0131z 2019 y\u0131l\u0131nda, yenilik\u00e7i \u00fcretim \u00e7\u00f6z\u00fcmlerimizle b\u00fcy\u00fck ilerlemeler kaydettik. 2018 y\u0131l\u0131nda faaliyetine ba\u015flayan ve ak\u0131ll\u0131 fabrika donan\u0131m\u0131na sahip <strong>Aksaray<\/strong> ve <strong>\u0130zmit<\/strong> fabrikalar\u0131m\u0131zla <strong>sanal ger\u00e7eklik teknolojisini<\/strong> kullanarak \u00fcretim ger\u00e7ekle\u015ftirdik.<\/p>\n<p><strong>40 y\u0131l\u0131 a\u015fk\u0131n<\/strong> s\u00fcredir T\u00fcrkiye\u2019nin lider oyuncusu olarak varoldu\u011fumuz \u00e7imento sekt\u00f6r\u00fcnde beyaz \u00e7imentoda <strong>\u00c7imsa<\/strong> ile <strong>k\u00fcresel liderli\u011fe<\/strong> ko\u015fuyoruz. Ak\u00e7ansa\u2019da ise, lojistik avantaj\u0131m\u0131z ve etkin liman y\u00f6netimimizle 2019 itibar\u0131yla T\u00fcrkiye \u00e7imento <strong>tarihinin en y\u00fcksek ihracat\u0131n\u0131<\/strong> ger\u00e7ekle\u015ftirdik.<\/p>\n<p>Perakende i\u015f kolumuzda \u00e7oklu kanal deneyimine, <strong>m\u00fc\u015fteri ili\u015fkileri y\u00f6netimine, dijitalle\u015fmeye ve veri analiti\u011fine<\/strong> odakland\u0131k. Toplulu\u011fumuzun <strong>teknolojik d\u00f6n\u00fc\u015f\u00fcm\u00fcnde<\/strong> lokomotif g\u00f6revini \u00fcstlenen Sabanc\u0131Dx\u2019in dijital kamp\u00fcs\u00fc faaliyete ge\u00e7ti. Bu kamp\u00fcsten \u00e7\u0131kacak <strong>yenilik\u00e7i \u00e7\u00f6z\u00fcm ve yakla\u015f\u0131mlar\u0131n<\/strong> \u00f6n\u00fcm\u00fczdeki d\u00f6nemde dijital d\u00fcnyada bizi ayr\u0131\u015ft\u0131raca\u011f\u0131na inan\u0131yorum.<\/p>\n<p>T\u00fcm bu ba\u015far\u0131l\u0131 sonu\u00e7lar\u0131 elde etmemizi sa\u011flayan en \u00f6nemli unsurlardan biri de, Toplulu\u011fumuzun devam eden k\u00fclt\u00fcrel d\u00f6n\u00fc\u015f\u00fcm\u00fcd\u00fcr. En \u00f6nemli varl\u0131\u011f\u0131m\u0131z olan <strong>insan kayna\u011f\u0131m\u0131z\u0131n yetkinliklerini<\/strong> gelece\u011fin d\u00fcnyas\u0131na g\u00f6re<strong> geli\u015ftirerek ve ekosistemin g\u00fcc\u00fcnden<\/strong> faydalanarak \u00f6n\u00fcm\u00fczdeki d\u00f6nemde Toplulu\u011fumuza daha fazla de\u011fer kataca\u011f\u0131z\u201d.<\/p>\n<p><strong>Cenk Alper<\/strong> 2020 y\u0131l\u0131nda da <strong>Yeni Neslin Sabanc\u0131<\/strong>\u2019s\u0131 stratejik yol haritas\u0131yla uyumlu olarak ilerlemelerini s\u00fcrd\u00fcreceklerini ifade ederek, \u201c<strong>dinamik stratejik potf\u00f6y y\u00f6netimi, teknolojik ve k\u00fclt\u00fcrel d\u00f6n\u00fc\u015f\u00fcm<\/strong> oda\u011f\u0131m\u0131z olmaya devam edecek. <strong>Hisse performans\u0131 \u00f6nceli\u011fimizi<\/strong> koruyaca\u011f\u0131z. Uzun vadeli stratejimizde de yer alan<strong> \u00e7evre ve iklim de\u011fi\u015fikli\u011fini<\/strong> hassasiyetlerini \u00f6n planda tutarak; t\u00fcm faaliyetlerimizde <strong>s\u00fcrd\u00fcr\u00fclebilirlik sorumluluklar\u0131m\u0131z\u0131<\/strong> g\u00f6zetmeye devam edece\u011fiz\u201d dedi.<\/p>","protected":false},"excerpt":{"rendered":"<p>Sorry, this entry is only available in Turkish. For the sake of viewer convenience, the content is shown below in the alternative language. You may click the link to switch the active language. Sabanc\u0131 Holding, 2019 y\u0131l\u0131 finansal sonu\u00e7lar\u0131n\u0131 a\u00e7\u0131klad\u0131. Bu sonu\u00e7lar do\u011frultusunda, gelirlerini ge\u00e7en y\u0131la g\u00f6re % 10 art\u0131ran Toplulu\u011fun konsolide sat\u0131\u015flar\u0131 60 milyar [&hellip;]<\/p>\n","protected":false},"author":1,"featured_media":109127,"comment_status":"open","ping_status":"open","sticky":false,"template":"","format":"standard","meta":[],"categories":[51,53,52,157],"tags":[67629,52674,52259,46453,37825,35365,35002,53282,67631,1048,67630],"views":160,"_links":{"self":[{"href":"https:\/\/www.enerjigazetesi.ist\/en\/wp-json\/wp\/v2\/posts\/109123"}],"collection":[{"href":"https:\/\/www.enerjigazetesi.ist\/en\/wp-json\/wp\/v2\/posts"}],"about":[{"href":"https:\/\/www.enerjigazetesi.ist\/en\/wp-json\/wp\/v2\/types\/post"}],"author":[{"embeddable":true,"href":"https:\/\/www.enerjigazetesi.ist\/en\/wp-json\/wp\/v2\/users\/1"}],"replies":[{"embeddable":true,"href":"https:\/\/www.enerjigazetesi.ist\/en\/wp-json\/wp\/v2\/comments?post=109123"}],"version-history":[{"count":1,"href":"https:\/\/www.enerjigazetesi.ist\/en\/wp-json\/wp\/v2\/posts\/109123\/revisions"}],"predecessor-version":[{"id":109124,"href":"https:\/\/www.enerjigazetesi.ist\/en\/wp-json\/wp\/v2\/posts\/109123\/revisions\/109124"}],"wp:featuredmedia":[{"embeddable":true,"href":"https:\/\/www.enerjigazetesi.ist\/en\/wp-json\/wp\/v2\/media\/109127"}],"wp:attachment":[{"href":"https:\/\/www.enerjigazetesi.ist\/en\/wp-json\/wp\/v2\/media?parent=109123"}],"wp:term":[{"taxonomy":"category","embeddable":true,"href":"https:\/\/www.enerjigazetesi.ist\/en\/wp-json\/wp\/v2\/categories?post=109123"},{"taxonomy":"post_tag","embeddable":true,"href":"https:\/\/www.enerjigazetesi.ist\/en\/wp-json\/wp\/v2\/tags?post=109123"}],"curies":[{"name":"wp","href":"https:\/\/api.w.org\/{rel}","templated":true}]}}