{"id":109117,"date":"2020-02-25T11:42:44","date_gmt":"2020-02-25T08:42:44","guid":{"rendered":"https:\/\/www.enerjigazetesi.ist\/?p=109117"},"modified":"2020-02-25T11:44:27","modified_gmt":"2020-02-25T08:44:27","slug":"lg-turkiye-iklimlendirme-ve-enerji-cozumlerinde-bayilik-sistemine-yogunlasacak","status":"publish","type":"post","link":"https:\/\/www.enerjigazetesi.ist\/en\/lg-turkiye-iklimlendirme-ve-enerji-cozumlerinde-bayilik-sistemine-yogunlasacak\/","title":{"rendered":"(Turkish) &#8217;LG&#8217; \u0130klimlendirme ve Enerji \u00c7\u00f6z\u00fcmlerinde Bayilik Sistemine Yo\u011funla\u015facak"},"content":{"rendered":"<p class=\"qtranxs-available-languages-message qtranxs-available-languages-message-en\">Sorry, this entry is only available in <a href=\"https:\/\/www.enerjigazetesi.ist\/tr\/wp-json\/wp\/v2\/posts\/109117\" class=\"qtranxs-available-language-link qtranxs-available-language-link-tr\" title=\"Turkish\">Turkish<\/a>. For the sake of viewer convenience, the content is shown below in the alternative language. You may click the link to switch the active language.<\/p><p><\/p>\n<h1><strong>LG Electronics (LG) iklimlendirme ve enerji \u00e7\u00f6z\u00fcmleri alan\u0131ndaki yeni \u00fcr\u00fcnlerinin yan\u0131 s\u0131ra, 2020 strateji ve yap\u0131lanma planlar\u0131n\u0131 Antalya\u2019da d\u00fczenledi\u011fi bir toplant\u0131yla i\u015f ortaklar\u0131na anlatt\u0131. LG, 2020\u2019de \u00e7evreci bak\u0131\u015f a\u00e7\u0131s\u0131yla geli\u015ftirdi\u011fi, Enerji verimli, \u00fcst\u00fcn \u0131s\u0131tma ve so\u011futma kapasiteli \u00fcr\u00fcnlerini son kullan\u0131c\u0131ya bire bir temas ederek anlatmak amac\u0131yla, bayilik sistemine a\u011f\u0131rl\u0131k vererek T\u00fcrkiye\u2019nin d\u00f6rt bir yan\u0131nda bayilik yap\u0131lanmas\u0131na gidecek.<\/strong><\/h1>\n<p><strong>LG Electronics (LG)<\/strong>, Antalya\u2019da d\u00fczenledi\u011fi toplant\u0131da<strong> iklimlendirme ve enerji \u00e7\u00f6z\u00fcmleri<\/strong> <img loading=\"lazy\" class=\"alignright wp-image-109119\" src=\"https:\/\/www.enerjigazetesi.ist\/wp-content\/uploads\/2020\/02\/lg-turkiye-iklimlendirme-ve-enerji-cozumlerinde-bayilik-sistemine-yogunlasacak-2.jpg\" alt=\"\" width=\"320\" height=\"214\" srcset=\"https:\/\/www.enerjigazetesi.ist\/wp-content\/uploads\/2020\/02\/lg-turkiye-iklimlendirme-ve-enerji-cozumlerinde-bayilik-sistemine-yogunlasacak-2.jpg 731w, https:\/\/www.enerjigazetesi.ist\/wp-content\/uploads\/2020\/02\/lg-turkiye-iklimlendirme-ve-enerji-cozumlerinde-bayilik-sistemine-yogunlasacak-2-300x200.jpg 300w, https:\/\/www.enerjigazetesi.ist\/wp-content\/uploads\/2020\/02\/lg-turkiye-iklimlendirme-ve-enerji-cozumlerinde-bayilik-sistemine-yogunlasacak-2-500x334.jpg 500w, https:\/\/www.enerjigazetesi.ist\/wp-content\/uploads\/2020\/02\/lg-turkiye-iklimlendirme-ve-enerji-cozumlerinde-bayilik-sistemine-yogunlasacak-2-75x50.jpg 75w, https:\/\/www.enerjigazetesi.ist\/wp-content\/uploads\/2020\/02\/lg-turkiye-iklimlendirme-ve-enerji-cozumlerinde-bayilik-sistemine-yogunlasacak-2-450x300.jpg 450w\" sizes=\"(max-width: 320px) 100vw, 320px\" \/>alan\u0131ndaki i\u015f ortaklar\u0131yla bir araya geldi. Ba\u015fta, <strong>\u0130stanbul, \u0130zmir, Antalya, Adana<\/strong> olmak \u00fczere farkl\u0131 \u015fehirlerden <strong>97 i\u015f orta\u011f\u0131<\/strong> ve bayiinin kat\u0131ld\u0131\u011f\u0131 toplant\u0131yaa <strong>LG Electronics T\u00fcrkiye<\/strong>\u2019den \u0130klimlendirme ve Enerji \u00c7\u00f6z\u00fcmleri B\u00f6l\u00fcm Ba\u015fkan\u0131 <strong>James Park<\/strong>, Bireysel ve Ticari Klima Sat\u0131\u015f M\u00fcd\u00fcr\u00fc <strong>Vedat \u015eahin<\/strong>, Ticari Klima Sat\u0131\u015f M\u00fcd\u00fcr\u00fc <strong>S\u00fcleyman \u00c7avu\u015fo\u011flu<\/strong>, Ticari Klima Sat\u0131\u015f M\u00fcd\u00fcr Yard\u0131mc\u0131s\u0131 <strong>Emrah Akdeniz<\/strong>, ve Ticari Klima Sat\u0131\u015f M\u00fcd\u00fcr Yard\u0131mc\u0131s\u0131 <strong>Hakan Saliho\u011flu<\/strong> kat\u0131larak hem sekt\u00f6r de\u011ferlendirmesi yapt\u0131lar, hem de <strong>LG T\u00fcrkiye<\/strong>\u2019nin <strong>iklimlendirme ve enerji \u00e7\u00f6z\u00fcmleri<\/strong> alan\u0131ndaki 2020 planlar\u0131ndan bahsettiler.<\/p>\n<h2><strong>LG \u0130klimlendirme Sistemleri Alan\u0131nda, 2020\u2019de Bayilik Sistemiyle B\u00fcy\u00fcyecek<\/strong><\/h2>\n<p>Toplant\u0131da s\u00f6z alan <strong>LG Electronics T\u00fcrkiye Klima ve Enerji \u00c7\u00f6z\u00fcmleri<\/strong> B\u00f6l\u00fcm Ba\u015fkan\u0131 <strong>James Park<\/strong>, \u201cAr-ge \u00e7al\u0131\u015fmalar\u0131m\u0131z sonucu \u00fcretti\u011fimiz, maksimum \u0131<strong>s\u0131tma ve so\u011futma kapasiteli, enerji verimli \u00fcr\u00fcnler<\/strong>imizi , sizlerin deste\u011fiyle t\u00fcketicilerimizle bulu\u015fturmak istiyoruz. \u0130\u015fte tam da bu noktada, art\u0131k bizlere daha \u00e7ok g\u00f6rev d\u00fc\u015f\u00fcyor. LG olarak t\u00fcketicilerimize direkt dokunmak amac\u0131yla yeni d\u00f6nemde yap\u0131lanmam\u0131z\u0131 biraz daha farkl\u0131la\u015ft\u0131rarak, <strong>bayilik sistemi<\/strong>ne a\u011f\u0131rl\u0131k verece\u011fiz. Bayii kanad\u0131m\u0131z\u0131 <strong>g\u00fc\u00e7lendirecek, pazarlama aktivitelerine ve promosyonlara<\/strong> a\u011f\u0131rl\u0131k verece\u011fiz\u201d dedi.<\/p>\n<p>Bireysel ve Ticari Klima Sat\u0131\u015f M\u00fcd\u00fcr\u00fc <strong>Vedat \u015eahin<\/strong> ise, 2020 y\u0131l\u0131nda t\u00fcketicilerle daha fazla bir arada olacaklar\u0131 projeler planlad\u0131klar\u0131n\u0131 belirterek \u201c<strong>2020 y\u0131l\u0131 LG Electronics \u0130klimlendirme ve Enerji \u00c7\u00f6z\u00fcmleri<\/strong>nin t\u00fcketicileri ile bir arada ge\u00e7irece\u011fi bir y\u0131l olacak. T\u00fcketicilerimize direkt hitap edece\u011fimiz bir \u00e7ok aktivite planlad\u0131k, sekt\u00f6rdeki g\u00fcc\u00fcm\u00fcz\u00fc bire bir ileti\u015fimle anlataca\u011f\u0131z. 2020 i\u015f plan\u0131m\u0131zdaki de\u011fi\u015fimin verdi\u011fi heyecanla kar\u015f\u0131l\u0131kl\u0131 etkile\u015fimin getirece\u011fi <strong>kazan\u00e7l\u0131 bir plan y\u00fcr\u00fctmeyi<\/strong> hedefliyoruz\u201d dedi.<\/p>\n<h2><strong>LG\u2019den Her \u0130htiyaca Uygun \u0130klimlendirme \u00c7\u00f6z\u00fcmleri<\/strong><\/h2>\n<p><strong>Bireysel ve ticari iklimlendirme \u00e7\u00f6z\u00fcmleri<\/strong> alan\u0131nda yeni \u00fcr\u00fcnlerle ilgili bilgilerin payla\u015f\u0131ld\u0131\u011f\u0131 toplant\u0131da, LG\u2019nin \u00e7evre sorumlulu\u011fu bilinciyle, <strong>enerji verimli, y\u00fcksek \u0131s\u0131tma ve so\u011futma kapasitesine sahip<\/strong> \u00fcr\u00fcnleri tan\u0131t\u0131ld\u0131. LG\u2019nin <strong>2020 \u0130klimlendirme ve Enerji \u00c7\u00f6z\u00fcmleri<\/strong> alan\u0131nda <strong>Therma V ve Multi V Klimalar,Yar\u0131 Ticari Klimalar Ev Tipi Split Klimalar<\/strong> bulunuyor.<\/p>\n<p>LG\u2019nin yenilik\u00e7i ve \u00e7evre dostu <strong>R32 so\u011futucuya<\/strong> sahip \u0131s\u0131tma sistemi <strong>THERMA V Monoblok<\/strong> ve <strong>Split Is\u0131 Pompas\u0131<\/strong>, kullan\u0131m <strong>s\u0131cak suyu, yerden \u0131s\u0131tma veya radyat\u00f6re<\/strong> kadar bir\u00e7ok \u0131s\u0131tma \u00e7\u00f6z\u00fcmleri ile kullan\u0131labiliyor. Geleneksel bir <strong>kazan sisteminin<\/strong> yerini alan ve do\u011frudan su tesisat\u0131na ba\u011flanan <strong>THERMA V R32 Monoblok ve Split Is\u0131 Pompas\u0131, enerji verimlili\u011fi,kolay kontrol, Wi-Fi<\/strong> gibi ileri teknoloji \u00f6zellikleriyle kullan\u0131c\u0131 memnuniyetini garanti ediyor.<\/p>\n<p><strong>VRF<\/strong> sistemli <strong>MULTI V ise, VRF<\/strong>&#8216;nin verimlili\u011fi i\u00e7in hayati \u00f6neme sahip olan <strong>LG<\/strong>&#8216;nin en g\u00fc\u00e7l\u00fc <strong>invert\u00f6r kompres\u00f6rleri<\/strong> ile g\u00fc\u00e7l\u00fc ve g\u00fcvenilir bir \u00e7\u00f6z\u00fcm sunuyor. <strong>LG invert\u00f6r teknolojisi<\/strong>, her ko\u015fulda maksimum verim, geni\u015f frekans aral\u0131\u011f\u0131nda \u00e7al\u0131\u015fma imkan\u0131 ve geli\u015fmi\u015f bir <strong>kompres\u00f6r g\u00fcvenilirli\u011fi<\/strong> sa\u011fl\u0131yor.<\/p>\n<p><strong>Salon tipi ve tavana gizlenmi\u015f \u00fcniteleriyle<\/strong> her ortama uyum sa\u011flayan <strong>LG Ticari Klimalar<\/strong> ise, <strong>ak\u0131ll\u0131 inverter \u00f6zelli\u011fi, sa\u011flad\u0131\u011f\u0131 enerji tasarrufu ve \u00fcst d\u00fczey enerji verimlili\u011fi<\/strong> ile dikkatleri \u00e7ekiyor. G\u00fc\u00e7l\u00fc <strong>\u0131s\u0131tma ve so\u011futma kapasiteleriyle<\/strong> ger\u00e7ek bir konfor sunuyor.<\/p>","protected":false},"excerpt":{"rendered":"<p>Sorry, this entry is only available in Turkish. For the sake of viewer convenience, the content is shown below in the alternative language. You may click the link to switch the active language. LG Electronics (LG) iklimlendirme ve enerji \u00e7\u00f6z\u00fcmleri alan\u0131ndaki yeni \u00fcr\u00fcnlerinin yan\u0131 s\u0131ra, 2020 strateji ve yap\u0131lanma planlar\u0131n\u0131 Antalya\u2019da d\u00fczenledi\u011fi bir toplant\u0131yla i\u015f [&hellip;]<\/p>\n","protected":false},"author":1,"featured_media":109120,"comment_status":"open","ping_status":"open","sticky":false,"template":"","format":"standard","meta":[],"categories":[51,53,52],"tags":[67625,52674,52259,58103,67624,67627,67623,67626,51163,67628,67622,793],"views":132,"_links":{"self":[{"href":"https:\/\/www.enerjigazetesi.ist\/en\/wp-json\/wp\/v2\/posts\/109117"}],"collection":[{"href":"https:\/\/www.enerjigazetesi.ist\/en\/wp-json\/wp\/v2\/posts"}],"about":[{"href":"https:\/\/www.enerjigazetesi.ist\/en\/wp-json\/wp\/v2\/types\/post"}],"author":[{"embeddable":true,"href":"https:\/\/www.enerjigazetesi.ist\/en\/wp-json\/wp\/v2\/users\/1"}],"replies":[{"embeddable":true,"href":"https:\/\/www.enerjigazetesi.ist\/en\/wp-json\/wp\/v2\/comments?post=109117"}],"version-history":[{"count":0,"href":"https:\/\/www.enerjigazetesi.ist\/en\/wp-json\/wp\/v2\/posts\/109117\/revisions"}],"wp:featuredmedia":[{"embeddable":true,"href":"https:\/\/www.enerjigazetesi.ist\/en\/wp-json\/wp\/v2\/media\/109120"}],"wp:attachment":[{"href":"https:\/\/www.enerjigazetesi.ist\/en\/wp-json\/wp\/v2\/media?parent=109117"}],"wp:term":[{"taxonomy":"category","embeddable":true,"href":"https:\/\/www.enerjigazetesi.ist\/en\/wp-json\/wp\/v2\/categories?post=109117"},{"taxonomy":"post_tag","embeddable":true,"href":"https:\/\/www.enerjigazetesi.ist\/en\/wp-json\/wp\/v2\/tags?post=109117"}],"curies":[{"name":"wp","href":"https:\/\/api.w.org\/{rel}","templated":true}]}}