{"id":109076,"date":"2020-02-24T13:23:36","date_gmt":"2020-02-24T10:23:36","guid":{"rendered":"https:\/\/www.enerjigazetesi.ist\/?p=109076"},"modified":"2020-02-24T13:23:43","modified_gmt":"2020-02-24T10:23:43","slug":"yurt-madenciligini-gelistirme-vakfi-bakan-donmezi-makaminda-ziyaret-etti","status":"publish","type":"post","link":"https:\/\/www.enerjigazetesi.ist\/en\/yurt-madenciligini-gelistirme-vakfi-bakan-donmezi-makaminda-ziyaret-etti\/","title":{"rendered":"(Turkish) Yurt Madencili\u011fini Geli\u015ftirme Vakf\u0131 Bakan D\u00f6nmez\u2019i Makam\u0131nda Ziyaret Etti"},"content":{"rendered":"<p class=\"qtranxs-available-languages-message qtranxs-available-languages-message-en\">Sorry, this entry is only available in <a href=\"https:\/\/www.enerjigazetesi.ist\/tr\/wp-json\/wp\/v2\/posts\/109076\" class=\"qtranxs-available-language-link qtranxs-available-language-link-tr\" title=\"Turkish\">Turkish<\/a>. For the sake of viewer convenience, the content is shown below in the alternative language. You may click the link to switch the active language.<\/p><p><\/p>\n<h1>Yurt Madencili\u011fini Geli\u015ftirme Vakf\u0131 taraf\u0131ndan Enerji ve Tabii Kaynaklar Bakan\u0131 Fatih D\u00f6nmez makam\u0131nda ziyaret edildi.<\/h1>\n<p><strong>Enerji ve Tabii Kaynaklar Bakanl\u0131\u011f\u0131<\/strong> binas\u0131nda ger\u00e7ekle\u015ftirilen ziyarete Yurt Madencili\u011fini <img loading=\"lazy\" class=\"alignright wp-image-109078\" src=\"https:\/\/www.enerjigazetesi.ist\/wp-content\/uploads\/2020\/02\/yurt-madenciligini-gelistirme-vakfi-bakan-donmezi-makaminda-ziyaret-etti.jpeg\" alt=\"\" width=\"320\" height=\"213\" srcset=\"https:\/\/www.enerjigazetesi.ist\/wp-content\/uploads\/2020\/02\/yurt-madenciligini-gelistirme-vakfi-bakan-donmezi-makaminda-ziyaret-etti.jpeg 658w, https:\/\/www.enerjigazetesi.ist\/wp-content\/uploads\/2020\/02\/yurt-madenciligini-gelistirme-vakfi-bakan-donmezi-makaminda-ziyaret-etti-300x199.jpeg 300w, https:\/\/www.enerjigazetesi.ist\/wp-content\/uploads\/2020\/02\/yurt-madenciligini-gelistirme-vakfi-bakan-donmezi-makaminda-ziyaret-etti-500x332.jpeg 500w, https:\/\/www.enerjigazetesi.ist\/wp-content\/uploads\/2020\/02\/yurt-madenciligini-gelistirme-vakfi-bakan-donmezi-makaminda-ziyaret-etti-75x50.jpeg 75w, https:\/\/www.enerjigazetesi.ist\/wp-content\/uploads\/2020\/02\/yurt-madenciligini-gelistirme-vakfi-bakan-donmezi-makaminda-ziyaret-etti-450x300.jpeg 450w\" sizes=\"(max-width: 320px) 100vw, 320px\" \/>Geli\u015ftirme Vakf\u0131 Ba\u015fkan\u0131 <strong>Prof.Dr.G\u00fcven \u00d6nal<\/strong>, Y\u00f6netim Kurulu \u00dcyeleri <strong>\u0130brahim Halil K\u0131r\u015fan<\/strong>, <strong>Mehmet Y\u0131lmaz<\/strong> ile Ankara Temsilcisi <strong>O\u011fuz G\u00fcner<\/strong> kat\u0131ld\u0131. Yap\u0131lan g\u00f6r\u00fc\u015fmede Enerji ve Tabii Kaynaklar Bakan Yard\u0131mc\u0131s\u0131 <strong>Prof.Dr.\u015eeref Kalayc\u0131<\/strong> da yer ald\u0131.<\/p>\n<p><strong>Madencilik Sekt\u00f6r\u00fcn\u00fcn sorunlar\u0131<\/strong>n\u0131n konu\u015fuldu\u011fu g\u00f6r\u00fc\u015fmede bu y\u0131l i\u00e7erisinde yap\u0131lmas\u0131 \u00f6ng\u00f6r\u00fclen <strong>Madencilik \u015euras\u0131<\/strong> ile haz\u0131rl\u0131klar\u0131 devam eden <strong>Maden Kanunu \u00e7al\u0131\u015fmalar\u0131<\/strong> ele al\u0131nd\u0131. Vak\u0131f Ba\u015fkan\u0131 <strong>Prof.Dr.G\u00fcven \u00d6nal<\/strong> vakf\u0131n \u00fclkemiz madencilik sekt\u00f6r\u00fcn\u00fcn geli\u015ftirilmesine y\u00f6nelik faaliyetleri hakk\u0131nda bilgiler verirken,\u00a0Enerji ve Tabii Kaynaklar\u00a0Bakan\u0131 <strong>Fatih D\u00f6nmez<\/strong> ise her zaman <strong>madencilik sekt\u00f6r\u00fcn\u00fcn yan\u0131nda yer ald\u0131klar\u0131n\u0131<\/strong> ve sekt\u00f6re <strong>bir ivme kazand\u0131rmak<\/strong> istediklerini dile getirdi.<\/p>","protected":false},"excerpt":{"rendered":"<p>Sorry, this entry is only available in Turkish. For the sake of viewer convenience, the content is shown below in the alternative language. You may click the link to switch the active language. Yurt Madencili\u011fini Geli\u015ftirme Vakf\u0131 taraf\u0131ndan Enerji ve Tabii Kaynaklar Bakan\u0131 Fatih D\u00f6nmez makam\u0131nda ziyaret edildi. Enerji ve Tabii Kaynaklar Bakanl\u0131\u011f\u0131 binas\u0131nda ger\u00e7ekle\u015ftirilen [&hellip;]<\/p>\n","protected":false},"author":1,"featured_media":109078,"comment_status":"open","ping_status":"open","sticky":false,"template":"","format":"standard","meta":[],"categories":[51,53,24649],"tags":[52259,1972,1635,27530,67533,53315,67531,67532,67534,9884,9965],"views":227,"_links":{"self":[{"href":"https:\/\/www.enerjigazetesi.ist\/en\/wp-json\/wp\/v2\/posts\/109076"}],"collection":[{"href":"https:\/\/www.enerjigazetesi.ist\/en\/wp-json\/wp\/v2\/posts"}],"about":[{"href":"https:\/\/www.enerjigazetesi.ist\/en\/wp-json\/wp\/v2\/types\/post"}],"author":[{"embeddable":true,"href":"https:\/\/www.enerjigazetesi.ist\/en\/wp-json\/wp\/v2\/users\/1"}],"replies":[{"embeddable":true,"href":"https:\/\/www.enerjigazetesi.ist\/en\/wp-json\/wp\/v2\/comments?post=109076"}],"version-history":[{"count":0,"href":"https:\/\/www.enerjigazetesi.ist\/en\/wp-json\/wp\/v2\/posts\/109076\/revisions"}],"wp:featuredmedia":[{"embeddable":true,"href":"https:\/\/www.enerjigazetesi.ist\/en\/wp-json\/wp\/v2\/media\/109078"}],"wp:attachment":[{"href":"https:\/\/www.enerjigazetesi.ist\/en\/wp-json\/wp\/v2\/media?parent=109076"}],"wp:term":[{"taxonomy":"category","embeddable":true,"href":"https:\/\/www.enerjigazetesi.ist\/en\/wp-json\/wp\/v2\/categories?post=109076"},{"taxonomy":"post_tag","embeddable":true,"href":"https:\/\/www.enerjigazetesi.ist\/en\/wp-json\/wp\/v2\/tags?post=109076"}],"curies":[{"name":"wp","href":"https:\/\/api.w.org\/{rel}","templated":true}]}}