{"id":109039,"date":"2020-02-24T11:26:31","date_gmt":"2020-02-24T08:26:31","guid":{"rendered":"https:\/\/www.enerjigazetesi.ist\/?p=109039"},"modified":"2020-02-24T11:26:31","modified_gmt":"2020-02-24T08:26:31","slug":"aydem-yenilenebilir-enerji-bm-kuresel-ilkeler-sozlesmesine-imza-atti","status":"publish","type":"post","link":"https:\/\/www.enerjigazetesi.ist\/en\/aydem-yenilenebilir-enerji-bm-kuresel-ilkeler-sozlesmesine-imza-atti\/","title":{"rendered":"(Turkish) &#8217;Aydem Yenilenebilir Enerji&#8217; BM K\u00fcresel \u0130lkeler S\u00f6zle\u015fmesi&#8217;ne \u0130mza Att\u0131"},"content":{"rendered":"<p class=\"qtranxs-available-languages-message qtranxs-available-languages-message-en\">Sorry, this entry is only available in <a href=\"https:\/\/www.enerjigazetesi.ist\/tr\/wp-json\/wp\/v2\/posts\/109039\" class=\"qtranxs-available-language-link qtranxs-available-language-link-tr\" title=\"Turkish\">Turkish<\/a>. For the sake of viewer convenience, the content is shown below in the alternative language. You may click the link to switch the active language.<\/p><p><\/p>\n<h1><strong>T\u00fcrkiye\u2019nin \u00f6nc\u00fc entegre enerji \u015firketi Aydem Enerji\u2019nin yenilenebilir enerji alan\u0131nda faaliyet g\u00f6steren \u015firketi Aydem Yenilenebilir Enerji, s\u00fcrd\u00fcr\u00fclebilirlik vizyonu do\u011frultusunda, i\u015f d\u00fcnyas\u0131n\u0131n gelece\u011fine y\u00f6n verecek evrensel ilkeler \u00f6neren d\u00fcnyan\u0131n en kapsaml\u0131 s\u00fcrd\u00fcr\u00fclebilirlik platformu BM K\u00fcresel \u0130lkeler S\u00f6zle\u015fmesi\u2019nin imzac\u0131s\u0131 oldu.<\/strong><\/h1>\n<p><strong>Yenilenebilir enerji \u00fcretimi<\/strong>nde T\u00fcrkiye\u2019nin <strong>3&#8217;\u00fcnc\u00fc b\u00fcy\u00fck portf\u00f6y\u00fcne<\/strong> sahip <strong>Aydem <img loading=\"lazy\" class=\"alignright wp-image-109042\" src=\"https:\/\/www.enerjigazetesi.ist\/wp-content\/uploads\/2020\/02\/aydem-yenilenebilir-enerji-bm-kuresel-ilkeler-sozlesmesine-imza-atti.jpg\" alt=\"\" width=\"320\" height=\"339\" srcset=\"https:\/\/www.enerjigazetesi.ist\/wp-content\/uploads\/2020\/02\/aydem-yenilenebilir-enerji-bm-kuresel-ilkeler-sozlesmesine-imza-atti.jpg 461w, https:\/\/www.enerjigazetesi.ist\/wp-content\/uploads\/2020\/02\/aydem-yenilenebilir-enerji-bm-kuresel-ilkeler-sozlesmesine-imza-atti-283x300.jpg 283w, https:\/\/www.enerjigazetesi.ist\/wp-content\/uploads\/2020\/02\/aydem-yenilenebilir-enerji-bm-kuresel-ilkeler-sozlesmesine-imza-atti-378x400.jpg 378w, https:\/\/www.enerjigazetesi.ist\/wp-content\/uploads\/2020\/02\/aydem-yenilenebilir-enerji-bm-kuresel-ilkeler-sozlesmesine-imza-atti-47x50.jpg 47w\" sizes=\"(max-width: 320px) 100vw, 320px\" \/>Yenilenebilir Enerji<\/strong>, 160\u2019tan fazla \u00fclkede <strong>9 bin 500\u2019\u00fcn<\/strong> \u00fczerinde \u015firket \u00fcyesi bulunan ve d\u00fcnyan\u0131n en b\u00fcy\u00fck s\u00fcrd\u00fcr\u00fclebilirlik giri\u015fimi olan <strong>Birle\u015fmi\u015f Milletler K\u00fcresel \u0130lkeler S\u00f6zle\u015fmesi<\/strong>\u2019ni (UN Global Compact) imzalayarak gelecek i\u00e7in \u00e7ok \u00f6nemli bir ad\u0131m att\u0131.<\/p>\n<p>Enerji sekt\u00f6r\u00fcnde <strong>\u2018s\u00fcrd\u00fcr\u00fclebilir\u2019, \u2018yenilik\u00e7i\u2019 ve \u2018insan odakl\u0131\u2019yakla\u015f\u0131m\u0131yla<\/strong> toplumun gelece\u011fi i\u00e7in 25 y\u0131ld\u0131r \u00e7al\u0131\u015fmalar\u0131na devam eden <strong>Aydem Yenilenebilir Enerji<\/strong>, s\u00f6zle\u015fmenin imzac\u0131s\u0131 olmakla t\u00fcm i\u015f s\u00fcre\u00e7lerinde <strong>BM K\u00fcresel \u0130lkeler S\u00f6zle\u015fmesi\u2019nde<\/strong> yer alan <strong>10 maddelik ilkelerine uymay\u0131<\/strong> taahh\u00fct etmi\u015f oldu. \u015eirket, \u00e7al\u0131\u015fmalar\u0131n\u0131<strong> her y\u0131l raporlayarak<\/strong> taahh\u00fctlerini yerine getirdi\u011fini kan\u0131tlam\u0131\u015f olacak.<\/p>\n<p><strong>\u0130nsan haklar\u0131, \u00e7al\u0131\u015fma standartlar\u0131, \u00e7evre ve yolsuzlukla m\u00fccadele<\/strong> alan\u0131nda 10 ilkeye dayanan <strong>Birle\u015fmi\u015f Milletler K\u00fcresel \u0130lkeler S\u00f6zle\u015fmesi<\/strong>, i\u015f d\u00fcnyas\u0131n\u0131n en kapsaml\u0131 <strong>s\u00fcrd\u00fcr\u00fclebilirlik platformu<\/strong> olarak \u00f6ne \u00e7\u0131k\u0131yor. \u00dcye \u015firketler her y\u0131l bu <strong>10 ilkeye<\/strong> ili\u015fkin uygulamalar\u0131 <strong>uluslararas\u0131 standartlarda<\/strong> kamuoyu ile payla\u015f\u0131yorlar.<\/p>\n<h2><strong>\u201cBM K\u00fcresel \u0130lkeler S\u00f6zle\u015fmesi\u2019nin imzac\u0131s\u0131 olmaktan mutluluk duyuyoruz\u201d<\/strong><\/h2>\n<p><strong>K\u00fcresel \u0130lkeler S\u00f6zle\u015fmesi<\/strong>\u2019nin imzac\u0131s\u0131 olmalar\u0131yla ilgili de\u011ferlendirmelerde bulunan <strong>Aydem Yenilenebilir Enerji Y\u00f6netim Kurulu Ba\u015fkan\u0131 \u0130dris K\u00fcpeli,<\/strong> bug\u00fcn\u00fcn ihtiya\u00e7lar\u0131 i\u00e7in daha verimli \u00e7\u00f6z\u00fcmler sunarken bir taraftan da <strong>toplumun ve gelecek nesillerin ihtiya\u00e7lar\u0131n\u0131n<\/strong> s\u00fcrd\u00fcr\u00fclebilirli\u011fini g\u00f6zeten yakla\u015f\u0131mlar geli\u015ftirdiklerini s\u00f6yledi.<\/p>\n<p>K\u00fcpeli s\u00f6zlerini \u015f\u00f6yle s\u00fcrd\u00fcrd\u00fc; \u201c<strong>Uluslararas\u0131 y\u00f6netim standartlar\u0131n\u0131<\/strong> t\u00fcm i\u015f s\u00fcre\u00e7lerinde etkili \u015fekilde uygulayan, payda\u015flar\u0131 i\u00e7in <strong>de\u011fer \u00fcreten, insan odakl\u0131 ve ekosistemine zenginlik katan<\/strong> kurum olma kimli\u011fimizi peki\u015ftirecek b\u00f6yle bir ad\u0131m\u0131 atmaktan mutluluk duyuyoruz. Her alanda <strong>s\u00fcrd\u00fcr\u00fclebilir b\u00fcy\u00fcmeyi<\/strong> sa\u011flamak elbette ki hem kurum hem de sekt\u00f6r olarak en \u00f6nemli sorumlulu\u011fumuz. Bu s\u00fcre\u00e7te,<strong> insan haklar\u0131na sayg\u0131l\u0131, y\u00fcksek \u00e7al\u0131\u015fma standartlar\u0131na uyumlu ve \u00e7evresel hassasiyetlere<\/strong> kar\u015f\u0131 duyarl\u0131 bir \u015firket olmak \u00f6nceli\u011fimiz. Bu imzayla <strong>Birle\u015fmi\u015f Milletler<\/strong> taraf\u0131ndan belirlenen bu <strong>\u201810 ilke\u2019<\/strong>ye uyaca\u011f\u0131m\u0131z\u0131n s\u00f6z\u00fcn\u00fc verdik. Dokundu\u011fumuz t\u00fcm payda\u015flara kar\u015f\u0131 duydu\u011fumuz <strong>sorumluluk gere\u011fi, evrensel olarak kabul g\u00f6rm\u00fc\u015f 10 ilkeyi<\/strong> kapsayan <strong>K\u00fcresel \u0130lkeler S\u00f6zle\u015fmesi<\/strong>\u2019nin par\u00e7as\u0131 olmaktan gururluyuz\u201d.<\/p>","protected":false},"excerpt":{"rendered":"<p>Sorry, this entry is only available in Turkish. For the sake of viewer convenience, the content is shown below in the alternative language. You may click the link to switch the active language. T\u00fcrkiye\u2019nin \u00f6nc\u00fc entegre enerji \u015firketi Aydem Enerji\u2019nin yenilenebilir enerji alan\u0131nda faaliyet g\u00f6steren \u015firketi Aydem Yenilenebilir Enerji, s\u00fcrd\u00fcr\u00fclebilirlik vizyonu do\u011frultusunda, i\u015f d\u00fcnyas\u0131n\u0131n gelece\u011fine [&hellip;]<\/p>\n","protected":false},"author":1,"featured_media":109043,"comment_status":"open","ping_status":"open","sticky":false,"template":"","format":"standard","meta":[],"categories":[51,53,50],"tags":[67509,67505,1350,50790,10165,53114,52259,39053,18049,35002,53282,57125,37032,67506,54979,67507,67508,50397,3504],"views":144,"_links":{"self":[{"href":"https:\/\/www.enerjigazetesi.ist\/en\/wp-json\/wp\/v2\/posts\/109039"}],"collection":[{"href":"https:\/\/www.enerjigazetesi.ist\/en\/wp-json\/wp\/v2\/posts"}],"about":[{"href":"https:\/\/www.enerjigazetesi.ist\/en\/wp-json\/wp\/v2\/types\/post"}],"author":[{"embeddable":true,"href":"https:\/\/www.enerjigazetesi.ist\/en\/wp-json\/wp\/v2\/users\/1"}],"replies":[{"embeddable":true,"href":"https:\/\/www.enerjigazetesi.ist\/en\/wp-json\/wp\/v2\/comments?post=109039"}],"version-history":[{"count":0,"href":"https:\/\/www.enerjigazetesi.ist\/en\/wp-json\/wp\/v2\/posts\/109039\/revisions"}],"wp:featuredmedia":[{"embeddable":true,"href":"https:\/\/www.enerjigazetesi.ist\/en\/wp-json\/wp\/v2\/media\/109043"}],"wp:attachment":[{"href":"https:\/\/www.enerjigazetesi.ist\/en\/wp-json\/wp\/v2\/media?parent=109039"}],"wp:term":[{"taxonomy":"category","embeddable":true,"href":"https:\/\/www.enerjigazetesi.ist\/en\/wp-json\/wp\/v2\/categories?post=109039"},{"taxonomy":"post_tag","embeddable":true,"href":"https:\/\/www.enerjigazetesi.ist\/en\/wp-json\/wp\/v2\/tags?post=109039"}],"curies":[{"name":"wp","href":"https:\/\/api.w.org\/{rel}","templated":true}]}}