{"id":108975,"date":"2020-02-23T14:54:37","date_gmt":"2020-02-23T11:54:37","guid":{"rendered":"https:\/\/www.enerjigazetesi.ist\/?p=108975"},"modified":"2020-02-23T15:09:27","modified_gmt":"2020-02-23T12:09:27","slug":"aydinda-5inci-geleneksel-agac-dikme-senligi-yapildi","status":"publish","type":"post","link":"https:\/\/www.enerjigazetesi.ist\/en\/aydinda-5inci-geleneksel-agac-dikme-senligi-yapildi\/","title":{"rendered":"(Turkish) Ayd\u0131n&#8217;da 5&#8217;inci Geleneksel A\u011fa\u00e7 Dikme \u015eenli\u011fi Yap\u0131ld\u0131"},"content":{"rendered":"<p class=\"qtranxs-available-languages-message qtranxs-available-languages-message-en\">Sorry, this entry is only available in <a href=\"https:\/\/www.enerjigazetesi.ist\/tr\/wp-json\/wp\/v2\/posts\/108975\" class=\"qtranxs-available-language-link qtranxs-available-language-link-tr\" title=\"Turkish\">Turkish<\/a>. For the sake of viewer convenience, the content is shown below in the alternative language. You may click the link to switch the active language.<\/p><p><\/p>\n<h1><strong>T\u00fcrkiye\u2019nin pek \u00e7ok farkl\u0131 b\u00f6lgesinde oldu\u011fu gibi Ayd\u0131n\u2019da da faaliyet g\u00f6steren G\u00fcri\u015f Holding\u2019den Ayd\u0131nl\u0131 \u00e7ift\u00e7ilere incir fidan\u0131 deste\u011fi. G\u00fcri\u015f Holding, y\u00f6re \u00e7ift\u00e7isine katk\u0131 sa\u011flamak amac\u0131yla yola \u00e7\u0131kt\u0131\u011f\u0131 ve bu y\u0131l 5\u2019incisini ger\u00e7ekle\u015ftirdi\u011fi, \u201cGeleneksel 5&#8217;inci A\u011fa\u00e7 Dikme \u015eenli\u011fi\u2019nde\u201d tam 2 bin 700 adet incir fidan\u0131 deste\u011finde bulundu. <\/strong><\/h1>\n<p><strong>2006&#8217;dan g\u00fcn\u00fcm\u00fcze<\/strong> Ayd\u0131n\u2019da <strong>ekonomik ve sosyal ya\u015famda faaliyetlerini<\/strong> h\u0131z kesmeden s\u00fcrd\u00fcren, <strong>\u00e7evreye verdi\u011fi de\u011fer ilkesi<\/strong> kapsam\u0131nda <u>\u00e7ift\u00e7inin her zaman yan\u0131nda olmay\u0131 g\u00f6rev edinmi\u015f<\/u> <strong>G\u00fcri\u015f Holding<\/strong>, gelene\u011fini bozmad\u0131 ve bu y\u0131l <strong>\u201cGeleneksel A\u011fa\u00e7 Dikme \u015eenli\u011fi\u201dnin 5\u2019incisini ger\u00e7ekle\u015ftirdi.<\/strong><\/p>\n<p><img loading=\"lazy\" class=\"alignright wp-image-108979\" src=\"https:\/\/www.enerjigazetesi.ist\/wp-content\/uploads\/2020\/02\/aydinda-5inci-geleneksel-agac-dikme-senligi-yapildi-2.jpg\" alt=\"\" width=\"320\" height=\"180\" srcset=\"https:\/\/www.enerjigazetesi.ist\/wp-content\/uploads\/2020\/02\/aydinda-5inci-geleneksel-agac-dikme-senligi-yapildi-2.jpg 867w, https:\/\/www.enerjigazetesi.ist\/wp-content\/uploads\/2020\/02\/aydinda-5inci-geleneksel-agac-dikme-senligi-yapildi-2-300x169.jpg 300w, https:\/\/www.enerjigazetesi.ist\/wp-content\/uploads\/2020\/02\/aydinda-5inci-geleneksel-agac-dikme-senligi-yapildi-2-768x432.jpg 768w, https:\/\/www.enerjigazetesi.ist\/wp-content\/uploads\/2020\/02\/aydinda-5inci-geleneksel-agac-dikme-senligi-yapildi-2-500x281.jpg 500w, https:\/\/www.enerjigazetesi.ist\/wp-content\/uploads\/2020\/02\/aydinda-5inci-geleneksel-agac-dikme-senligi-yapildi-2-80x45.jpg 80w\" sizes=\"(max-width: 320px) 100vw, 320px\" \/>Ayd\u0131n&#8217;\u0131n Germencik il\u00e7esine ba\u011fl\u0131 <strong>Alang\u00fcll\u00fc, K\u0131z\u0131lcagedik, \u00d6merbeyli Mahalleleri ile \u0130ncirliova il\u00e7esinde<\/strong> yer alan <strong>Ak\u00e7e\u015fme, Erbeyli ve Hamitler Mahallelerinde<\/strong>, tar\u0131m alan\u0131nda \u00e7ok k\u0131ymetli bir yere sahip olan <strong>\u201cincir fidan\u0131n\u0131\u201d<\/strong> b\u00f6lge \u00e7ift\u00e7ileriyle bulu\u015fturdu. <strong>3 g\u00fcn s\u00fcren \u015fenlik<\/strong> halk\u0131n b\u00fcy\u00fck ilgisi ile tamamlanm\u0131\u015ft\u0131r.<\/p>\n<p><strong>Geleneksel 5&#8217;inci A\u011fa\u00e7 Dikme \u015eenli\u011fi<\/strong> kapsam\u0131nda <strong>2 bin 700 incir fidan\u0131 deste\u011finde bulunan G\u00fcri\u015f Holding<\/strong>\u2019in <strong>\u00e7evreye katk\u0131 sa\u011flamak amac\u0131<\/strong> ve <strong>sosyal sorumluluk bilinciyle<\/strong> ger\u00e7ekle\u015ftirdi\u011fi etkinlikleri y\u00f6redeki \u00e7ift\u00e7iler taraf\u0131ndan yo\u011fun bir ilgi g\u00f6rd\u00fc. <strong>Fidanlar\u0131yla bulu\u015fan ve dahil olduklar\u0131 uygulamadan olduk\u00e7a memnun kalan \u00e7ift\u00e7iler<\/strong>, \u015fenlik sonunda yetkililere te\u015fekk\u00fcr etti.<\/p>\n<h2><strong>\u00c7\u0130FT\u00c7\u0130N\u0130N ve TARIMIN YANINDA<\/strong><\/h2>\n<p>B\u00f6lgenin en \u00f6nemli ge\u00e7im kaynaklar\u0131 ve de\u011ferleri aras\u0131nda yer alan <strong>incir ve zeytin \u00fcretimine katk\u0131 sa\u011flamak amac\u0131yla<\/strong> 5 senede toplam <strong>11.550 fidan\u0131<\/strong> b\u00f6lge halk\u0131yla bulu\u015fturan <strong>G\u00fcri\u015f Holding<\/strong>, toplamda <strong>300 d\u00f6n\u00fcme yak\u0131n arazinin a\u011fa\u00e7land\u0131r\u0131lmas\u0131n\u0131<\/strong> ger\u00e7ekle\u015ftirerek, vatanda\u015flara fidanlar\u0131n <u>nas\u0131l dikilece\u011fi ve bak\u0131mlar\u0131n\u0131n nas\u0131l yap\u0131laca\u011f\u0131 konular\u0131nda<\/u> <strong>Ziraat M\u00fchendisleri<\/strong> taraf\u0131ndan b\u00f6lge halk\u0131 bilin\u00e7lendirildi. <strong>G\u00fcri\u015f Holding \u2013 G\u00fcrmat Jeotermal Enerji Santralleri Genel Koordinat\u00f6r\u00fc Necati Bayrako\u011flu<\/strong>, yapt\u0131klar\u0131 projeyle Ayd\u0131n ekonomisine ve tar\u0131m\u0131na katk\u0131 sa\u011flad\u0131klar\u0131n\u0131 belirterek, <em>\u201cG\u00fcri\u015f Holding olarak bulundu\u011fumuz \u00e7evreye de katk\u0131 sa\u011flayabilecek projeler \u00fcretmeye \u00e7al\u0131\u015f\u0131yoruz. 5 y\u0131ld\u0131r geleneksel hale getirdi\u011fimiz fidan da\u011f\u0131t\u0131m\u0131na da yo\u011fun bir ilgi g\u00f6r\u00fcyoruz. Hatta \u00f6yle ki <strong>4 sene<\/strong> \u00f6nce <strong>\u00d6merbeyli Mahallesi<\/strong>nde dikilen fidanlar\u0131m\u0131zdan art\u0131k <strong>incir yemeye<\/strong> ba\u015flad\u0131k. Bunun mutlulu\u011fu ve gururunu ya\u015f\u0131yoruz. <strong>Ayd\u0131n ve b\u00f6lge halk\u0131 i\u00e7in<\/strong> bu ve buna benzer projelerimizi s\u00fcrd\u00fcrmeye devam edece\u011fiz. Amac\u0131m\u0131z Ayd\u0131n ve \u00fclke ekonomisine katk\u0131 sa\u011flarken bir yandan da Ayd\u0131n ve \u00e7evre halk\u0131 ile b\u00fct\u00fcnle\u015fmek<\/em>\u201d diye konu\u015ftu.<\/p>","protected":false},"excerpt":{"rendered":"<p>Sorry, this entry is only available in Turkish. For the sake of viewer convenience, the content is shown below in the alternative language. You may click the link to switch the active language. T\u00fcrkiye\u2019nin pek \u00e7ok farkl\u0131 b\u00f6lgesinde oldu\u011fu gibi Ayd\u0131n\u2019da da faaliyet g\u00f6steren G\u00fcri\u015f Holding\u2019den Ayd\u0131nl\u0131 \u00e7ift\u00e7ilere incir fidan\u0131 deste\u011fi. G\u00fcri\u015f Holding, y\u00f6re \u00e7ift\u00e7isine [&hellip;]<\/p>\n","protected":false},"author":1,"featured_media":108980,"comment_status":"open","ping_status":"open","sticky":false,"template":"","format":"standard","meta":[],"categories":[53,48],"tags":[67462,7179,67460,67466,67463,6320,67464,67461,67465,67467,57125],"views":227,"_links":{"self":[{"href":"https:\/\/www.enerjigazetesi.ist\/en\/wp-json\/wp\/v2\/posts\/108975"}],"collection":[{"href":"https:\/\/www.enerjigazetesi.ist\/en\/wp-json\/wp\/v2\/posts"}],"about":[{"href":"https:\/\/www.enerjigazetesi.ist\/en\/wp-json\/wp\/v2\/types\/post"}],"author":[{"embeddable":true,"href":"https:\/\/www.enerjigazetesi.ist\/en\/wp-json\/wp\/v2\/users\/1"}],"replies":[{"embeddable":true,"href":"https:\/\/www.enerjigazetesi.ist\/en\/wp-json\/wp\/v2\/comments?post=108975"}],"version-history":[{"count":0,"href":"https:\/\/www.enerjigazetesi.ist\/en\/wp-json\/wp\/v2\/posts\/108975\/revisions"}],"wp:featuredmedia":[{"embeddable":true,"href":"https:\/\/www.enerjigazetesi.ist\/en\/wp-json\/wp\/v2\/media\/108980"}],"wp:attachment":[{"href":"https:\/\/www.enerjigazetesi.ist\/en\/wp-json\/wp\/v2\/media?parent=108975"}],"wp:term":[{"taxonomy":"category","embeddable":true,"href":"https:\/\/www.enerjigazetesi.ist\/en\/wp-json\/wp\/v2\/categories?post=108975"},{"taxonomy":"post_tag","embeddable":true,"href":"https:\/\/www.enerjigazetesi.ist\/en\/wp-json\/wp\/v2\/tags?post=108975"}],"curies":[{"name":"wp","href":"https:\/\/api.w.org\/{rel}","templated":true}]}}