{"id":10897,"date":"2013-05-14T13:42:37","date_gmt":"2013-05-14T10:42:37","guid":{"rendered":"https:\/\/www.enerjigazetesi.ist\/?p=10897"},"modified":"2013-05-14T13:42:37","modified_gmt":"2013-05-14T10:42:37","slug":"ft-turkiye-kuzey-irak-ile-petrol-anlasmasi-imzaladi","status":"publish","type":"post","link":"https:\/\/www.enerjigazetesi.ist\/en\/ft-turkiye-kuzey-irak-ile-petrol-anlasmasi-imzaladi\/","title":{"rendered":"(Turkish) FT: \u2018T\u00fcrkiye, Kuzey Irak \u0130le Petrol Anla\u015fmas\u0131 \u0130mzalad\u0131\u2019"},"content":{"rendered":"<p class=\"qtranxs-available-languages-message qtranxs-available-languages-message-en\">Sorry, this entry is only available in <a href=\"https:\/\/www.enerjigazetesi.ist\/tr\/wp-json\/wp\/v2\/posts\/10897\" class=\"qtranxs-available-language-link qtranxs-available-language-link-tr\" title=\"Turkish\">Turkish<\/a>. For the sake of viewer convenience, the content is shown below in the alternative language. You may click the link to switch the active language.<\/p><p><strong>Financial Times gazetesi yazarlar\u0131ndan Daniel Dombey\u2019nin kaleme ald\u0131\u011f\u0131 bir makalede, T\u00fcrkiye\u2019nin Washington ve Ba\u011fdat\u2019a kulak asmay\u0131p Kuzey Irak\u2019la bir enerji anla\u015fmas\u0131 imzalad\u0131\u011f\u0131 belirtiliyor.<\/strong><\/p>\n<p>\u2018Irak\u2019\u0131n daha da b\u00f6l\u00fcnmesine yol a\u00e7ma ihtimalinden dolay\u0131 Amerika\u2019y\u0131 korkutan anla\u015fman\u0131n Ankara taraf\u0131ndan kilit \u00f6nemde g\u00f6r\u00fcld\u00fc\u011f\u00fcn\u00fc\u2019 \u00f6ne s\u00fcren makalenin devam\u0131 \u015f\u00f6yle:<\/p>\n<p>\u201cT\u00fcrk devlet enerji \u015firketlerinin Kuzey Irak\u2019ta bulunan petrol ve do\u011falgaz yataklar\u0131nda pay sahibi olabilmesi i\u00e7in Ankara\u2019yla Kuzey Irak B\u00f6lgesel K\u00fcrt Y\u00f6netimi aras\u0131nda bu y\u0131l\u0131n ba\u015flar\u0131nda bir anla\u015fmaya var\u0131ld\u0131\u011f\u0131n\u0131 birka\u00e7 T\u00fcrk yetkili do\u011fruluyor.<\/p>\n<p>Bu yetkililer anla\u015fman\u0131n h\u00e2l\u00e2 olduk\u00e7a hassas oldu\u011funu ve bu y\u00fczden de Ba\u015fbakan Recep Tayyip Erdo\u011fan\u2019\u0131n Washington\u2019a bu hafta ger\u00e7ekle\u015ftirece\u011fi bir ziyaretten \u00f6nce a\u00e7\u0131klanmas\u0131n\u0131n olas\u0131 olmad\u0131\u011f\u0131n\u0131 da ekliyor.<\/p>\n<p><strong>Erdo\u011fan\u2019\u0131n ziyareti, Irak\u2019ta ortam\u0131n gerildi\u011fi bir d\u00f6neme denk geliyor&#8230;<\/strong><\/p>\n<p>T\u00fcrkiye\u2019nin kendi K\u00fcrt toplumuna y\u00f6nelik a\u00e7\u0131l\u0131mlar yapt\u0131\u011f\u0131 bir d\u00f6nemde haz\u0131rlanan anla\u015fma, Ankara\u2019n\u0131n enerji zengini Kuzey Irak\u2019taki n\u00fcfuzunu artt\u0131r\u0131rken \u00fclkenin b\u00fcy\u00fck b\u00fcy\u00fcme hedeflerine ula\u015fmas\u0131na da yard\u0131mc\u0131 olabilir.<\/p>\n<p><a href=\"https:\/\/www.enerjigazetesi.ist\/wp-content\/uploads\/2013\/03\/\u0131rak-petrol\u00fc-39-505x308.jpg\"><img loading=\"lazy\" class=\"alignleft size-medium wp-image-8602\" title=\"\u0131rak-petrol\u00fc-39-505x308\" src=\"https:\/\/www.enerjigazetesi.ist\/wp-content\/uploads\/2013\/03\/\u0131rak-petrol\u00fc-39-505x308-300x182.jpg\" alt=\"\" width=\"300\" height=\"182\" srcset=\"https:\/\/www.enerjigazetesi.ist\/wp-content\/uploads\/2013\/03\/\u0131rak-petrol\u00fc-39-505x308-300x182.jpg 300w, https:\/\/www.enerjigazetesi.ist\/wp-content\/uploads\/2013\/03\/\u0131rak-petrol\u00fc-39-505x308-500x304.jpg 500w, https:\/\/www.enerjigazetesi.ist\/wp-content\/uploads\/2013\/03\/\u0131rak-petrol\u00fc-39-505x308-80x48.jpg 80w, https:\/\/www.enerjigazetesi.ist\/wp-content\/uploads\/2013\/03\/\u0131rak-petrol\u00fc-39-505x308.jpg 505w\" sizes=\"(max-width: 300px) 100vw, 300px\" \/><\/a>Erdo\u011fan ge\u00e7mi\u015fte anla\u015fmay\u0131 iki taraf\u0131n da kazan\u00e7l\u0131 \u00e7\u0131kaca\u011f\u0131 bir mutabakat olarak tasvir etmi\u015fti.<\/p>\n<p>K\u00fcrt yetkililer de yak\u0131n ili\u015fkilerden memnun. Biri, K\u00fcrt Y\u00f6netimi\u2019nin di\u011fer kom\u015fularla sorunlar\u0131na dikkat \u00e7ekercesine \u2018Do\u011fru konu\u015fal\u0131m: T\u00fcrkiye d\u0131\u015f d\u00fcnyaya a\u00e7\u0131lan penceremiz. \u0130ran, Suriye ve Irak\u2019\u0131n di\u011fer b\u00f6lgeleriyle sorunlu ili\u015fkilerimize bir bak\u0131n. T\u00fcrkiye b\u00f6lgede b\u00fcy\u00fck bir kuvvet ve \u015fimdi yapt\u0131\u011f\u0131 gibi iyi bir politika seyredecekse neden m\u00fcttefiki olmayal\u0131m?\u2019 diyor.<\/p>\n<p>Ama Ba\u011fdat\u2019taki Merkezi Irak H\u00fck\u00fcmeti, izni olmadan bir enerji anla\u015fmas\u0131n\u0131n imzalanmas\u0131n\u0131n anayasaya ayk\u0131r\u0131 oldu\u011funu s\u00f6yl\u00fcyor.<\/p>\n<p>Washington da K\u00fcrtler ve T\u00fcrkler aras\u0131nda bir anla\u015fma imzalanmas\u0131n\u0131 engellemek i\u00e7in \u00e7ok \u00e7aba sarf etmi\u015fti. O kadar ki, Amerika Birle\u015fik Devletleri D\u0131\u015fi\u015fleri Bakan\u0131 John Kerry, K\u00fcrt B\u00f6lgesel Y\u00f6netimi Ba\u015fkan\u0131 Mesut Barzani\u2019yi Mart ay\u0131nda aray\u0131p Ba\u011fdat\u2019\u0131n onay\u0131 olmadan T\u00fcrkiye veya herhangi bir tarafla bir anla\u015fmaya imza at\u0131lmamas\u0131 y\u00f6n\u00fcnde uyarm\u0131\u015ft\u0131.<\/p>\n<p>Konu\u015ftu\u011fumuz T\u00fcrk yetkili ise \u2018Belli konularda ABD\u2019den farkl\u0131 d\u00fc\u015f\u00fcn\u00fcyoruz. Stratejik ve milli \u00e7\u0131karlar\u0131m\u0131z\u0131n s\u00f6z konusu oldu\u011fu bir mesele hakk\u0131nda bu kadar sert konu\u015famazlar\u2019 dedi.<\/p>\n<p>Amerikal\u0131 yetkililer Irak Ba\u015fbakan\u0131 Nuri el-Maliki\u2019nin daha da d\u0131\u015flanmas\u0131 durumunda Irak\u2019\u0131n \u0130ran saflar\u0131na yakla\u015faca\u011f\u0131; bu s\u0131rada K\u00fcrt Y\u00f6netimi\u2019yle ili\u015fkilerinse daha fazla y\u0131pranaca\u011f\u0131ndan endi\u015fe ediyor.\u201d<\/p>\n<p>Kaynak: <a href=\"http:\/\/enerjienstitusu.com\/2013\/05\/14\/ft-turkiye-kuzey-irak-ile-petrol-anlasmasi-imzaladi\/?utm_source=dlvr.it&amp;utm_medium=facebook\" target=\"_blank\">Enerji Enstit\u00fcs\u00fc<\/a><\/p>","protected":false},"excerpt":{"rendered":"<p>Sorry, this entry is only available in Turkish. For the sake of viewer convenience, the content is shown below in the alternative language. You may click the link to switch the active language.Financial Times gazetesi yazarlar\u0131ndan Daniel Dombey\u2019nin kaleme ald\u0131\u011f\u0131 bir makalede, T\u00fcrkiye\u2019nin Washington ve Ba\u011fdat\u2019a kulak asmay\u0131p Kuzey Irak\u2019la bir enerji anla\u015fmas\u0131 imzalad\u0131\u011f\u0131 belirtiliyor. [&hellip;]<\/p>\n","protected":false},"author":1,"featured_media":8602,"comment_status":"open","ping_status":"open","sticky":false,"template":"","format":"standard","meta":[],"categories":[53,44],"tags":[63,5136,67,1703,875,243,846],"views":574,"_links":{"self":[{"href":"https:\/\/www.enerjigazetesi.ist\/en\/wp-json\/wp\/v2\/posts\/10897"}],"collection":[{"href":"https:\/\/www.enerjigazetesi.ist\/en\/wp-json\/wp\/v2\/posts"}],"about":[{"href":"https:\/\/www.enerjigazetesi.ist\/en\/wp-json\/wp\/v2\/types\/post"}],"author":[{"embeddable":true,"href":"https:\/\/www.enerjigazetesi.ist\/en\/wp-json\/wp\/v2\/users\/1"}],"replies":[{"embeddable":true,"href":"https:\/\/www.enerjigazetesi.ist\/en\/wp-json\/wp\/v2\/comments?post=10897"}],"version-history":[{"count":2,"href":"https:\/\/www.enerjigazetesi.ist\/en\/wp-json\/wp\/v2\/posts\/10897\/revisions"}],"predecessor-version":[{"id":10899,"href":"https:\/\/www.enerjigazetesi.ist\/en\/wp-json\/wp\/v2\/posts\/10897\/revisions\/10899"}],"wp:featuredmedia":[{"embeddable":true,"href":"https:\/\/www.enerjigazetesi.ist\/en\/wp-json\/wp\/v2\/media\/8602"}],"wp:attachment":[{"href":"https:\/\/www.enerjigazetesi.ist\/en\/wp-json\/wp\/v2\/media?parent=10897"}],"wp:term":[{"taxonomy":"category","embeddable":true,"href":"https:\/\/www.enerjigazetesi.ist\/en\/wp-json\/wp\/v2\/categories?post=10897"},{"taxonomy":"post_tag","embeddable":true,"href":"https:\/\/www.enerjigazetesi.ist\/en\/wp-json\/wp\/v2\/tags?post=10897"}],"curies":[{"name":"wp","href":"https:\/\/api.w.org\/{rel}","templated":true}]}}