{"id":108969,"date":"2020-02-23T14:39:39","date_gmt":"2020-02-23T11:39:39","guid":{"rendered":"https:\/\/www.enerjigazetesi.ist\/?p=108969"},"modified":"2020-02-23T14:41:41","modified_gmt":"2020-02-23T11:41:41","slug":"trafik-guvenligi-konusunda-ogrenci-ve-velilere-yonelik-seminerler-suruyor","status":"publish","type":"post","link":"https:\/\/www.enerjigazetesi.ist\/en\/trafik-guvenligi-konusunda-ogrenci-ve-velilere-yonelik-seminerler-suruyor\/","title":{"rendered":"(Turkish) &#8217;Trafik G\u00fcvenli\u011fi&#8217; Konusunda \u00d6\u011frenci ve Velilere Y\u00f6nelik Seminerler Devam Ediyor"},"content":{"rendered":"<p class=\"qtranxs-available-languages-message qtranxs-available-languages-message-en\">Sorry, this entry is only available in <a href=\"https:\/\/www.enerjigazetesi.ist\/tr\/wp-json\/wp\/v2\/posts\/108969\" class=\"qtranxs-available-language-link qtranxs-available-language-link-tr\" title=\"Turkish\">Turkish<\/a>. For the sake of viewer convenience, the content is shown below in the alternative language. You may click the link to switch the active language.<\/p><p><\/p>\n<h1>Milli E\u011fitim Bakanl\u0131\u011f\u0131, \u0130stanbul Ticaret \u00dcniversitesi ve Shell T\u00fcrkiye, \u201ctrafik g\u00fcvenli\u011fi\u201d konusunda \u00f6\u011frenci ve velileri bilin\u00e7lendirmeye devam ediyor.<\/h1>\n<h2><strong><em>\u201cTrafikte K\u00fc\u00e7\u00fck Hata Yoktur\u201d sosyal yat\u0131r\u0131m program\u0131, Milli E\u011fitim Bakanl\u0131\u011f\u0131, \u0130stanbul Ticaret \u00dcniversitesi ve Shell T\u00fcrkiye i\u015f birli\u011finde \u00e7ocuklar\u0131 trafik g\u00fcvenli\u011fi konusunda bilin\u00e7lendirilmek amac\u0131yla Ekim 2019\u2019da ba\u015flad\u0131. Ba\u015flad\u0131\u011f\u0131 g\u00fcnden bu yana toplam 26.607 \u00f6\u011frenciye ula\u015f\u0131lan program dahilinde \u00f6\u011frencilerin yan\u0131 s\u0131ra velilerine de trafik g\u00fcvenli\u011fi seminerleri d\u00fczenlenecek. May\u0131s ay\u0131na kadar s\u00fcrecek olan veli seminerleri trafik g\u00fcvenli\u011fi bilincini art\u0131racak ilave etkinliklerle de desteklenecek.<\/em><\/strong> <strong><em>\u201cTrafikte K\u00fc\u00e7\u00fck Hata Yoktur\u201d sosyal yat\u0131r\u0131m program\u0131n\u0131n 1&#8217;inci y\u0131l\u0131nda \u00f6\u011frenciler, veliler ve di\u011fer aile fertleri ile toplam 300 bin ki\u015fiye ula\u015f\u0131lmas\u0131 hedefleniyor.<\/em><\/strong><\/h2>\n<p style=\"text-align: center;\"><img loading=\"lazy\" class=\"aligncenter wp-image-108972\" src=\"https:\/\/www.enerjigazetesi.ist\/wp-content\/uploads\/2020\/02\/trafik-guvenligi-konusunda-ogrenci-ve-velilere-yonelik-seminerler-suruyor.jpg\" alt=\"\" width=\"656\" height=\"324\" \/><\/p>\n<p><strong>Milli E\u011fitim Bakanl\u0131\u011f\u0131, \u0130stanbul Ticaret \u00dcniversitesi <\/strong>ve<strong> Shell T\u00fcrkiye<\/strong> i\u015f birli\u011finde <strong>Ekim 2019<\/strong> y\u0131l\u0131nda ba\u015flat\u0131lan <strong>\u201cTrafikte K\u00fc\u00e7\u00fck Hata Yoktur\u201d<\/strong> sosyal yat\u0131r\u0131m program\u0131 t\u00fcm h\u0131z\u0131yla devam ediyor.<\/p>\n<p>\u00d6\u011frencilerde trafik bilincinin olu\u015fturmas\u0131n\u0131 hedefleyen <strong>\u201cTrafikte K\u00fc\u00e7\u00fck Hata Yoktur\u201d program\u0131<\/strong> ile <strong>21 Ekim ve 31 Aral\u0131k d\u00f6nemini<\/strong> kapsayan zaman diliminde <strong>44<\/strong> okulda <strong>26,607 \u00f6\u011frenciye<\/strong> ula\u015f\u0131ld\u0131. <strong>\u201cTrafikte K\u00fc\u00e7\u00fck Hata Yoktur\u201d<\/strong> program\u0131 kapsam\u0131nda bir yandan \u00f6\u011frencilere <strong>trafik bilinci a\u015f\u0131lan\u0131rken<\/strong> bir yandan da <strong>velilere trafik g\u00fcvenli\u011fini<\/strong> konu alan seminerler d\u00fczenlenecek.<\/p>\n<p><strong>\u201cVeli Seminerleri\u201d<\/strong> program\u0131 <strong>21 \u015eubat 2020<\/strong> tarihinde <strong>T.C. \u0130\u00e7i\u015fleri Bakan\u0131 S\u00fcleyman Soylu, Milli E\u011fitim Bakanl\u0131\u011f\u0131 \u00d6zel E\u011fitim Kurumlar\u0131 Genel M\u00fcd\u00fcr\u00fc Muammer Y\u0131ld\u0131z, Milli E\u011fitim Bakanl\u0131\u011f\u0131 Trafik ve S\u00fcr\u00fcc\u00fc E\u011fitimleri Daire Ba\u015fkan\u0131 Abdullah S\u00fcsl\u00fc, \u0130stanbul \u0130l Milli E\u011fitim M\u00fcd\u00fcr\u00fc Levent Yaz\u0131c\u0131, \u0130stanbul Ticaret \u00dcniversitesi Rekt\u00f6r\u00fc Prof. Dr. Y\u00fccel O\u011furlu, Shell T\u00fcrkiye \u00dclke Ba\u015fkan\u0131 Ahmet Erdem <\/strong>ve<strong> \u0130stanbul Ticaret \u00dcniversitesi \u00d6\u011fretim \u00dcyesi Prof. Dr. Mustafa Il\u0131cal\u0131<\/strong>&#8216;n\u0131n kat\u0131l\u0131m\u0131 ile tan\u0131t\u0131ld\u0131.<\/p>\n<h2><strong>\u0130\u00e7i\u015fleri Bakan\u0131 S\u00fcleyman Soylu: \u201cTrafikte k\u00fc\u00e7\u00fck hata yoktur \u201d<\/strong><\/h2>\n<p>Velilere verilecek seminerlerle ilgili <strong>\u0130stanbul Ticaret \u00dcniversitesi&#8217;nde<\/strong> d\u00fczenlenen tan\u0131t\u0131m toplant\u0131s\u0131nda konu\u015fan <strong>T.C. \u0130\u00e7i\u015fleri Bakan\u0131 S\u00fcleyman Soylu<\/strong>, \u015funlar\u0131 s\u00f6yledi<strong>: \u201cTrafikteki can kayb\u0131 say\u0131s\u0131 2015&#8217;de 100 binde 9,6, 2017&#8217;de 100 binde 9,2 idi. Bunu \u00f6nce 2018&#8217;de 100 binde 8,1&#8217;e, 2019 sonunda da 100 binde 6,5 seviyesine indirdik. \u015eimdi bir iddiam\u0131z var, iddiam\u0131z\u0131n da bir temeli var. 2023 y\u0131l\u0131nda, yani Cumhuriyetimizin y\u00fcz\u00fcnc\u00fc y\u0131l\u0131nda temel hedefimiz; her alanda oldu\u011fu gibi trafik alan\u0131nda da bilan\u00e7omuzu bizden sonraki gelecek nesillere m\u00fckemmel bir \u015fekilde b\u0131rakmakt\u0131r.\u201d<\/strong><\/p>\n<p>Trafik e\u011fitimlerini \u00e7ok \u00f6nemsediklerini vurgulayan S\u00fcleyman Soylu; \u201c<strong>Bu projenin ismi, projenin anlam\u0131 ve \u00f6nemini ortaya koymaktad\u0131r. \u2018Trafikte k\u00fc\u00e7\u00fck hata yoktur\u2019. Ald\u0131\u011f\u0131m\u0131z \u00f6nlemler ve ger\u00e7ekle\u015ftirdi\u011fimiz uygulamalarla birlikte her y\u0131l trafik kazas\u0131 say\u0131s\u0131n\u0131 ve dolay\u0131s\u0131 ile can kayb\u0131n\u0131 azalt\u0131yoruz. Ancak bu i\u015fte hedef hi\u00e7 kaza olmamas\u0131. Trafik kazas\u0131 hayat\u0131n ola\u011fan seyrine dahil de\u011fildir, olmamal\u0131d\u0131r. Hep birlikte bir \u015feyleri de\u011fi\u015ftiriyoruz. Benim k\u0131rm\u0131z\u0131 d\u00fcd\u00fck verdi\u011fim ortaklar\u0131m, yani \u00e7ocuklar\u0131m\u0131z var. Annesini babas\u0131n\u0131 uyaran evlatlar\u0131m\u0131z var. Denetimle al\u0131nabilecek yol belli. E\u011fitim \u00f6nemli, strateji olu\u015fturan kampanyalara kulak kabartan, emniyet kemerini takan k\u0131rm\u0131z\u0131 d\u00fcd\u00fck \u00e7alan herkesle bu mak\u00fbs talihi k\u0131rmaya \u00e7al\u0131\u015f\u0131yoruz. Planl\u0131, g\u00fcvenli, bilimsel y\u00f6ntemlere dayanan \u00e7al\u0131\u015fmalar yap\u0131yoruz. Bu anlamda trafikte g\u00fcvenli\u011fe vurgu yapan \u2018Trafikte k\u00fc\u00e7\u00fck hata yoktur\u2019program\u0131nda eme\u011fi ge\u00e7en herkesi kutluyorum\u201d <\/strong>diye konu\u015ftu.<\/p>\n<p>\u00c7ocuklar\u0131n trafik alan\u0131nda bilin\u00e7lendirilmesini sa\u011flamak amac\u0131yla ba\u015flat\u0131lan projenin \u00f6nemine de\u011finen<strong> \u0130stanbul Ticaret \u00dcniversitesi Rekt\u00f6r\u00fc Prof. Dr. Y\u00fccel O\u011furlu, <\/strong>konu\u015fmas\u0131nda \u015funlar\u0131 s\u00f6yledi: <strong>\u201c\u00dcniversiteler sadece akademik bilgi \u00fcreten, bu alanlarda proje yapan kurumlar de\u011fillerdir. Topluma sosyal ve ekonomik anlamda katk\u0131 sa\u011flayacak projeler de \u00fcretmek \u00fcniversiteler i\u00e7in \u015fartt\u0131r. Ger\u00e7ekle\u015ftirdi\u011fimiz projelerlehem \u00f6\u011frencilere hem de toplumun geneline fayda sa\u011flamaya \u00e7al\u0131\u015f\u0131yoruz\u201d.<\/strong><\/p>\n<p>Projenin ortaklar\u0131ndan<strong> \u0130stanbul Ticaret \u00dcniversitesi \u00d6\u011fretim \u00dcyesi Prof. Dr. Mustafa Il\u0131cal\u0131, <\/strong>b\u00f6yle \u00f6nemli bir projeyi g\u00fc\u00e7l\u00fc ortaklarla hayata ge\u00e7irmekten mutlu olduklar\u0131n\u0131 belirterek, \u015funlar\u0131 s\u00f6yledi:<strong> \u201c40 y\u0131ll\u0131k tecr\u00fcbemle bu kanayan yara trafik konusunun \u00e7\u00f6z\u00fcm\u00fc a\u015fa\u011f\u0131da \u00fc\u00e7 maddede \u00f6zetlenebilir 1. insanlarda kal\u0131c\u0131 bilincin olu\u015fturulmas\u0131na y\u00f6nelik \u00e7al\u0131\u015fmalar\u0131n yap\u0131lmas\u0131, trafikte k\u00fc\u00e7\u00fck hata yoktur projesi buna \u00f6rnek bir \u00e7al\u0131\u015fmad\u0131r. 2&#8217;inci ileri teknolojilerin trafik denetiminde kullan\u0131lmas\u0131n\u0131n yayg\u0131nla\u015ft\u0131r\u0131lmas\u0131, b\u00f6ylece g\u00fc\u00e7l\u00fc trafik denetimi sa\u011flan\u0131r, trafik g\u00fcvenli\u011fine b\u00fcy\u00fck katk\u0131 sa\u011flar 3&#8217;\u00fcnc\u00fc birinci ve ikinci maddedeki konulara ili\u015fkin yasal d\u00fczenlemeler yap\u0131lmas\u0131d\u0131r.<\/strong><\/p>\n<h2><strong>Ahmet Erdem: \u201c\u00d6\u011frenci ve velilerde yol emniyeti al\u0131\u015fkanl\u0131\u011f\u0131 olu\u015fturmay\u0131 hedefliyoruz\u201d<\/strong><\/h2>\n<p>Hayata ge\u00e7irdi\u011fi sosyal yat\u0131r\u0131m programlar\u0131yla toplumda de\u011fer yaratmay\u0131 ilke edindiklerini belirten <strong>Shell T\u00fcrkiye \u00dclke Ba\u015fkan\u0131 Ahmet Erdem<\/strong>,<strong> \u201cTrafikte K\u00fc\u00e7\u00fck Hata Yoktur\u201d <\/strong>projesiyle \u00e7ocuklar\u0131 bilin\u00e7lendirme konusunda \u00f6nemli bir ad\u0131m att\u0131klar\u0131n\u0131 vurgulad\u0131; <strong>\u201cShell T\u00fcrkiye olarak en b\u00fcy\u00fck \u00f6nceliklerimizden biri olan \u201cyol emniyeti\u201d konusuna odakland\u0131\u011f\u0131m\u0131z bu \u00f6nemli etkinlikte sizlerle birlikte olman\u0131n mutlulu\u011funu ya\u015f\u0131yorum. 97 y\u0131ld\u0131r \u00fclkemizin kalk\u0131nmas\u0131n\u0131n destek\u00e7isi olmaya, m\u00fc\u015fterilerimize, hissedarlar\u0131m\u0131za ve \u00fclkemize de\u011fer yaratmaya gayret ediyoruz. Sosyal sorumluluk ta tabii ki bu katk\u0131n\u0131n bir par\u00e7as\u0131. T\u00fcrkiye\u2019deki operasyonlar\u0131m\u0131zda y\u0131lda 30 milyon kilometreye yak\u0131n yol katediyoruz ve 7,5 milyon saat \u00e7al\u0131\u015f\u0131yoruz. T\u00fcm faaliyetlerimizi herhangi bir kazaya sebebiyet vermeden yapmay\u0131 hedefliyoruz ve buna \u201cHedef S\u0131f\u0131r\u201d diyoruz. \u201cHedef S\u0131f\u0131r\u201d vizyonuna ula\u015fmak amac\u0131yla \u00f6l\u00fcm ve yaralanma gibi ciddi risk i\u00e7eren kazalar\u0131 \u00f6nlemek i\u00e7in \u201c12 Hayat Kurtaran Kural\u0131m\u0131z\u201d bulunuyor. Bug\u00fcne kadar T\u00fcrkiye\u2019de yol emniyeti konusunda d\u00fczenledi\u011fimiz e\u011fitimlerle son be\u015f y\u0131lda 120 binden fazla ki\u015fiye ula\u015ft\u0131k.\u201d dedi. Erdem s\u00f6zlerine \u015f\u00f6yle devam etti: \u201cShell olarak trafik g\u00fcvenli\u011fi konusundaki hassasiyetimizi bir ad\u0131m daha ileriye ta\u015f\u0131yarak, teknoloji partnerimiz Microsoft ile Shell T\u00fcrkiye\u2019nin pilot \u00fclke olarak destek oldu\u011fu yapay zeka teknolojisi ile yol emniyetini birle\u015ftiren yeni bir uygulama \u00fczerinde \u00e7al\u0131\u015f\u0131yoruz. Bu sayede teknolojiyi kullanarak yorgunluk kaynakl\u0131 kazalar\u0131n tamamen \u00f6n\u00fcne ge\u00e7meyi ama\u00e7l\u0131yoruz.\u201d Kazalar\u0131n \u00e7o\u011funun insan hatas\u0131ndan kaynakland\u0131\u011f\u0131 i\u00e7in teknolojik geli\u015fmelerin bir yere kadar etki edebildi\u011fini vurgulayan Erdem, bu y\u00fczden \u00f6nemli olan\u0131n insana dokunmak ve trafik ile ilgili bilin\u00e7lendirmeyi erken ya\u015flarda yapabilmek oldu\u011funu s\u00f6yledi. Ahmet Erdem \u201cTrafikte K\u00fc\u00e7\u00fck Hata Yoktur\u201d program\u0131 ile \u00e7ocuklar\u0131n trafik kurallar\u0131n\u0131 tam anlam\u0131yla bilen, uygulayan ve bu konuda sorumluluk alan bireyler olarak yeti\u015fmelerine katk\u0131 sa\u011flamay\u0131 hedefliyoruz. Bu nedenle \u201cTrafikte K\u00fc\u00e7\u00fck Hata Yoktur\u201d program\u0131n\u0131n bir par\u00e7as\u0131 olmaktan \u00e7ok b\u00fcy\u00fck gurur duyuyoruz. Yol emniyetini her zaman her konunun \u00fczerinde tutmal\u0131, trafikteyken emniyetli davranmay\u0131 daima al\u0131\u015fkanl\u0131k haline getirmeli ve kurallara uyarak her zaman \u00e7ocuklar\u0131m\u0131za \u00f6rnek olmal\u0131y\u0131z\u201d dedi.<\/strong><\/p>","protected":false},"excerpt":{"rendered":"<p>Sorry, this entry is only available in Turkish. For the sake of viewer convenience, the content is shown below in the alternative language. You may click the link to switch the active language. Milli E\u011fitim Bakanl\u0131\u011f\u0131, \u0130stanbul Ticaret \u00dcniversitesi ve Shell T\u00fcrkiye, \u201ctrafik g\u00fcvenli\u011fi\u201d konusunda \u00f6\u011frenci ve velileri bilin\u00e7lendirmeye devam ediyor. \u201cTrafikte K\u00fc\u00e7\u00fck Hata Yoktur\u201d [&hellip;]<\/p>\n","protected":false},"author":1,"featured_media":108972,"comment_status":"open","ping_status":"open","sticky":false,"template":"","format":"standard","meta":[],"categories":[53,44],"tags":[67458,8498,52259,58602,631,67459,4018,67457,67456],"views":226,"_links":{"self":[{"href":"https:\/\/www.enerjigazetesi.ist\/en\/wp-json\/wp\/v2\/posts\/108969"}],"collection":[{"href":"https:\/\/www.enerjigazetesi.ist\/en\/wp-json\/wp\/v2\/posts"}],"about":[{"href":"https:\/\/www.enerjigazetesi.ist\/en\/wp-json\/wp\/v2\/types\/post"}],"author":[{"embeddable":true,"href":"https:\/\/www.enerjigazetesi.ist\/en\/wp-json\/wp\/v2\/users\/1"}],"replies":[{"embeddable":true,"href":"https:\/\/www.enerjigazetesi.ist\/en\/wp-json\/wp\/v2\/comments?post=108969"}],"version-history":[{"count":0,"href":"https:\/\/www.enerjigazetesi.ist\/en\/wp-json\/wp\/v2\/posts\/108969\/revisions"}],"wp:featuredmedia":[{"embeddable":true,"href":"https:\/\/www.enerjigazetesi.ist\/en\/wp-json\/wp\/v2\/media\/108972"}],"wp:attachment":[{"href":"https:\/\/www.enerjigazetesi.ist\/en\/wp-json\/wp\/v2\/media?parent=108969"}],"wp:term":[{"taxonomy":"category","embeddable":true,"href":"https:\/\/www.enerjigazetesi.ist\/en\/wp-json\/wp\/v2\/categories?post=108969"},{"taxonomy":"post_tag","embeddable":true,"href":"https:\/\/www.enerjigazetesi.ist\/en\/wp-json\/wp\/v2\/tags?post=108969"}],"curies":[{"name":"wp","href":"https:\/\/api.w.org\/{rel}","templated":true}]}}