{"id":108951,"date":"2020-02-21T15:41:44","date_gmt":"2020-02-21T12:41:44","guid":{"rendered":"https:\/\/www.enerjigazetesi.ist\/?p=108951"},"modified":"2020-02-21T15:43:20","modified_gmt":"2020-02-21T12:43:20","slug":"naturel-yenilenebilir-enerji-kurulu-ges-gucunu-4407-mwpa-yukseltti","status":"publish","type":"post","link":"https:\/\/www.enerjigazetesi.ist\/en\/naturel-yenilenebilir-enerji-kurulu-ges-gucunu-4407-mwpa-yukseltti\/","title":{"rendered":"(Turkish) &#8217;Naturel Yenilenebilir Enerji&#8217; GES Kurulu G\u00fcc\u00fcn\u00fc 44,07 MWp&#8217;a Y\u00fckseltti"},"content":{"rendered":"<p class=\"qtranxs-available-languages-message qtranxs-available-languages-message-en\">Sorry, this entry is only available in <a href=\"https:\/\/www.enerjigazetesi.ist\/tr\/wp-json\/wp\/v2\/posts\/108951\" class=\"qtranxs-available-language-link qtranxs-available-language-link-tr\" title=\"Turkish\">Turkish<\/a>. For the sake of viewer convenience, the content is shown below in the alternative language. You may click the link to switch the active language.<\/p><p><\/p>\n<div id=\"iceriks\">\n<h1>&#8216;Naturel Yenilenebilir Enerji&#8217; kurulu G\u00fcne\u015f Enerji Santrali (GES) g\u00fcc\u00fc % 103 art\u0131\u015f g\u00f6stererek 44,07 MWp&#8217;a y\u00fckseltti.<\/h1>\n<p>Konuya y\u00f6nelik \u015firketten<strong> KAP&#8217;a yap\u0131lan<\/strong> a\u00e7\u0131klamada; &#8220;30 Aral\u0131k 2019&#8217;daki duyurumuzda da belirtti\u011fimiz \u00fczere, \u015firketimiz, <strong>G\u00fcne\u015f Enerjisi alan\u0131ndaki yat\u0131r\u0131mlar\u0131n\u0131 art\u0131rma<\/strong> hedefi do\u011frultusunda, toplam kurulu g\u00fcc\u00fc <strong>22,35 MWp<\/strong> olan 20 adet <strong>G\u00fcne\u015f Elektrik Santralini<\/strong> sat\u0131n <img loading=\"lazy\" class=\"alignright wp-image-108953\" src=\"https:\/\/www.enerjigazetesi.ist\/wp-content\/uploads\/2020\/02\/naturel-yenilenebilir-enerji-kurulu-ges-gucunu-4407-mwpa-yukseltti.jpg\" alt=\"\" width=\"320\" height=\"213\" srcset=\"https:\/\/www.enerjigazetesi.ist\/wp-content\/uploads\/2020\/02\/naturel-yenilenebilir-enerji-kurulu-ges-gucunu-4407-mwpa-yukseltti.jpg 732w, https:\/\/www.enerjigazetesi.ist\/wp-content\/uploads\/2020\/02\/naturel-yenilenebilir-enerji-kurulu-ges-gucunu-4407-mwpa-yukseltti-300x200.jpg 300w, https:\/\/www.enerjigazetesi.ist\/wp-content\/uploads\/2020\/02\/naturel-yenilenebilir-enerji-kurulu-ges-gucunu-4407-mwpa-yukseltti-500x333.jpg 500w, https:\/\/www.enerjigazetesi.ist\/wp-content\/uploads\/2020\/02\/naturel-yenilenebilir-enerji-kurulu-ges-gucunu-4407-mwpa-yukseltti-75x50.jpg 75w, https:\/\/www.enerjigazetesi.ist\/wp-content\/uploads\/2020\/02\/naturel-yenilenebilir-enerji-kurulu-ges-gucunu-4407-mwpa-yukseltti-450x300.jpg 450w\" sizes=\"(max-width: 320px) 100vw, 320px\" \/>almak \u00fczere <strong>&#8220;Giri\u015fim Elektrik Taahh\u00fct Ticaret ve Sanayi A.\u015e&#8221;<\/strong> ile <strong>30 Aral\u0131k 2019<\/strong>&#8216;da hisse sat\u0131n al\u0131m s\u00f6zle\u015fmesi imzalam\u0131\u015f ve sat\u0131\u015f bedeline istinaden <strong>USD 1.000.000<\/strong> (Bir\u00a0 milyon Amerikan Dolar\u0131) tutar\u0131nda pe\u015finat\u0131 <strong>Giri\u015fim Elektrik Taahh\u00fct Ticaret ve Sanayi A.\u015e&#8217;ye<\/strong> \u00f6demi\u015fti.<\/p>\n<p>Bu sat\u0131n alman\u0131n toplam bedeli <strong>22.920.000 USD<\/strong> (Yirmi iki milyon dokuz y\u00fcz yirmi bin Amerikan Dolar\u0131) olup, sat\u0131n al\u0131nan \u015firketlerin t\u00fcm <strong>banka ve piyasa bor\u00e7lar\u0131 d\u00fc\u015f\u00fcld\u00fckten<\/strong> sonra kalan tutar, <strong>hisse bedeli olarak \u00f6denerek<\/strong> tamamlanm\u0131\u015f olunup sat\u0131n al\u0131nan \u015firketlerin t\u00fcm banka ve piyasa bor\u00e7lar\u0131 kapat\u0131lm\u0131\u015ft\u0131r. \u015eirketlerin bor\u00e7lar\u0131 i\u00e7in <strong>20.000.000 USD<\/strong> kar\u015f\u0131l\u0131\u011f\u0131 Euro tutar\u0131nda <strong>8 y\u0131l vadeli banka kredisi<\/strong> kullan\u0131lm\u0131\u015ft\u0131r.<\/p>\n<p>Sat\u0131\u015fa konu olan G\u00fcne\u015f Enerji Santralleri&#8217;nin <strong>9&#8217;u<\/strong> Nev\u015fehir&#8217;de, <strong>6&#8217;s\u0131<\/strong> Yozgat&#8217;ta, <strong>2&#8217;si<\/strong>\u00a0Bilecik&#8217;te ve <strong>3&#8217;\u00fc\u00a0<\/strong>Afyon&#8217;da i\u015fletmede olup toplam kurulu g\u00fc\u00e7leri <strong>22,35 MWp<\/strong>&#8216;tir. Bu santraller \u00fcrettikleri elektri\u011fi kurulduklar\u0131 andan itibaren<strong> 10 y\u0131l<\/strong> s\u00fcre ile <strong>13,3 USD cent\/kWh<\/strong> fiyatla <strong>5346 ve 6094 say\u0131l\u0131 kanunlar\u00a0<\/strong>gere\u011fince <strong>devlet al\u0131m garantisi<\/strong> alt\u0131nda satacaklard\u0131r. <strong>2020 y\u0131l\u0131nda<\/strong> bu santrallerden <strong>34,2 milyon kWh \u00fcretim<\/strong>, <strong>USD 4.548.600 sat\u0131\u015f geliri<\/strong> ve yakla\u015f\u0131k <strong>USD 4.100.000<\/strong> gelir beklenmektedir.<\/p>\n<p>Bu sat\u0131n alma ile birlikte \u015firketimizin kurulu <strong>G\u00fcne\u015f Enerji Santrali<\/strong> g\u00fcc\u00fc <strong>%103<\/strong> artarak <strong>44,07 MWp<\/strong> g\u00fcce ula\u015fm\u0131\u015ft\u0131r.&#8221;ifadelerine yer verildi.<\/p>\n<\/div>\n<p><\/p>","protected":false},"excerpt":{"rendered":"<p>Sorry, this entry is only available in Turkish. For the sake of viewer convenience, the content is shown below in the alternative language. You may click the link to switch the active language. &#8216;Naturel Yenilenebilir Enerji&#8217; kurulu G\u00fcne\u015f Enerji Santrali (GES) g\u00fcc\u00fc % 103 art\u0131\u015f g\u00f6stererek 44,07 MWp&#8217;a y\u00fckseltti. Konuya y\u00f6nelik \u015firketten KAP&#8217;a yap\u0131lan a\u00e7\u0131klamada; [&hellip;]<\/p>\n","protected":false},"author":1,"featured_media":108953,"comment_status":"open","ping_status":"open","sticky":false,"template":"","format":"standard","meta":[],"categories":[51,53,49],"tags":[67439,53114,5070,52259,64089,46016,53157,5436,54434],"views":205,"_links":{"self":[{"href":"https:\/\/www.enerjigazetesi.ist\/en\/wp-json\/wp\/v2\/posts\/108951"}],"collection":[{"href":"https:\/\/www.enerjigazetesi.ist\/en\/wp-json\/wp\/v2\/posts"}],"about":[{"href":"https:\/\/www.enerjigazetesi.ist\/en\/wp-json\/wp\/v2\/types\/post"}],"author":[{"embeddable":true,"href":"https:\/\/www.enerjigazetesi.ist\/en\/wp-json\/wp\/v2\/users\/1"}],"replies":[{"embeddable":true,"href":"https:\/\/www.enerjigazetesi.ist\/en\/wp-json\/wp\/v2\/comments?post=108951"}],"version-history":[{"count":0,"href":"https:\/\/www.enerjigazetesi.ist\/en\/wp-json\/wp\/v2\/posts\/108951\/revisions"}],"wp:featuredmedia":[{"embeddable":true,"href":"https:\/\/www.enerjigazetesi.ist\/en\/wp-json\/wp\/v2\/media\/108953"}],"wp:attachment":[{"href":"https:\/\/www.enerjigazetesi.ist\/en\/wp-json\/wp\/v2\/media?parent=108951"}],"wp:term":[{"taxonomy":"category","embeddable":true,"href":"https:\/\/www.enerjigazetesi.ist\/en\/wp-json\/wp\/v2\/categories?post=108951"},{"taxonomy":"post_tag","embeddable":true,"href":"https:\/\/www.enerjigazetesi.ist\/en\/wp-json\/wp\/v2\/tags?post=108951"}],"curies":[{"name":"wp","href":"https:\/\/api.w.org\/{rel}","templated":true}]}}