{"id":10894,"date":"2013-05-14T13:29:27","date_gmt":"2013-05-14T10:29:27","guid":{"rendered":"https:\/\/www.enerjigazetesi.ist\/?p=10894"},"modified":"2013-05-15T10:19:56","modified_gmt":"2013-05-15T07:19:56","slug":"2023te-hedef-yuzde-30-yenilenebilir-enerji","status":"publish","type":"post","link":"https:\/\/www.enerjigazetesi.ist\/en\/2023te-hedef-yuzde-30-yenilenebilir-enerji\/","title":{"rendered":"(Turkish) 2023\u2019te Hedef Y\u00fczde 30 Yenilenebilir Enerji"},"content":{"rendered":"<p class=\"qtranxs-available-languages-message qtranxs-available-languages-message-en\">Sorry, this entry is only available in <a href=\"https:\/\/www.enerjigazetesi.ist\/tr\/wp-json\/wp\/v2\/posts\/10894\" class=\"qtranxs-available-language-link qtranxs-available-language-link-tr\" title=\"Turkish\">Turkish<\/a>. For the sake of viewer convenience, the content is shown below in the alternative language. You may click the link to switch the active language.<\/p><p><strong>Enerji ve Tabii Kaynaklar Bakan\u0131 Taner Y\u0131ld\u0131z, yenilenebilir enerji kaynaklar\u0131n pay\u0131n\u0131n 2023 y\u0131l\u0131nda en az y\u00fczde 30 d\u00fczeyinde olmas\u0131, do\u011falgaz\u0131n pay\u0131n\u0131n y\u00fczde 30\u2019a d\u00fc\u015f\u00fcr\u00fclmesi ve n\u00fckleer enerjinin enerji arz kaynaklar\u0131na dahil edilmesinin hedeflendi\u011fini bildirdi.<\/strong><\/p>\n<p>BDP Mu\u015f Milletvekili Demir <a href=\"https:\/\/www.enerjigazetesi.ist\/wp-content\/uploads\/2013\/05\/yenilenebilir-enerji-2013-hedefi.jpg\"><img loading=\"lazy\" class=\"alignleft size-medium wp-image-10895\" title=\"yenilenebilir-enerji-2013-hedefi\" src=\"https:\/\/www.enerjigazetesi.ist\/wp-content\/uploads\/2013\/05\/yenilenebilir-enerji-2013-hedefi-300x199.jpg\" alt=\"\" width=\"300\" height=\"199\" srcset=\"https:\/\/www.enerjigazetesi.ist\/wp-content\/uploads\/2013\/05\/yenilenebilir-enerji-2013-hedefi-300x199.jpg 300w, https:\/\/www.enerjigazetesi.ist\/wp-content\/uploads\/2013\/05\/yenilenebilir-enerji-2013-hedefi-500x331.jpg 500w, https:\/\/www.enerjigazetesi.ist\/wp-content\/uploads\/2013\/05\/yenilenebilir-enerji-2013-hedefi-75x50.jpg 75w, https:\/\/www.enerjigazetesi.ist\/wp-content\/uploads\/2013\/05\/yenilenebilir-enerji-2013-hedefi.jpg 505w\" sizes=\"(max-width: 300px) 100vw, 300px\" \/><\/a>\u00c7elik\u2019in yaz\u0131l\u0131 soru \u00f6nergesini yan\u0131tlayan Y\u0131ld\u0131z, 4,4 milyar ton rezerv ile T\u00fcrkiye linyit rezervinin yakla\u015f\u0131k y\u00fczde 40\u2019\u0131n\u0131 bar\u0131nd\u0131ran Af\u015fin Elbistan Havzas\u0131\u2019n\u0131n, ayn\u0131 zamanda ilave 8200 megawatl\u0131k bir kurulu g\u00fc\u00e7 potansiyelini elinde bulundurdu\u011funu ifade etti.<\/p>\n<p>Havzan\u0131n potansiyelinin de\u011ferlendirilmesi ile birlikte bir yandan yerli kaynaklar\u0131n \u00fclke ekonomisine kazand\u0131r\u0131lmas\u0131 sa\u011flan\u0131rken, di\u011fer taraftan ithalat ba\u011f\u0131ml\u0131l\u0131\u011f\u0131n\u0131 azaltarak arz g\u00fcvenli\u011fine katk\u0131 sa\u011flanaca\u011f\u0131n\u0131 ve yakla\u015f\u0131k 1.2 milyar dolarl\u0131k do\u011falgaz ithalat\u0131n\u0131n \u00f6n\u00fcne ge\u00e7ilmi\u015f olaca\u011f\u0131n\u0131 belirten Y\u0131ld\u0131z, \u201cAyr\u0131ca yap\u0131lmas\u0131 beklenen 10-12 milyar dolar yat\u0131r\u0131mla b\u00f6lgenin i\u015f g\u00fcc\u00fc \u00f6nemli \u00f6l\u00e7\u00fcde artacak ve b\u00f6lge ekonomisinin geli\u015fmesine katk\u0131da bulunacakt\u0131r\u201d dedi.<\/p>\n<h2>N\u00fckleer \u2018arz\u2019 kayna\u011f\u0131 olacak<\/h2>\n<p>T\u00fcrkiye\u2019de elektrik t\u00fcketiminin her ge\u00e7en g\u00fcn artt\u0131\u011f\u0131n\u0131, gerekli olan enerji \u00fcretimi ve arz g\u00fcvenli\u011finin sa\u011flanmas\u0131 i\u00e7in \u00e7al\u0131\u015fmalar\u0131n devam etti\u011fini belirten Y\u0131ld\u0131z, \u015funlar\u0131 kaydetti: \u201cBu ba\u011flamda, yeterli kurulu g\u00fcce ula\u015fmak ve enerji alan\u0131nda d\u0131\u015fa ba\u011f\u0131ml\u0131l\u0131\u011f\u0131 azaltmak ad\u0131na, yenilenebilir enerji kaynaklar\u0131 b\u00fcy\u00fck \u00f6nem arz etmekte olup, bakanl\u0131k olarak enerji politikalar\u0131n\u0131 bu paralelde olu\u015fturmaktay\u0131z.<\/p>\n<p>Bu \u00e7er\u00e7evede, T\u00fcrkiye\u2019de elektrik \u00fcretiminde hidroelektrik, r\u00fczgar, jeotermal ve di\u011fer yenilenebilir kaynaklar\u0131n pay\u0131n\u0131n 2023 y\u0131l\u0131nda en az y\u00fczde 30 d\u00fczeyinde olmas\u0131, do\u011falgaz\u0131n pay\u0131n\u0131n y\u00fczde 30\u2019a d\u00fc\u015f\u00fcr\u00fclmesi ve n\u00fckleer enerjinin enerji arz kaynaklar\u0131na dahil edilmesi hedeflenmi\u015ftir.\u201d<\/p>\n<p>Kaynak: <a href=\"http:\/\/enerjienstitusu.com\/2013\/05\/14\/2023te-hedef-yuzde-30-yenilenebilir-enerji\/?utm_source=dlvr.it&amp;utm_medium=facebook\" target=\"_blank\">Enerji Enstit\u00fcs\u00fc<\/a><\/p>","protected":false},"excerpt":{"rendered":"<p>Sorry, this entry is only available in Turkish. For the sake of viewer convenience, the content is shown below in the alternative language. You may click the link to switch the active language.Enerji ve Tabii Kaynaklar Bakan\u0131 Taner Y\u0131ld\u0131z, yenilenebilir enerji kaynaklar\u0131n pay\u0131n\u0131n 2023 y\u0131l\u0131nda en az y\u00fczde 30 d\u00fczeyinde olmas\u0131, do\u011falgaz\u0131n pay\u0131n\u0131n y\u00fczde 30\u2019a [&hellip;]<\/p>\n","protected":false},"author":1,"featured_media":10895,"comment_status":"open","ping_status":"open","sticky":false,"template":"","format":"standard","meta":[],"categories":[53,49,47,48],"tags":[63,67,477,13,35370,70,1090,56,16,105],"views":882,"_links":{"self":[{"href":"https:\/\/www.enerjigazetesi.ist\/en\/wp-json\/wp\/v2\/posts\/10894"}],"collection":[{"href":"https:\/\/www.enerjigazetesi.ist\/en\/wp-json\/wp\/v2\/posts"}],"about":[{"href":"https:\/\/www.enerjigazetesi.ist\/en\/wp-json\/wp\/v2\/types\/post"}],"author":[{"embeddable":true,"href":"https:\/\/www.enerjigazetesi.ist\/en\/wp-json\/wp\/v2\/users\/1"}],"replies":[{"embeddable":true,"href":"https:\/\/www.enerjigazetesi.ist\/en\/wp-json\/wp\/v2\/comments?post=10894"}],"version-history":[{"count":4,"href":"https:\/\/www.enerjigazetesi.ist\/en\/wp-json\/wp\/v2\/posts\/10894\/revisions"}],"predecessor-version":[{"id":10933,"href":"https:\/\/www.enerjigazetesi.ist\/en\/wp-json\/wp\/v2\/posts\/10894\/revisions\/10933"}],"wp:featuredmedia":[{"embeddable":true,"href":"https:\/\/www.enerjigazetesi.ist\/en\/wp-json\/wp\/v2\/media\/10895"}],"wp:attachment":[{"href":"https:\/\/www.enerjigazetesi.ist\/en\/wp-json\/wp\/v2\/media?parent=10894"}],"wp:term":[{"taxonomy":"category","embeddable":true,"href":"https:\/\/www.enerjigazetesi.ist\/en\/wp-json\/wp\/v2\/categories?post=10894"},{"taxonomy":"post_tag","embeddable":true,"href":"https:\/\/www.enerjigazetesi.ist\/en\/wp-json\/wp\/v2\/tags?post=10894"}],"curies":[{"name":"wp","href":"https:\/\/api.w.org\/{rel}","templated":true}]}}