{"id":108909,"date":"2020-02-21T12:57:05","date_gmt":"2020-02-21T09:57:05","guid":{"rendered":"https:\/\/www.enerjigazetesi.ist\/?p=108909"},"modified":"2020-02-21T12:57:05","modified_gmt":"2020-02-21T09:57:05","slug":"somali-madencilerin-tazminatlari-odenmeye-baslandi","status":"publish","type":"post","link":"https:\/\/www.enerjigazetesi.ist\/en\/somali-madencilerin-tazminatlari-odenmeye-baslandi\/","title":{"rendered":"(Turkish) Somal\u0131 Madencilerin Tazminatlar\u0131 \u00d6denmeye Ba\u015fland\u0131"},"content":{"rendered":"<p class=\"qtranxs-available-languages-message qtranxs-available-languages-message-en\">Sorry, this entry is only available in <a href=\"https:\/\/www.enerjigazetesi.ist\/tr\/wp-json\/wp\/v2\/posts\/108909\" class=\"qtranxs-available-language-link qtranxs-available-language-link-tr\" title=\"Turkish\">Turkish<\/a>. For the sake of viewer convenience, the content is shown below in the alternative language. You may click the link to switch the active language.<\/p><p><\/p>\n<h1>Enerji ve Tabii Kaynaklar Bakan\u0131 Fatih D\u00f6nmez taraf\u0131ndan Somal\u0131 madencilerin k\u0131dem tazminatlar\u0131n\u0131n \u00f6denmeye ba\u015fland\u0131\u011f\u0131 a\u00e7\u0131kland\u0131.<\/h1>\n<p>Enerji ve Tabii Kaynaklar Bakan\u0131 <strong>Fatih D\u00f6nmez<\/strong>, Somal\u0131 madencilerin <strong>k\u0131dem tazminatlar\u0131n\u0131n<\/strong> <img loading=\"lazy\" class=\"alignright wp-image-108912\" src=\"https:\/\/www.enerjigazetesi.ist\/wp-content\/uploads\/2020\/02\/somali-madencilerin-tazminatlari-odenmeye-baslandi-1.jpg\" alt=\"\" width=\"320\" height=\"179\" srcset=\"https:\/\/www.enerjigazetesi.ist\/wp-content\/uploads\/2020\/02\/somali-madencilerin-tazminatlari-odenmeye-baslandi-1.jpg 649w, https:\/\/www.enerjigazetesi.ist\/wp-content\/uploads\/2020\/02\/somali-madencilerin-tazminatlari-odenmeye-baslandi-1-300x168.jpg 300w, https:\/\/www.enerjigazetesi.ist\/wp-content\/uploads\/2020\/02\/somali-madencilerin-tazminatlari-odenmeye-baslandi-1-500x280.jpg 500w, https:\/\/www.enerjigazetesi.ist\/wp-content\/uploads\/2020\/02\/somali-madencilerin-tazminatlari-odenmeye-baslandi-1-80x45.jpg 80w\" sizes=\"(max-width: 320px) 100vw, 320px\" \/>\u00f6denmeye ba\u015fland\u0131\u011f\u0131n\u0131 bildirdi. D\u00f6nmez, yapt\u0131\u011f\u0131 a\u00e7\u0131klamada, <strong>madencilerin \u00e7al\u0131\u015fma \u015fartlar\u0131n\u0131n<\/strong> her ge\u00e7en g\u00fcn daha da iyile\u015ftirildi\u011fini dile getirdi.<\/p>\n<p>Her bir <strong>madencinin eme\u011finin<\/strong> kendileri i\u00e7in \u00e7ok de\u011ferli oldu\u011funu dile getiren D\u00f6nmez, &#8220;<strong>Eynez Yer Alt\u0131 K\u00f6m\u00fcr Oca\u011f\u0131<\/strong>&#8216;nda \u00e7al\u0131\u015f\u0131rken <strong>30 Kas\u0131m 2014<\/strong>&#8216;te <strong>toplu halde hizmet akdi sonland\u0131r\u0131lan<\/strong> madencilerimizden, <strong>31 Aral\u0131k 2019<\/strong>&#8216;a kadar <strong>tazminat ba\u015fvurusu yapanlar\u0131n<\/strong> <em>k\u0131dem ve ihbar tazminatlar\u0131<\/em>, <strong>18 \u015eubat itibar\u0131yla<\/strong> hesaplar\u0131na yat\u0131r\u0131lmaya ba\u015fland\u0131. <strong>Somal\u0131 madencilerin<\/strong> k\u0131dem tazminatlar\u0131 konusunda m\u00fcjdeyi kendileriyle <strong>daha \u00f6nce payla\u015fm\u0131\u015f<\/strong> ve s\u00f6z vermi\u015ftik. Bug\u00fcn, vermi\u015f oldu\u011fumuz bu s\u00f6z\u00fc yerine getiriyoruz. K\u0131sa s\u00fcrede <strong>Eynez k\u00f6m\u00fcr oca\u011f\u0131<\/strong>nda <strong>\u00e7al\u0131\u015fan madencilerimizin<\/strong> tazminatlar\u0131 <strong>banka hesaplar\u0131na yatm\u0131\u015f<\/strong> olacak.&#8221;ifadelerini kulland\u0131.<\/p>","protected":false},"excerpt":{"rendered":"<p>Sorry, this entry is only available in Turkish. For the sake of viewer convenience, the content is shown below in the alternative language. You may click the link to switch the active language. Enerji ve Tabii Kaynaklar Bakan\u0131 Fatih D\u00f6nmez taraf\u0131ndan Somal\u0131 madencilerin k\u0131dem tazminatlar\u0131n\u0131n \u00f6denmeye ba\u015fland\u0131\u011f\u0131 a\u00e7\u0131kland\u0131. Enerji ve Tabii Kaynaklar Bakan\u0131 Fatih D\u00f6nmez, [&hellip;]<\/p>\n","protected":false},"author":1,"featured_media":108913,"comment_status":"open","ping_status":"open","sticky":false,"template":"","format":"standard","meta":[],"categories":[51,53,24649],"tags":[52259,1972,1635,18820,67395,27530,67394,53315,67397,67393,67396],"views":102,"_links":{"self":[{"href":"https:\/\/www.enerjigazetesi.ist\/en\/wp-json\/wp\/v2\/posts\/108909"}],"collection":[{"href":"https:\/\/www.enerjigazetesi.ist\/en\/wp-json\/wp\/v2\/posts"}],"about":[{"href":"https:\/\/www.enerjigazetesi.ist\/en\/wp-json\/wp\/v2\/types\/post"}],"author":[{"embeddable":true,"href":"https:\/\/www.enerjigazetesi.ist\/en\/wp-json\/wp\/v2\/users\/1"}],"replies":[{"embeddable":true,"href":"https:\/\/www.enerjigazetesi.ist\/en\/wp-json\/wp\/v2\/comments?post=108909"}],"version-history":[{"count":0,"href":"https:\/\/www.enerjigazetesi.ist\/en\/wp-json\/wp\/v2\/posts\/108909\/revisions"}],"wp:featuredmedia":[{"embeddable":true,"href":"https:\/\/www.enerjigazetesi.ist\/en\/wp-json\/wp\/v2\/media\/108913"}],"wp:attachment":[{"href":"https:\/\/www.enerjigazetesi.ist\/en\/wp-json\/wp\/v2\/media?parent=108909"}],"wp:term":[{"taxonomy":"category","embeddable":true,"href":"https:\/\/www.enerjigazetesi.ist\/en\/wp-json\/wp\/v2\/categories?post=108909"},{"taxonomy":"post_tag","embeddable":true,"href":"https:\/\/www.enerjigazetesi.ist\/en\/wp-json\/wp\/v2\/tags?post=108909"}],"curies":[{"name":"wp","href":"https:\/\/api.w.org\/{rel}","templated":true}]}}