{"id":10883,"date":"2013-05-14T09:50:48","date_gmt":"2013-05-14T06:50:48","guid":{"rendered":"https:\/\/www.enerjigazetesi.ist\/?p=10883"},"modified":"2013-05-14T09:50:55","modified_gmt":"2013-05-14T06:50:55","slug":"dagdelen-hes-elektrik-uretimine-basladi","status":"publish","type":"post","link":"https:\/\/www.enerjigazetesi.ist\/en\/dagdelen-hes-elektrik-uretimine-basladi\/","title":{"rendered":"(Turkish) Da\u011fdelen HES Elektrik \u00dcretimine Ba\u015flad\u0131"},"content":{"rendered":"<p class=\"qtranxs-available-languages-message qtranxs-available-languages-message-en\">Sorry, this entry is only available in <a href=\"https:\/\/www.enerjigazetesi.ist\/tr\/wp-json\/wp\/v2\/posts\/10883\" class=\"qtranxs-available-language-link qtranxs-available-language-link-tr\" title=\"Turkish\">Turkish<\/a>. For the sake of viewer convenience, the content is shown below in the alternative language. You may click the link to switch the active language.<\/p><p><strong>Enerjisa taraf\u0131ndan Ceyhan Nehri \u00fczerinde yap\u0131m\u0131 tamamlanan Da\u011fdelen Reg\u00fclat\u00f6r\u00fc ve Hidroelektrik Santrali, enerji \u00fcretimine ba\u015flad\u0131.<\/strong><\/p>\n<p>Enerji Bakanl\u0131\u011f\u0131 \u0130zin Heyeti Komisyon Ba\u015fkan\u0131 Kemal Alaku\u015f ile ekibi taraf\u0131ndan yap\u0131lan son kontroller ve denetimlerin ard\u0131ndan, Enerjisa y\u00f6neticileriyle birlikte ge\u00e7ici kabul anla\u015fmas\u0131n\u0131 imzalad\u0131.<\/p>\n<p>Grand otel&#8217;de d\u00fczenlenen t\u00f6rende Enerji Bakanl\u0131\u011f\u0131 yetkilileri, DS\u0130, TE\u0130A\u015e, E\u00dcA\u015e ve Enerjisa y\u00f6neticilerin<a href=\"https:\/\/www.enerjigazetesi.ist\/wp-content\/uploads\/2013\/05\/dagdelen-hes-elektrik-uretimi-ne-basladi.jpg\"><img loading=\"lazy\" class=\"alignright size-medium wp-image-10884\" title=\"dagdelen-hes-elektrik-uretimi-ne-basladi\" src=\"https:\/\/www.enerjigazetesi.ist\/wp-content\/uploads\/2013\/05\/dagdelen-hes-elektrik-uretimi-ne-basladi-300x181.jpg\" alt=\"\" width=\"300\" height=\"181\" srcset=\"https:\/\/www.enerjigazetesi.ist\/wp-content\/uploads\/2013\/05\/dagdelen-hes-elektrik-uretimi-ne-basladi-300x181.jpg 300w, https:\/\/www.enerjigazetesi.ist\/wp-content\/uploads\/2013\/05\/dagdelen-hes-elektrik-uretimi-ne-basladi-80x48.jpg 80w, https:\/\/www.enerjigazetesi.ist\/wp-content\/uploads\/2013\/05\/dagdelen-hes-elektrik-uretimi-ne-basladi.jpg 480w\" sizes=\"(max-width: 300px) 100vw, 300px\" \/><\/a>den olu\u015fan 25 ki\u015filik ekip, Da\u011fdelen Reg\u00fclat\u00f6r\u00fc ve Hidroelektrik Santrali&#8217;nin ge\u00e7ici kabul\u00fc i\u00e7in kar\u015f\u0131l\u0131kl\u0131 imzalar\u0131 att\u0131. Bug\u00fcn itibariyle enerji \u00fcretimine ba\u015flayan Da\u011fdelen Reg\u00fclat\u00f6r\u00fc ve Hidroelektrik Santrali&#8217;ni, 49 y\u0131l s\u00fcreyle Enerjisa taraf\u0131ndan i\u015fletilecek.<\/p>\n<p>Gerekli anla\u015fman\u0131n imzalanmas\u0131n\u0131n ard\u0131ndan a\u00e7\u0131klama yapan Enerji Bakanl\u0131\u011f\u0131 \u0130zin Heyeti Komisyon Ba\u015fkan\u0131 Kemal Alaku\u015f, Da\u011fdelen Baraj\u0131n\u0131n hay\u0131rl\u0131 olmas\u0131n\u0131 temenni ederek, &#8220;Uzun bir \u00e7al\u0131\u015fma neticesinde bu noktaya geldik. B\u00f6lgemize yat\u0131r\u0131m yapan Enerjisa y\u00f6neticilerine ve personeline te\u015fekk\u00fcr ederim.<\/p>\n<p>Bu \u00e7al\u0131\u015fmalar\u0131m\u0131z\u0131n en temel kayna\u011f\u0131 Ceyhan Nehrimizin bereketidir. Ceyhan nehrimiz do\u011fdu\u011fu noktadan d\u00f6k\u00fcld\u00fc\u011f\u00fc noktaya kadar bereket sa\u00e7\u0131yor. Bu \u00e7ok g\u00fczel bir nimet. Ceyhan nehrimizin \u00fczerinde Enerjisa taraf\u0131ndan yap\u0131lan b\u00fcy\u00fck yat\u0131r\u0131mlar var. Enerjisa&#8217;n\u0131n ilk yat\u0131r\u0131mlar\u0131 aras\u0131nda yer alan Da\u011fdelen Reg\u00fclat\u00f6r\u00fc ve Hidroelektrik Santrali tamamlad\u0131. Santralimizin ge\u00e7ici kabul\u00fcn\u00fc ger\u00e7ekle\u015ftirdik. \u0130mza t\u00f6renine kat\u0131lan herkese te\u015fekk\u00fcr ediyorum. Bu tesisimizin b\u00f6lgemize, ilimize ve \u00fclkemize hay\u0131rl\u0131 olmas\u0131n\u0131 temenni ediyorum&#8221; dedi<\/p>\n<p>Kaynak: <a href=\"http:\/\/www.energyworld.com.tr\/root.vol?title=dagdelen-hes-elektrik-uretimine-basladi&amp;exec=page&amp;nid=536939\" target=\"_blank\">Energy World<\/a><\/p>","protected":false},"excerpt":{"rendered":"<p>Sorry, this entry is only available in Turkish. For the sake of viewer convenience, the content is shown below in the alternative language. You may click the link to switch the active language.Enerjisa taraf\u0131ndan Ceyhan Nehri \u00fczerinde yap\u0131m\u0131 tamamlanan Da\u011fdelen Reg\u00fclat\u00f6r\u00fc ve Hidroelektrik Santrali, enerji \u00fcretimine ba\u015flad\u0131. Enerji Bakanl\u0131\u011f\u0131 \u0130zin Heyeti Komisyon Ba\u015fkan\u0131 Kemal Alaku\u015f [&hellip;]<\/p>\n","protected":false},"author":1,"featured_media":10884,"comment_status":"open","ping_status":"open","sticky":false,"template":"","format":"standard","meta":[],"categories":[51,53,47],"tags":[5298,5299,68,5300,63,67,422,35370,1090],"views":1514,"_links":{"self":[{"href":"https:\/\/www.enerjigazetesi.ist\/en\/wp-json\/wp\/v2\/posts\/10883"}],"collection":[{"href":"https:\/\/www.enerjigazetesi.ist\/en\/wp-json\/wp\/v2\/posts"}],"about":[{"href":"https:\/\/www.enerjigazetesi.ist\/en\/wp-json\/wp\/v2\/types\/post"}],"author":[{"embeddable":true,"href":"https:\/\/www.enerjigazetesi.ist\/en\/wp-json\/wp\/v2\/users\/1"}],"replies":[{"embeddable":true,"href":"https:\/\/www.enerjigazetesi.ist\/en\/wp-json\/wp\/v2\/comments?post=10883"}],"version-history":[{"count":3,"href":"https:\/\/www.enerjigazetesi.ist\/en\/wp-json\/wp\/v2\/posts\/10883\/revisions"}],"predecessor-version":[{"id":10886,"href":"https:\/\/www.enerjigazetesi.ist\/en\/wp-json\/wp\/v2\/posts\/10883\/revisions\/10886"}],"wp:featuredmedia":[{"embeddable":true,"href":"https:\/\/www.enerjigazetesi.ist\/en\/wp-json\/wp\/v2\/media\/10884"}],"wp:attachment":[{"href":"https:\/\/www.enerjigazetesi.ist\/en\/wp-json\/wp\/v2\/media?parent=10883"}],"wp:term":[{"taxonomy":"category","embeddable":true,"href":"https:\/\/www.enerjigazetesi.ist\/en\/wp-json\/wp\/v2\/categories?post=10883"},{"taxonomy":"post_tag","embeddable":true,"href":"https:\/\/www.enerjigazetesi.ist\/en\/wp-json\/wp\/v2\/tags?post=10883"}],"curies":[{"name":"wp","href":"https:\/\/api.w.org\/{rel}","templated":true}]}}