{"id":108823,"date":"2020-02-20T11:15:46","date_gmt":"2020-02-20T08:15:46","guid":{"rendered":"https:\/\/www.enerjigazetesi.ist\/?p=108823"},"modified":"2020-02-20T11:16:08","modified_gmt":"2020-02-20T08:16:08","slug":"teksan-25inci-yilinda-yenilikci-cozumleriyle-calismalarini-surduruyor","status":"publish","type":"post","link":"https:\/\/www.enerjigazetesi.ist\/en\/teksan-25inci-yilinda-yenilikci-cozumleriyle-calismalarini-surduruyor\/","title":{"rendered":"(Turkish) &#8217;Teksan&#8217; 25&#8217;inci Y\u0131l\u0131nda da Yenilik\u00e7i \u00c7\u00f6z\u00fcmleriyle \u00c7al\u0131\u015fmalar\u0131n\u0131 S\u00fcrd\u00fcr\u00fcyor!"},"content":{"rendered":"<p class=\"qtranxs-available-languages-message qtranxs-available-languages-message-en\">Sorry, this entry is only available in <a href=\"https:\/\/www.enerjigazetesi.ist\/tr\/wp-json\/wp\/v2\/posts\/108823\" class=\"qtranxs-available-language-link qtranxs-available-language-link-tr\" title=\"Turkish\">Turkish<\/a>. For the sake of viewer convenience, the content is shown below in the alternative language. You may click the link to switch the active language.<\/p><p><\/p>\n<h1>Yenilik\u00e7i \u00e7\u00f6z\u00fcmleri ile kesintisiz enerjinin g\u00fcvenilir ad\u0131 Teksan, sekt\u00f6rdeki 25&#8217;inci y\u0131l\u0131n\u0131 i\u015f ortaklar\u0131 ve \u00e7al\u0131\u015fanlar\u0131 ile Kapadokya\u2019da kutlad\u0131. 1994 y\u0131l\u0131nda dizel jenerat\u00f6r ile sekt\u00f6re giri\u015f yapan firma, 25&#8217;inci y\u0131l\u0131nda hibrit g\u00fc\u00e7 sistemlerinden kojenerasyon ve biyogazdan enerji \u00fcretimine kadar bir\u00e7ok farkl\u0131 alanda \u00e7\u00f6z\u00fcmler sunan global bir \u015firket haline geldi. \u00d6zel proje tasar\u0131mlar\u0131 ve m\u00fc\u015fteri odakl\u0131 hizmetleri ile farkl\u0131la\u015fan \u015firket, 136 \u00fclkeye ihracat yap\u0131yor.<\/h1>\n<p>Teksan\u2019\u0131n Kapadokya\u2019da ger\u00e7ekle\u015ftirdi\u011fi bulu\u015fmaya, T\u00fcrkiye ve <strong>yurtd\u0131\u015f\u0131ndan i\u015f ortaklar\u0131<\/strong> ile <strong>\u00e7al\u0131\u015fanlar\u0131ndan<\/strong> olu\u015fan yakla\u015f\u0131k<strong> 160 ki\u015fi<\/strong> kat\u0131ld\u0131. Organizasyonun <strong>2&#8217;inci g\u00fcn\u00fcnde<\/strong> d\u00fczenlenen toplant\u0131da\u00a0<strong>Teksan Y\u00f6netim Kurulu \u00dcyeleri Burak Ba\u015fe\u011fmezler<\/strong>\u00a0ve\u00a0<strong>Ebru Ata Tuncer<\/strong>, \u015firketin 2019 y\u0131l\u0131n\u0131 de\u011ferlendiren ve <strong>2020 hedefleri<\/strong> ile <strong>2028 vizyonunu<\/strong> ortaya koyan bir sunum yapt\u0131. <img loading=\"lazy\" class=\"alignright wp-image-108827\" src=\"https:\/\/www.enerjigazetesi.ist\/wp-content\/uploads\/2020\/02\/teksan-25inci-yilinda-yenilikci-cozumleriyle-calismalarini-surduruyor-2.jpg\" alt=\"\" width=\"320\" height=\"216\" srcset=\"https:\/\/www.enerjigazetesi.ist\/wp-content\/uploads\/2020\/02\/teksan-25inci-yilinda-yenilikci-cozumleriyle-calismalarini-surduruyor-2.jpg 653w, https:\/\/www.enerjigazetesi.ist\/wp-content\/uploads\/2020\/02\/teksan-25inci-yilinda-yenilikci-cozumleriyle-calismalarini-surduruyor-2-300x202.jpg 300w, https:\/\/www.enerjigazetesi.ist\/wp-content\/uploads\/2020\/02\/teksan-25inci-yilinda-yenilikci-cozumleriyle-calismalarini-surduruyor-2-500x337.jpg 500w, https:\/\/www.enerjigazetesi.ist\/wp-content\/uploads\/2020\/02\/teksan-25inci-yilinda-yenilikci-cozumleriyle-calismalarini-surduruyor-2-74x50.jpg 74w\" sizes=\"(max-width: 320px) 100vw, 320px\" \/><strong>T\u00fcrkiye ve d\u00fcnya ekonomisindeki<\/strong> ya\u015fanan geli\u015fmeler paralelinde g\u00f6r\u00fc\u015fler payla\u015f\u0131ld\u0131, <strong>i\u015f ortaklar\u0131ndan gelen sorular<\/strong> yan\u0131tland\u0131.<\/p>\n<p>Teksan\u2019\u0131n <strong>1994 y\u0131l\u0131ndaki<\/strong> kurulu\u015fuyla bug\u00fcne kadarki ba\u015far\u0131 hik\u00e2yesinin hem kurucular hem de y\u0131llard\u0131r \u015firkete emek veren \u00e7al\u0131\u015fanlar\u0131n a\u011fz\u0131ndan anlat\u0131ld\u0131\u011f\u0131, <strong>2&#8217;inci ku\u015fa\u011f\u0131n<\/strong> gelecek hedeflerine dair g\u00f6r\u00fc\u015flerini payla\u015ft\u0131\u011f\u0131 belgesel tad\u0131ndaki <strong>25&#8217;inci y\u0131l filmi<\/strong> ise ilk kez Kapadokya\u2019daki toplant\u0131da g\u00f6sterildi. Teksan\u2019\u0131n <strong>hayallerinin pe\u015finden giden<\/strong> ve <strong>\u00e7ok \u00e7al\u0131\u015farak bu hayalleri ger\u00e7e\u011fe d\u00f6n\u00fc\u015ft\u00fcren<\/strong> kurucu vizyonu ve \u2018g\u00fcven\u2019 \u00fczerine in\u015fa edilen<strong> g\u00fc\u00e7l\u00fc marka alg\u0131s\u0131<\/strong> ile bug\u00fcnlere ula\u015ft\u0131\u011f\u0131 vurguland\u0131. <strong>Duygusal anlar ya\u015fanmas\u0131na<\/strong> sebep olan film izleyenlerden b\u00fcy\u00fck alk\u0131\u015f ald\u0131.<\/p>\n<p>Teksan bayileri, <strong>3 g\u00fcn s\u00fcren<\/strong> organizasyon s\u0131ras\u0131nda <strong>Kapadokya\u2019n\u0131n<\/strong> tarihi ve do\u011fal g\u00fczelliklerini ke\u015ffetmeyi de ihmal etmediler. \u00d6zellikle yurtd\u0131\u015f\u0131ndan gelen misafirler <strong>Balon Turu<\/strong> ba\u015fta olmak \u00fczere g\u00f6rd\u00fckleri g\u00fczelliklere hayran kald\u0131lar.<\/p>\n<h2><strong>Teksan 2028\u2019de cirosunu 500 milyon Euro\u2019ya, \u00e7al\u0131\u015fan say\u0131s\u0131n\u0131 ise 1000\u2019e \u00e7\u0131karmay\u0131 hedefliyor\u2026<\/strong><\/h2>\n<p><strong>Teksan Jenerat\u00f6r Pazarlamadan Sorumlu Y\u00f6netim Kurulu \u00dcyesi Ebru Ata Tuncer<\/strong>, yapt\u0131\u011f\u0131 a\u00e7\u0131klamada, % 100 yerli sermaye ile kurulan ve \u00f6z kaynaklar\u0131 ile b\u00fcy\u00fcyen Teksan\u2019\u0131n <strong>25&#8217;inci y\u0131l\u0131nda<\/strong> <strong>130\u2019dan fazla \u00fclkeye ihracat<\/strong> yapan global bir \u015firkete d\u00f6n\u00fc\u015ft\u00fc\u011f\u00fcn\u00fc belirterek bu ba\u015far\u0131ya katk\u0131 sa\u011flayan <strong>t\u00fcm \u00e7al\u0131\u015fanlar\u0131 ve i\u015f ortaklar\u0131na<\/strong> te\u015fekk\u00fcr etti.<\/p>\n<p><img loading=\"lazy\" class=\"alignleft wp-image-108828\" src=\"https:\/\/www.enerjigazetesi.ist\/wp-content\/uploads\/2020\/02\/teksan-25inci-yilinda-yenilikci-cozumleriyle-calismalarini-surduruyor-3.jpg\" alt=\"\" width=\"320\" height=\"220\" srcset=\"https:\/\/www.enerjigazetesi.ist\/wp-content\/uploads\/2020\/02\/teksan-25inci-yilinda-yenilikci-cozumleriyle-calismalarini-surduruyor-3.jpg 667w, https:\/\/www.enerjigazetesi.ist\/wp-content\/uploads\/2020\/02\/teksan-25inci-yilinda-yenilikci-cozumleriyle-calismalarini-surduruyor-3-300x206.jpg 300w, https:\/\/www.enerjigazetesi.ist\/wp-content\/uploads\/2020\/02\/teksan-25inci-yilinda-yenilikci-cozumleriyle-calismalarini-surduruyor-3-500x344.jpg 500w, https:\/\/www.enerjigazetesi.ist\/wp-content\/uploads\/2020\/02\/teksan-25inci-yilinda-yenilikci-cozumleriyle-calismalarini-surduruyor-3-73x50.jpg 73w\" sizes=\"(max-width: 320px) 100vw, 320px\" \/>2028 vizyonlar\u0131nda <strong>500 milyon Euro ciro<\/strong> ve <strong>1000 \u00e7al\u0131\u015fana ula\u015fma<\/strong> hedefi koyduklar\u0131n\u0131 dile getiren\u00a0<strong>Ebru Ata Tuncer<\/strong>, s\u00f6zlerini \u015f\u00f6yle s\u00fcrd\u00fcrd\u00fc: \u201c1994 y\u0131l\u0131nda Y\u00f6netim Kurulu Ba\u015fkan\u0131m\u0131z <strong>\u00d6zdemir Ata<\/strong> ve rahmetli kurucumuz <strong>Abdulkadir Teksan<\/strong> taraf\u0131ndan temelleri at\u0131lan \u015firketimiz, bug\u00fcn Ata, <strong>Ba\u015fe\u011fmezler ve Teksan ailelerinin<\/strong> <em>2&#8217;inci ku\u015fa\u011f\u0131n\u0131n da<\/em> y\u00f6netime gelmesi ile g\u00fc\u00e7l\u00fc bir \u015fekilde yoluna devam ediyor. Biz de Teksan ile birlikte b\u00fcy\u00fcd\u00fck. \u015eirketimizin DNA\u2019s\u0131n\u0131 olu\u015fturan <strong>kalite, g\u00fcven ve yenilik kavramlar\u0131n\u0131n<\/strong> b\u00fcy\u00fcmemizin itici g\u00fcc\u00fc oldu\u011funa tan\u0131kl\u0131k ettik. Teksan; \u00e7al\u0131\u015fanlar\u0131, <strong>i\u015f ortaklar\u0131 ve m\u00fc\u015fterileri<\/strong> ile \u00e7ok b\u00fcy\u00fck bir aile. <strong>\u0130stanbul ve Kocaeli fabrikalar\u0131m\u0131zda<\/strong> y\u0131lda <strong>15 bin adetlik \u00fcretim<\/strong> kapasitesine sahibiz ve <strong>700 ki\u015fiye istihdam<\/strong> sa\u011fl\u0131yoruz. Kurucular\u0131m\u0131z\u0131n insana de\u011fer yakla\u015f\u0131mlar\u0131 t\u00fcm \u00e7al\u0131\u015fmalar\u0131m\u0131zda bize de rehberlik etmeye devam ediyor. <strong>Yerli sanayinin geli\u015fmesi ve istihdam yaratmaya<\/strong> \u015firket olarak \u00f6nem verdi\u011fimiz konular\u0131n ba\u015f\u0131nda yer al\u0131yor. K\u00fcresel ekonomideki yava\u015flamaya ra\u011fmen 25&#8217;inci y\u0131l\u0131m\u0131z\u0131 <strong>100 milyon Euro ciro<\/strong> ile kapataca\u011f\u0131m\u0131z\u0131 \u00f6ng\u00f6r\u00fcyoruz. 2028 vizyonumuzu <strong>1000 \u00e7al\u0131\u015fan<\/strong> ve <strong>500 milyon Euro<\/strong> ciroya ula\u015fmak \u015feklinde belirledik. T\u00fcrkiye ve yurtd\u0131\u015f\u0131nda \u00fcstlendi\u011fimiz b\u00fcy\u00fck projelerdeki deneyimimiz ve <strong>Teksan markas\u0131na<\/strong> duyulan g\u00fcven ile bu hedeflere ula\u015fmakta zorlanmayaca\u011f\u0131z\u201d.<\/p>\n<p>Kaynak: <a href=\"http:\/\/www.teksan.com\/tr\/haberler\/teksan-25-yilini-is-ortaklari-ile-kapadokyada-kutladi\/\" target=\"_blank\" rel=\"noopener\">Teksan Haberler<\/a><\/p>","protected":false},"excerpt":{"rendered":"<p>Sorry, this entry is only available in Turkish. For the sake of viewer convenience, the content is shown below in the alternative language. You may click the link to switch the active language. Yenilik\u00e7i \u00e7\u00f6z\u00fcmleri ile kesintisiz enerjinin g\u00fcvenilir ad\u0131 Teksan, sekt\u00f6rdeki 25&#8217;inci y\u0131l\u0131n\u0131 i\u015f ortaklar\u0131 ve \u00e7al\u0131\u015fanlar\u0131 ile Kapadokya\u2019da kutlad\u0131. 1994 y\u0131l\u0131nda dizel jenerat\u00f6r [&hellip;]<\/p>\n","protected":false},"author":1,"featured_media":108826,"comment_status":"open","ping_status":"open","sticky":false,"template":"","format":"standard","meta":[],"categories":[51,53,52],"tags":[67332,67331,25925,49929,67333,48540,5070,52674,52259,26559,42414,50252,59525,67326,67328,67329,35543,67327,67330,793],"views":332,"_links":{"self":[{"href":"https:\/\/www.enerjigazetesi.ist\/en\/wp-json\/wp\/v2\/posts\/108823"}],"collection":[{"href":"https:\/\/www.enerjigazetesi.ist\/en\/wp-json\/wp\/v2\/posts"}],"about":[{"href":"https:\/\/www.enerjigazetesi.ist\/en\/wp-json\/wp\/v2\/types\/post"}],"author":[{"embeddable":true,"href":"https:\/\/www.enerjigazetesi.ist\/en\/wp-json\/wp\/v2\/users\/1"}],"replies":[{"embeddable":true,"href":"https:\/\/www.enerjigazetesi.ist\/en\/wp-json\/wp\/v2\/comments?post=108823"}],"version-history":[{"count":2,"href":"https:\/\/www.enerjigazetesi.ist\/en\/wp-json\/wp\/v2\/posts\/108823\/revisions"}],"predecessor-version":[{"id":108825,"href":"https:\/\/www.enerjigazetesi.ist\/en\/wp-json\/wp\/v2\/posts\/108823\/revisions\/108825"}],"wp:featuredmedia":[{"embeddable":true,"href":"https:\/\/www.enerjigazetesi.ist\/en\/wp-json\/wp\/v2\/media\/108826"}],"wp:attachment":[{"href":"https:\/\/www.enerjigazetesi.ist\/en\/wp-json\/wp\/v2\/media?parent=108823"}],"wp:term":[{"taxonomy":"category","embeddable":true,"href":"https:\/\/www.enerjigazetesi.ist\/en\/wp-json\/wp\/v2\/categories?post=108823"},{"taxonomy":"post_tag","embeddable":true,"href":"https:\/\/www.enerjigazetesi.ist\/en\/wp-json\/wp\/v2\/tags?post=108823"}],"curies":[{"name":"wp","href":"https:\/\/api.w.org\/{rel}","templated":true}]}}