{"id":108795,"date":"2020-02-19T16:45:53","date_gmt":"2020-02-19T13:45:53","guid":{"rendered":"https:\/\/www.enerjigazetesi.ist\/?p=108795"},"modified":"2020-02-19T16:46:30","modified_gmt":"2020-02-19T13:46:30","slug":"2020-sonrasi-ruzgar-yatirimlari-icin-yekdem-kuru-ve-fiyati-hayati-onemde","status":"publish","type":"post","link":"https:\/\/www.enerjigazetesi.ist\/en\/2020-sonrasi-ruzgar-yatirimlari-icin-yekdem-kuru-ve-fiyati-hayati-onemde\/","title":{"rendered":"(Turkish) &#8221;2020 Sonras\u0131 R\u00fczgar Yat\u0131r\u0131mlar\u0131nda YEKDEM Kuru ve Fiyat\u0131 Hayati \u00d6nemde&#8221;"},"content":{"rendered":"<p class=\"qtranxs-available-languages-message qtranxs-available-languages-message-en\">Sorry, this entry is only available in <a href=\"https:\/\/www.enerjigazetesi.ist\/tr\/wp-json\/wp\/v2\/posts\/108795\" class=\"qtranxs-available-language-link qtranxs-available-language-link-tr\" title=\"Turkish\">Turkish<\/a>. For the sake of viewer convenience, the content is shown below in the alternative language. You may click the link to switch the active language.<\/p><p><\/p>\n<h1><strong>T\u00fcrkiye R\u00fczgar Enerjisi Birli\u011fi (T\u00dcREB) Ba\u015fkan\u0131 Hakan Y\u0131ld\u0131r\u0131m<\/strong>, \u00fclkemizde s\u00fcrd\u00fcr\u00fclebilir ve finanse edilebilir r\u00fczgar yat\u0131r\u0131mlar\u0131n\u0131 garanti alt\u0131na almak ad\u0131na, 2020 Aral\u0131k ay\u0131nda sona erecek olan Yenilenebilir Enerji Kaynaklar\u0131 Destek Mekanizmas\u0131 (YEKDEM) fiyat\u0131n\u0131n d\u00f6viz bazl\u0131 olarak belirlenmesinden yana olduklar\u0131n\u0131 a\u00e7\u0131klad\u0131. \u201cYEKDEM bir maliyet kayna\u011f\u0131 de\u011fil, tam tersine \u00fclkemizin yenilenebilir enerji sanayisinin geli\u015fmesi ve elektrik t\u00fcketim maliyetimizin d\u00fc\u015fmesi a\u00e7\u0131s\u0131ndan \u00e7ok \u00f6nemli bir f\u0131rsatt\u0131r\u201d diyen <strong>Y\u0131ld\u0131r\u0131m<\/strong>, YEKDEM sayesinde yenilenebilir enerji sekt\u00f6r\u00fcne yerli yabanc\u0131 bir\u00e7ok \u015firket taraf\u0131ndan 50 milyar dolar yat\u0131r\u0131m yap\u0131ld\u0131\u011f\u0131n\u0131 ve finans kurulu\u015flar\u0131nca da yakla\u015f\u0131k 40 milyar dolar finansman deste\u011fi verildi\u011fini hat\u0131rlatarak \u201cBu sayede ge\u00e7ti\u011fimiz 10 y\u0131lda yenilenebilir enerji kapasitemizi 3\u2019e katlad\u0131k ve 42 bin MW\u2019a \u00e7\u0131kard\u0131k. R\u00fczgar ve g\u00fcne\u015f enerjisi sanayimizi olu\u015fturduk ve ayr\u0131ca g\u00fc\u00e7lendirdik. Enerji ithalat\u0131n\u0131 azaltarak cari a\u00e7\u0131\u011f\u0131n d\u00fc\u015fmesine katk\u0131 sa\u011flad\u0131k, enerji arz g\u00fcvenli\u011fini kuvvetlendirdik. \u015eimdi bu faydalar\u0131n artarak devam etmesi i\u00e7in maliyetlerin kuru ne ise destek mekanizmas\u0131n\u0131n kurunun da ayn\u0131 olmas\u0131 gerekti\u011fine inan\u0131yoruz. Bu da Euro olarak \u00f6n plana \u00e7\u0131k\u0131yor\u201d dedi.<\/h1>\n<h2><strong>\u201cYEKDEM yaln\u0131zca 2018 y\u0131l\u0131nda cari a\u00e7\u0131\u011f\u0131 900 milyon dolar d\u00fc\u015f\u00fcrd\u00fc\u201d<\/strong><\/h2>\n<p>T\u00fcrkiye\u2019nin elektrik talebi son 10 y\u0131lda y\u00fczde 50 artarak 200 milyar kWh\u2019dan 300 milyar kWh\u2019a \u00e7\u0131kmas\u0131na ra\u011fmen, artan 100 milyar kWh talebin y\u00fczde 60\u2019l\u0131k k\u0131sm\u0131n\u0131n yenilenebilir enerji santrallerinden kar\u015f\u0131lanabilmesinin en \u00f6nemli dinamosu, etkin bir \u015fekilde uygulanan YEKDEM <img loading=\"lazy\" class=\"alignright wp-image-108797\" src=\"https:\/\/www.enerjigazetesi.ist\/wp-content\/uploads\/2020\/02\/2020-sonrasi-ruzgar-yatirimlari-icin-yekdem-kuru-ve-fiyati-hayati-onemde-1-2.jpg\" alt=\"\" width=\"320\" height=\"197\" srcset=\"https:\/\/www.enerjigazetesi.ist\/wp-content\/uploads\/2020\/02\/2020-sonrasi-ruzgar-yatirimlari-icin-yekdem-kuru-ve-fiyati-hayati-onemde-1-2.jpg 700w, https:\/\/www.enerjigazetesi.ist\/wp-content\/uploads\/2020\/02\/2020-sonrasi-ruzgar-yatirimlari-icin-yekdem-kuru-ve-fiyati-hayati-onemde-1-2-300x184.jpg 300w, https:\/\/www.enerjigazetesi.ist\/wp-content\/uploads\/2020\/02\/2020-sonrasi-ruzgar-yatirimlari-icin-yekdem-kuru-ve-fiyati-hayati-onemde-1-2-500x307.jpg 500w, https:\/\/www.enerjigazetesi.ist\/wp-content\/uploads\/2020\/02\/2020-sonrasi-ruzgar-yatirimlari-icin-yekdem-kuru-ve-fiyati-hayati-onemde-1-2-80x50.jpg 80w\" sizes=\"(max-width: 320px) 100vw, 320px\" \/>mekanizmas\u0131 oldu. Kurulu g\u00fc\u00e7 olarak 8.000 MW\u2019a ula\u015fan r\u00fczgar santrallerinin sadece ithal yak\u0131t ikamesi katk\u0131s\u0131na bak\u0131ld\u0131\u011f\u0131nda, 2018 y\u0131l\u0131nda \u00fcretmi\u015f olduklar\u0131 yakla\u015f\u0131k 20 milyar kWh elektrik enerjisiyle, ayn\u0131 miktarda elektrik \u00fcretimi i\u00e7in gerekli olan ciddi miktarda do\u011falgaz ithalat\u0131 \u00f6nlenerek cari a\u00e7\u0131\u011f\u0131n yakla\u015f\u0131k 900 milyon dolar tutar\u0131nca azalt\u0131lmas\u0131 sa\u011fland\u0131. \u201cYEKDEM\u2019in en \u00f6nemli getirilerinden biri de bu 10 y\u0131ll\u0131k d\u00f6nemde artan talebin \u00f6nemli \u00f6l\u00e7\u00fcde yenilenebilir enerji \u00fcretimi ile kar\u015f\u0131lanmas\u0131 sonucunda, spot piyasadaki elektrik fiyatlar\u0131n\u0131 2008 y\u0131l\u0131nda MWh ba\u015f\u0131na 120 USD seviyesinden ilk 5 y\u0131l i\u00e7erisinde 80 dolar seviyesine, sonras\u0131nda da 40-50 dolar seviyesine kadar d\u00fc\u015f\u00fcrmesi oldu\u201d diyen <strong>T\u00dcREB Ba\u015fkan\u0131 Hakan Y\u0131ld\u0131r\u0131m<\/strong>, s\u00fcrd\u00fcr\u00fclebilir ve finanse edilebilir r\u00fczgar yat\u0131r\u0131mlar\u0131 i\u00e7in bir \u00e7\u0131pa fiyat\u0131n gerekli oldu\u011funun, bu fiyat\u0131n da yat\u0131r\u0131m\u0131n maliyetinin olu\u015ftu\u011fu kurdan belirlenmesi gerekti\u011finin alt\u0131n\u0131 \u00e7izdi.<\/p>\n<h2><strong>\u201cEuro cinsinden fonlama kamu yarar\u0131 a\u00e7\u0131s\u0131ndan TL\u2019ye g\u00f6re y\u00fczde 9 daha avantajl\u0131\u201d <\/strong><\/h2>\n<p><strong>Mevcut YEKDEM sisteminin<\/strong> <em>g\u00fcncel teknoloji, maliyet, finans, co\u011frafya ve r\u00fczgar ko\u015fullar\u0131na<\/em> g\u00f6re d\u00fczenlenmesi ve piyasa fiyat\u0131na yak\u0131n bir noktada tan\u0131mlanmas\u0131n\u0131n kamu menfaati ve yat\u0131r\u0131mlar\u0131n yap\u0131lmas\u0131 i\u00e7in elzem oldu\u011funu vurgulayan <strong>Y\u0131ld\u0131r\u0131m<\/strong>, \u201cYeni belirlenecek mekanizmada \u00e7\u0131pa fiyat\u0131 Euro olarak belirlenmeli ve al\u0131m garantisi de buna g\u00f6re d\u00fczenlenmeli. Halihaz\u0131rda Euro cinsinden fonlama maliyetleri kamu yarat\u0131 a\u00e7\u0131s\u0131ndan dolara g\u00f6re y\u00fczde <strong>2, TL<\/strong>\u2019ye g\u00f6re ise <strong>% 9<\/strong> daha avantajl\u0131. Ayr\u0131ca uzun vadeli ve daha <strong>makul finansman kaynaklar\u0131na<\/strong> eri\u015fim i\u00e7in al\u0131m garantisinin de mutlaka <strong>15 y\u0131l<\/strong> olarak d\u00fczenlenmesini \u00f6neriyoruz\u201d tespitinde bulundu. Y\u0131ld\u0131r\u0131m, bir k\u0131sm\u0131 <strong>yerli imal edilmi\u015f<\/strong> bile olsa (kanat, kule, jenerat\u00f6r) <strong>hammaddeler d\u00f6vize endeksli<\/strong> oldu\u011fundan, santrallerin maliyet taraf\u0131n\u0131n da b\u00fcy\u00fck oranda Euro\/dolar bazl\u0131 oldu\u011funu hat\u0131rlatarak <strong>Euro cinsinden al\u0131m garantisi<\/strong> d\u00fczenlenmesi durumunda, projelerin finansman\u0131n\u0131n daha d\u00fc\u015f\u00fck maliyetle sa\u011flanabilece\u011fine, finansman y\u00fck\u00fcn\u00fc hafifletecek bu durumun da yat\u0131r\u0131mc\u0131lar\u0131n daha <strong>d\u00fc\u015f\u00fck sermaye ile yat\u0131r\u0131m yapmalar\u0131na<\/strong> imk\u00e2n verece\u011fine dikkat \u00e7ekti. \u201cTL cinsinden bir al\u0131m garantisi olmas\u0131 durumunda \u00f6zellikle uluslararas\u0131 b\u00fcy\u00fck enerji yat\u0131r\u0131mc\u0131lar\u0131n\u0131n kurdaki olas\u0131 dalgalanmalardan dolay\u0131 projelere ilave risk primi koyma durumu ortaya \u00e7\u0131kacakt\u0131r\u201d \u015feklinde konu\u015fan <strong>Hakan Y\u0131ld\u0131r\u0131m<\/strong>, halihaz\u0131rda y\u0131lda <strong>1300 MW<\/strong> kurulu g\u00fc\u00e7ten <strong>500 MW\u2019lara<\/strong> d\u00fc\u015fm\u00fc\u015f olan sekt\u00f6r\u00fcn TL bazl\u0131 al\u0131m garantisi getirilmesi durumunda<strong> ilave risk primi<\/strong> ve <strong>maliyetlerle daha da zay\u0131flayaca\u011f\u0131<\/strong> ve emekleme a\u015famas\u0131na gelmi\u015f olan <strong>yerli r\u00fczgar sanayiinin<\/strong> bundan ciddi \u00f6l\u00e7\u00fcde zarar g\u00f6rece\u011fi uyar\u0131s\u0131nda bulundu.<\/p>\n<h2><strong>\u201cYerli r\u00fczgar sanayini korumak i\u00e7in katk\u0131 deste\u011fi en az 10 y\u0131l boyunca sunulmal\u0131\u201d<\/strong><\/h2>\n<p>Enerjide d\u0131\u015fa ba\u011f\u0131ml\u0131l\u0131\u011f\u0131n azalt\u0131lmas\u0131n\u0131n \u00f6nemli bir unsurunun ekipmanda da d\u0131\u015fa ba\u011f\u0131ml\u0131l\u0131\u011f\u0131n azalt\u0131lmas\u0131 oldu\u011funu kaydeden <strong>T\u00dcREB Ba\u015fkan\u0131 Y\u0131ld\u0131r\u0131m<\/strong>, \u201cBu nedenle mevcutta kurulmu\u015f ve geli\u015fmi\u015f olan yerli imalat sanayini korumak, rekabet\u00e7i olarak gelecek d\u00f6nemlere ta\u015f\u0131yabilmek ad\u0131na i\u00e7 pazar\u0131n canl\u0131 tutulmas\u0131 \u015fart\u201d \u015feklinde konu\u015farak yerli ekipman kullan\u0131m\u0131n\u0131n cazip k\u0131l\u0131nmas\u0131 amac\u0131yla ek bir fiyat deste\u011fi sunulmas\u0131 ve mutlaka al\u0131m garantisinden ba\u011f\u0131ms\u0131z olarak (piyasa fiyat\u0131yla birlikte enerji sat\u0131\u015f\u0131 yap\u0131lsa dahi) i\u015fletilmesini \u00f6nerdiklerini belirtti. Y\u0131ld\u0131r\u0131m, sanayi yat\u0131r\u0131mlar\u0131n\u0131n planlama ve amortisman s\u00fcre\u00e7lerini d\u00fc\u015f\u00fcnerek, yerli katk\u0131 deste\u011finin en az <strong>10 y\u0131l s\u00fcresince<\/strong> sunulmas\u0131 ve \u00e7\u0131pa fiyat deste\u011findeki gibi <strong>EUR cinsinden<\/strong> verilmesi faydal\u0131 olaca\u011f\u0131n\u0131 vurgulad\u0131.<\/p>\n<p>Sekt\u00f6rdeki 10 bin ki\u015filik istihdam\u0131n da yeni <strong>YEKDEM d\u00fczenlemesine<\/strong> ba\u011fl\u0131 olarak s\u0131k\u0131nt\u0131ya d\u00fc\u015febilece\u011fini belirten <strong>T\u00fcrkiye R\u00fczgar Enerjisi Birli\u011fi Ba\u015fkan\u0131 Hakan Y\u0131ld\u0131r\u0131m<\/strong> \u201c10 y\u0131lda s\u0131f\u0131rdan bir sekt\u00f6r ortaya koyduk. Yerli sanayimizde bu alanda global firmalara hizmet sunacak kalitede ciddi bir insan kayna\u011f\u0131 ve <strong>10 bin ki\u015fiyi<\/strong> a\u015fan bir istihdam ortaya \u00e7\u0131kt\u0131. <strong>YEKDEM<\/strong>\u2019le ilgili al\u0131nacak kararlar bu istihdam\u0131n gelece\u011fi a\u00e7\u0131s\u0131ndan da belirleyici olacak\u201d mesaj\u0131 verdi.<\/p>\n<h2><strong>\u201cSekt\u00f6r olarak bu s\u00fcre\u00e7te her t\u00fcrl\u00fc katk\u0131y\u0131 vermeye haz\u0131r\u0131z\u201d <\/strong><\/h2>\n<p><strong>Yenilenebilir enerji sekt\u00f6r\u00fc&#8217;n\u00fcn<\/strong> bu d\u00fczenlemeyle ilgili olarak uzun zamand\u0131r ilgili kurumlarla temasta oldu\u011funu hat\u0131rlatan <strong>Y\u0131ld\u0131r\u0131m<\/strong>, \u201cBiz sekt\u00f6r temsilcisi olarak bu a\u015famada da elimizden gelen t\u00fcm katk\u0131y\u0131 sa\u011flamaya ve g\u00f6r\u00fc\u015flerimizi bir kez daha payla\u015fmaya haz\u0131r\u0131z. Yenilenebilir enerjiyi T\u00fcrkiye\u2019de bir ba\u015far\u0131 hikayesi haline getiren Bakanl\u0131\u011f\u0131m\u0131z\u0131n bundan sonra da bu ba\u015far\u0131lar\u0131 art\u0131racak d\u00fczenlemeler yapaca\u011f\u0131na inan\u0131yor, <strong>her t\u00fcrl\u00fc i\u015f birli\u011fine a\u00e7\u0131k oldu\u011fumuzu<\/strong> bir kez daha ifade etmek istiyoruz\u201d dedi.<\/p>","protected":false},"excerpt":{"rendered":"<p>Sorry, this entry is only available in Turkish. For the sake of viewer convenience, the content is shown below in the alternative language. You may click the link to switch the active language. T\u00fcrkiye R\u00fczgar Enerjisi Birli\u011fi (T\u00dcREB) Ba\u015fkan\u0131 Hakan Y\u0131ld\u0131r\u0131m, \u00fclkemizde s\u00fcrd\u00fcr\u00fclebilir ve finanse edilebilir r\u00fczgar yat\u0131r\u0131mlar\u0131n\u0131 garanti alt\u0131na almak ad\u0131na, 2020 Aral\u0131k ay\u0131nda [&hellip;]<\/p>\n","protected":false},"author":1,"featured_media":108798,"comment_status":"open","ping_status":"open","sticky":false,"template":"","format":"standard","meta":[],"categories":[51,53,50],"tags":[52674,52259,7043,35002,53282,35035,54979,1682,3390,8275,56666,67301],"views":379,"_links":{"self":[{"href":"https:\/\/www.enerjigazetesi.ist\/en\/wp-json\/wp\/v2\/posts\/108795"}],"collection":[{"href":"https:\/\/www.enerjigazetesi.ist\/en\/wp-json\/wp\/v2\/posts"}],"about":[{"href":"https:\/\/www.enerjigazetesi.ist\/en\/wp-json\/wp\/v2\/types\/post"}],"author":[{"embeddable":true,"href":"https:\/\/www.enerjigazetesi.ist\/en\/wp-json\/wp\/v2\/users\/1"}],"replies":[{"embeddable":true,"href":"https:\/\/www.enerjigazetesi.ist\/en\/wp-json\/wp\/v2\/comments?post=108795"}],"version-history":[{"count":0,"href":"https:\/\/www.enerjigazetesi.ist\/en\/wp-json\/wp\/v2\/posts\/108795\/revisions"}],"wp:featuredmedia":[{"embeddable":true,"href":"https:\/\/www.enerjigazetesi.ist\/en\/wp-json\/wp\/v2\/media\/108798"}],"wp:attachment":[{"href":"https:\/\/www.enerjigazetesi.ist\/en\/wp-json\/wp\/v2\/media?parent=108795"}],"wp:term":[{"taxonomy":"category","embeddable":true,"href":"https:\/\/www.enerjigazetesi.ist\/en\/wp-json\/wp\/v2\/categories?post=108795"},{"taxonomy":"post_tag","embeddable":true,"href":"https:\/\/www.enerjigazetesi.ist\/en\/wp-json\/wp\/v2\/tags?post=108795"}],"curies":[{"name":"wp","href":"https:\/\/api.w.org\/{rel}","templated":true}]}}