{"id":108704,"date":"2020-02-18T15:08:15","date_gmt":"2020-02-18T12:08:15","guid":{"rendered":"https:\/\/www.enerjigazetesi.ist\/?p=108704"},"modified":"2020-02-18T15:09:10","modified_gmt":"2020-02-18T12:09:10","slug":"windeurope-2019-yilinda-avrupa-da-ruzgar-enerjisi-yuzde-27-artis-gosterdi","status":"publish","type":"post","link":"https:\/\/www.enerjigazetesi.ist\/en\/windeurope-2019-yilinda-avrupa-da-ruzgar-enerjisi-yuzde-27-artis-gosterdi\/","title":{"rendered":"(Turkish) WindEurope: &#8220;2019 Y\u0131l\u0131nda Avrupa&#8217;n\u0131n R\u00fczgar Enerjisi % 27 Art\u0131\u015f Kaydetti&#8221;"},"content":{"rendered":"<p class=\"qtranxs-available-languages-message qtranxs-available-languages-message-en\">Sorry, this entry is only available in <a href=\"https:\/\/www.enerjigazetesi.ist\/tr\/wp-json\/wp\/v2\/posts\/108704\" class=\"qtranxs-available-language-link qtranxs-available-language-link-tr\" title=\"Turkish\">Turkish<\/a>. For the sake of viewer convenience, the content is shown below in the alternative language. You may click the link to switch the active language.<\/p><p><\/p>\n<h1>Avrupa R\u00fczgar Enerjisi Birli\u011fi &#8216;WindEurope&#8217; taraf\u0131ndan Avrupa&#8217;da yeni r\u00fczgar enerjisi kurulumlar\u0131n\u0131n %27 b\u00fcy\u00fcme g\u00f6stererek 15,4 gigawatta (GW) \u00e7\u0131kt\u0131\u011f\u0131 a\u00e7\u0131kland\u0131.<strong><img loading=\"lazy\" class=\"alignright wp-image-108706\" src=\"https:\/\/www.enerjigazetesi.ist\/wp-content\/uploads\/2020\/02\/windeurope-2019-yilinda-avrupa-da-ruzgar-enerjisi-yuzde-27-artis-gosterdi.jpg\" alt=\"\" width=\"320\" height=\"193\" srcset=\"https:\/\/www.enerjigazetesi.ist\/wp-content\/uploads\/2020\/02\/windeurope-2019-yilinda-avrupa-da-ruzgar-enerjisi-yuzde-27-artis-gosterdi.jpg 810w, https:\/\/www.enerjigazetesi.ist\/wp-content\/uploads\/2020\/02\/windeurope-2019-yilinda-avrupa-da-ruzgar-enerjisi-yuzde-27-artis-gosterdi-300x181.jpg 300w, https:\/\/www.enerjigazetesi.ist\/wp-content\/uploads\/2020\/02\/windeurope-2019-yilinda-avrupa-da-ruzgar-enerjisi-yuzde-27-artis-gosterdi-768x463.jpg 768w, https:\/\/www.enerjigazetesi.ist\/wp-content\/uploads\/2020\/02\/windeurope-2019-yilinda-avrupa-da-ruzgar-enerjisi-yuzde-27-artis-gosterdi-500x301.jpg 500w, https:\/\/www.enerjigazetesi.ist\/wp-content\/uploads\/2020\/02\/windeurope-2019-yilinda-avrupa-da-ruzgar-enerjisi-yuzde-27-artis-gosterdi-80x48.jpg 80w\" sizes=\"(max-width: 320px) 100vw, 320px\" \/><\/strong><\/h1>\n<p><strong>Avrupa R\u00fczgar Enerjisi Birli\u011fi &#8216;WindEurope&#8217;<\/strong> Avrupa&#8217;da yeni <strong>r\u00fczgar enerjisi kurulumunun<\/strong> <strong>% 27<\/strong> b\u00fcy\u00fcyerek <strong>15,4 gigawatta (GW)<\/strong> ula\u015ft\u0131\u011f\u0131n\u0131 a\u00e7\u0131klad\u0131. Verilere g\u00f6re <strong>2019 y\u0131l\u0131nda<\/strong> Avrupa \u00e7ap\u0131nda yeni <strong>onshore r\u00fczgar enerji kurulumu<\/strong> <em>11,7 GW<\/em> ve offshore ilavesi <strong>3,6 GW&#8217;ye<\/strong> \u00e7\u0131karak rekora imza att\u0131.<\/p>\n<p>B\u00f6ylece <strong>Avrupa&#8217;n\u0131n<\/strong> toplam r\u00fczgar enerji kurulumu <strong>205 GW&#8217;ye<\/strong> \u00e7\u0131karken WindEurope CEO&#8217;su Giles Dickson yapt\u0131\u011f\u0131 a\u00e7\u0131klamada &#8220;<strong>R\u00fczgar<\/strong> AB elektri\u011finin <strong>% 15&#8217;ini<\/strong> meydana getiriyor. Ama Avrupa <strong>2050 y\u0131l\u0131nda<\/strong> Avrupa&#8217;n\u0131n elektrik \u00fcretiminin <strong>yar\u0131s\u0131n\u0131 olu\u015fturma hedefine<\/strong> ula\u015fmaya y\u00f6nelik yeni <strong>r\u00fczgar santralleri in\u015fas\u0131<\/strong> yetersiz&#8221; ifadelerini kulland\u0131.<\/p>","protected":false},"excerpt":{"rendered":"<p>Sorry, this entry is only available in Turkish. For the sake of viewer convenience, the content is shown below in the alternative language. You may click the link to switch the active language. Avrupa R\u00fczgar Enerjisi Birli\u011fi &#8216;WindEurope&#8217; taraf\u0131ndan Avrupa&#8217;da yeni r\u00fczgar enerjisi kurulumlar\u0131n\u0131n %27 b\u00fcy\u00fcme g\u00f6stererek 15,4 gigawatta (GW) \u00e7\u0131kt\u0131\u011f\u0131 a\u00e7\u0131kland\u0131. Avrupa R\u00fczgar Enerjisi [&hellip;]<\/p>\n","protected":false},"author":1,"featured_media":108706,"comment_status":"open","ping_status":"open","sticky":false,"template":"","format":"standard","meta":[],"categories":[51,53,50],"tags":[67250,1681,52259,28313,67249,21048,67251,53282,54979,29054],"views":156,"_links":{"self":[{"href":"https:\/\/www.enerjigazetesi.ist\/en\/wp-json\/wp\/v2\/posts\/108704"}],"collection":[{"href":"https:\/\/www.enerjigazetesi.ist\/en\/wp-json\/wp\/v2\/posts"}],"about":[{"href":"https:\/\/www.enerjigazetesi.ist\/en\/wp-json\/wp\/v2\/types\/post"}],"author":[{"embeddable":true,"href":"https:\/\/www.enerjigazetesi.ist\/en\/wp-json\/wp\/v2\/users\/1"}],"replies":[{"embeddable":true,"href":"https:\/\/www.enerjigazetesi.ist\/en\/wp-json\/wp\/v2\/comments?post=108704"}],"version-history":[{"count":0,"href":"https:\/\/www.enerjigazetesi.ist\/en\/wp-json\/wp\/v2\/posts\/108704\/revisions"}],"wp:featuredmedia":[{"embeddable":true,"href":"https:\/\/www.enerjigazetesi.ist\/en\/wp-json\/wp\/v2\/media\/108706"}],"wp:attachment":[{"href":"https:\/\/www.enerjigazetesi.ist\/en\/wp-json\/wp\/v2\/media?parent=108704"}],"wp:term":[{"taxonomy":"category","embeddable":true,"href":"https:\/\/www.enerjigazetesi.ist\/en\/wp-json\/wp\/v2\/categories?post=108704"},{"taxonomy":"post_tag","embeddable":true,"href":"https:\/\/www.enerjigazetesi.ist\/en\/wp-json\/wp\/v2\/tags?post=108704"}],"curies":[{"name":"wp","href":"https:\/\/api.w.org\/{rel}","templated":true}]}}