{"id":108699,"date":"2020-02-18T14:57:21","date_gmt":"2020-02-18T11:57:21","guid":{"rendered":"https:\/\/www.enerjigazetesi.ist\/?p=108699"},"modified":"2020-02-18T14:57:21","modified_gmt":"2020-02-18T11:57:21","slug":"hazirlanin-degisim-basliyor","status":"publish","type":"post","link":"https:\/\/www.enerjigazetesi.ist\/en\/hazirlanin-degisim-basliyor\/","title":{"rendered":"(Turkish) Haz\u0131rlan\u0131n! De\u011fi\u015fim Ba\u015fl\u0131yor\u2026"},"content":{"rendered":"<p class=\"qtranxs-available-languages-message qtranxs-available-languages-message-en\">Sorry, this entry is only available in <a href=\"https:\/\/www.enerjigazetesi.ist\/tr\/wp-json\/wp\/v2\/posts\/108699\" class=\"qtranxs-available-language-link qtranxs-available-language-link-tr\" title=\"Turkish\">Turkish<\/a>. For the sake of viewer convenience, the content is shown below in the alternative language. You may click the link to switch the active language.<\/p><p><\/p>\n<h1>Ak\u0131ll\u0131 \u015fehirler alan\u0131nda da k\u00fcresel bir oyuncu olma vizyonuyla ak\u0131ll\u0131 \u015fehir teknolojilerinde kendi ihtiya\u00e7lar\u0131m\u0131z\u0131 kar\u015f\u0131lamakla yetinmeyecek ve geli\u015ftirdi\u011fi teknolojilerle d\u00fcnya pazar\u0131na ihracat\u00e7\u0131 olarak girerek bu alanda k\u00fcresel bir oyuncu olmak i\u00e7in ne gerekiyorsa yapmakta kararl\u0131 oldu\u011fumuzu ifade eden Say\u0131n Cumhurba\u015fkan\u0131m\u0131z Recep Tayyip ERDO\u011eAN\u2019\u0131n imzalar\u0131yla 2019 y\u0131l\u0131nda y\u00fcr\u00fcrl\u00fc\u011fe girmi\u015f bulunan Ulusal Ak\u0131ll\u0131 \u015eehirler Stratejisi ve Eylem Plan\u0131 ile Amerika Birle\u015fik Devletleri, Hollanda ve Avustralya\u2019dan sonra ak\u0131ll\u0131 \u015fehirler konusunda ulusal stratejisini olu\u015fturmu\u015f bulunan d\u00f6rd\u00fcnc\u00fc \u00fclke T\u00fcrkiye\u2026<\/h1>\n<h1>Orta Asya, Rusya ve Ortado\u011fu\u2019yu Avrupa ve Atlantik pazarlar\u0131na ba\u011flayan \u0130stanbul\u2019da, ak\u0131ll\u0131 \u015fehirler, teknoloji, su, \u00e7evre ve enerji sekt\u00f6rlerinin yerli ve yabanc\u0131 karar vericilerini bir araya getiren ve bu y\u0131l \u0130stanbul L\u00fctfi K\u0131rdar Kongre Merkezi\u2019nde 08-09 Nisan 2020 tarihlerinde d\u00fczenlenecek olan<em>,<\/em> <em>&#8216;8. Uluslararas\u0131 \u0130stanbul Ak\u0131ll\u0131 \u015eebekeler ve \u015eehirler Kongre ve Fuar\u0131 ICSG, <\/em>Ak\u0131ll\u0131 \u015eehirler hususunda \u201cAvrasya\u2019da k\u00fcresel \u00f6l\u00e7ekte d\u00fczenlenen tek organizasyonu\u201d ve \u201csekt\u00f6r\u00fcn uluslararas\u0131 \u00f6l\u00e7ekteki tek\u201d ve en \u00f6nemli faaliyet alan\u0131 konumunda.<\/h1>\n<h2><strong>\u201cICSG 2020\u2019nin Onursal Ba\u015fkan\u0131 Sn. Fatma \u015eAH\u0130N\u201d<\/strong><\/h2>\n<p>Ak\u0131ll\u0131 \u015fehirler konusunda \u00f6nemli projelere imza atan ve <strong>T\u00fcrkiye Cumhurba\u015fkanl\u0131\u011f\u0131<\/strong> himayelerinde <img loading=\"lazy\" class=\"alignright wp-image-108701\" src=\"https:\/\/www.enerjigazetesi.ist\/wp-content\/uploads\/2020\/02\/hazirlanin-degisim-basliyor-2.jpg\" alt=\"\" width=\"320\" height=\"167\" srcset=\"https:\/\/www.enerjigazetesi.ist\/wp-content\/uploads\/2020\/02\/hazirlanin-degisim-basliyor-2.jpg 850w, https:\/\/www.enerjigazetesi.ist\/wp-content\/uploads\/2020\/02\/hazirlanin-degisim-basliyor-2-300x156.jpg 300w, https:\/\/www.enerjigazetesi.ist\/wp-content\/uploads\/2020\/02\/hazirlanin-degisim-basliyor-2-768x400.jpg 768w, https:\/\/www.enerjigazetesi.ist\/wp-content\/uploads\/2020\/02\/hazirlanin-degisim-basliyor-2-500x261.jpg 500w, https:\/\/www.enerjigazetesi.ist\/wp-content\/uploads\/2020\/02\/hazirlanin-degisim-basliyor-2-80x42.jpg 80w\" sizes=\"(max-width: 320px) 100vw, 320px\" \/><strong>T\u00fcrkiye Belediyeler Birli\u011fi<\/strong> taraf\u0131ndan d\u00fczenlenen <strong>Ak\u0131ll\u0131 \u015eehirler ve Belediyeler Kongre ve Sergisi<\/strong> esnas\u0131ndaki konu\u015fmalar\u0131nda ak\u0131ll\u0131 \u015fehirleri <strong>\u201cstrateji, liderlik, vizyon, k\u00fclt\u00fcr, \u015feffafl\u0131k, teknoloji, donan\u0131m ve yaz\u0131l\u0131m\u201d<\/strong> anahtar kelimeleriyle tan\u0131mlayarak \u00fclkemizin <strong>2023 vizyonu kapsam\u0131nda<\/strong> <em>Ar-Ge, inovasyon ve \u00e7evreye duyarl\u0131 \u015fehircilikle<\/em> yeni bir hikaye yazaca\u011f\u0131n\u0131 ifade eden T\u00fcrkiye Belediyeler Birli\u011fi Ba\u015fkan\u0131, Gaziantep B\u00fcy\u00fck\u015fehir Belediye Ba\u015fkan\u0131 <strong>Sn. Fatma \u015eAH\u0130N<\/strong>, sekt\u00f6r\u00fcn T\u00fcrkiye\u2019deki k\u00fcresel vitrini olan <strong>8. Uluslararas\u0131 \u0130stanbul Ak\u0131ll\u0131 \u015eebekeler ve \u015eehirler Kongre ve Fuar\u0131<\/strong>\u2019n\u0131n \u201cOnursal Ba\u015fkan\u0131\u201d oldu\u2026<\/p>\n<h2><strong>\u201cICSG 2020\u2019nin \u00dclke Partneri: \u0130SVE\u00c7\u201d<\/strong><\/h2>\n<p>D\u00fcnyada ileri teknoloji denildi\u011finde akla gelen ilk \u00fclkelerden biri olan \u0130sve\u00e7, ICSG 2020\u2019nin bu seneki \u00fclke partneri oldu. \u00d6zellikle <strong>5G teknolojisi, otonom ara\u00e7lar ve \u201cS\u0131f\u0131r At\u0131k\u201d projeleriyle<\/strong> imza projelere ev sahipli\u011fi yapan \u0130sve\u00e7, 8. \u0130stanbul Uluslararas\u0131 Ak\u0131ll\u0131 \u015eebekeler ve \u015eehirler Kongre ve Fuar\u0131\u2019na heyetli kat\u0131l\u0131m sa\u011flarken <strong>Volvo<\/strong> gibi \u0130sve\u00e7li d\u00fcnya devi markalar\u0131 da <strong>ak\u0131ll\u0131 teknoloji ve kent ya\u015fam\u0131na do\u011frudan etki edecek projeleri<\/strong> ve <strong>kentsel \u00e7\u00f6z\u00fcmleriyle<\/strong> ziyaret\u00e7ilerini bekliyor olacak. \u0130sve\u00e7 ayn\u0131 zamanda devlet, \u00f6zel sekt\u00f6r ve akademinin i\u015fbirli\u011fi ile <strong>inovasyon konusunda<\/strong> nas\u0131l ilerlediklerini g\u00f6steren ve <strong>\u0130sve\u00e7 end\u00fcstriyel devrimini<\/strong> ele alan bir sergiyi de <strong>ICSG 2020<\/strong> \u00e7at\u0131s\u0131 alt\u0131nda ziyaret\u00e7ileriyle bulu\u015fturuyor olacak.<\/p>\n<p>Yerli ve yabanc\u0131 yakla\u015f\u0131k 200 firman\u0131n stant a\u00e7mas\u0131 beklenen ICSG 2020\u2019ye 30 \u00fclkeden ziyaret\u00e7i ve heyet kat\u0131l\u0131m\u0131 yap\u0131laca\u011f\u0131 \u00f6ng\u00f6r\u00fcl\u00fcyor.<\/p>\n<h2><strong>\u201cICSG 2020 Bilim Kurulu \u00c7al\u0131\u015fmalar\u0131yla da Fark Yarat\u0131yor\u201d<\/strong><\/h2>\n<p><strong>\u00a0<\/strong>Sekt\u00f6r\u00fcn t\u00fcm dinamiklerini ticari anlamda kendi \u00e7at\u0131s\u0131 alt\u0131nda toplayan ICSG,\u00a0 b\u00fcnyesindeki \u201cBilim Kurulu\u201d eliyle d\u00fczenlen \u201c<strong>Uluslararas\u0131 Bilimsel Kongre<\/strong>\u201d stat\u00fcs\u00fcn\u00fc haiz kongre oturumlar\u0131 ve kongre \u00f6n \u00e7al\u0131\u015fmalar\u0131 kapsam\u0131nda literat\u00fcre kazand\u0131rd\u0131\u011f\u0131 bilimsel dok\u00fcmantasyon ve \u00e7\u0131kt\u0131lar vas\u0131tas\u0131yla sekt\u00f6r\u00fc ayn\u0131 zamanda akademik a\u00e7\u0131dan da bir araya getirmeye devam ediyor.<\/p>\n<p>Bug\u00fcne kadar b\u00fcnyesinde bar\u0131nd\u0131rd\u0131\u011f\u0131 Bilim Kurulu eliyle yaln\u0131zca ticari faaliyetleri de\u011fil akademik literat\u00fcre y\u00f6nelik \u00e7al\u0131\u015fmalar\u0131yla da sekt\u00f6re katk\u0131da bulunan <strong>Uluslararas\u0131 \u0130stanbul Ak\u0131ll\u0131 \u015eebekeler ve \u015eehirler Kongre ve Fuar\u0131<\/strong> ICSG, bu y\u0131l da \u00f6nemli Keynote konu\u015fmac\u0131lar\u0131 a\u011f\u0131rlamaya devam ederken \u00e7e\u015fitli \u00f6zel seminer ve panellere de ev sahipli\u011fi yapacak. Etkinlik kapsam\u0131nda <strong>IEEE PES T\u00fcrkiye<\/strong> B\u00f6l\u00fcm\u00fc olarak yurtd\u0131\u015f\u0131ndan da uzman e\u011fitimcilerin kat\u0131l\u0131m\u0131yla m\u00fchendislere <strong>\u201cGelecek Nesil Enerji Sistemleri\u201d e\u011fitimi<\/strong> verilecek, Bilim Kurulu de\u011ferlendirmesiyle sekt\u00f6rdeki \u201cbest practice\u201d\u00a0 \u00e7al\u0131\u015fmalar\u0131 sunulacak, <strong>IEEE Ak\u0131ll\u0131 \u015eehirler Birimi<\/strong> deste\u011fiyle <strong>ak\u0131ll\u0131 \u015fehirlerin bug\u00fcn\u00fc ve gelece\u011finin<\/strong> tart\u0131\u015f\u0131laca\u011f\u0131 bir \u00e7al\u0131\u015ftay ger\u00e7ekle\u015ftirilecek.<\/p>\n<h2><strong>\u201cSekt\u00f6r\u00fcn T\u00fcrkiye\u2019deki Tek, Avrasya\u2019daki En B\u00fcy\u00fck Fuar\u0131\u201d<\/strong><\/h2>\n<p>\u00dclkemizdeki <strong>ak\u0131ll\u0131 \u015fehir ekosisteminin<\/strong> etkin y\u00f6netimini, <strong>ak\u0131ll\u0131 \u015fehir d\u00f6n\u00fc\u015f\u00fcm s\u00fcrecinin<\/strong> etkin bir par\u00e7as\u0131 olarak geni\u015fleme \u00e7al\u0131\u015fmalar\u0131na katk\u0131da bulunmay\u0131 ve\u00a0 olu\u015fturulacak <strong>\u201cak\u0131ll\u0131 \u015fehir pazar\u0131\u201d<\/strong>n\u0131n jeopolitik a\u00e7\u0131dan do\u011fal bir k\u00fcresel merkez olan T\u00fcrkiye\u2019den d\u00fcnyaya yay\u0131lmas\u0131n\u0131 ama\u00e7layarak <strong>ak\u0131ll\u0131 \u015fehir \u00e7\u00f6z\u00fcmleri<\/strong> i\u00e7in kullan\u0131lan <strong>\u015fehircilik hizmetlerinin tan\u0131t\u0131lmas\u0131<\/strong> y\u00f6n\u00fcnde \u00fclkemizdeki en b\u00fcy\u00fck global vitrin haline gelmi\u015f bulunan <strong>Uluslararas\u0131 \u0130stanbul Ak\u0131ll\u0131 \u015eebekeler ve \u015eehirler Kongre ve Fuar\u0131 ICSG, 2020 y\u0131l\u0131nda da<\/strong> \u201c<strong>sekt\u00f6r\u00fcn uluslararas\u0131 \u00f6l\u00e7ekteki tek, Avrasya\u2019n\u0131n ise en b\u00fcy\u00fck fuar\u0131\u201d payesini ta\u015f\u0131maya devam ediyor.<\/strong><\/p>","protected":false},"excerpt":{"rendered":"<p>Sorry, this entry is only available in Turkish. For the sake of viewer convenience, the content is shown below in the alternative language. You may click the link to switch the active language. Ak\u0131ll\u0131 \u015fehirler alan\u0131nda da k\u00fcresel bir oyuncu olma vizyonuyla ak\u0131ll\u0131 \u015fehir teknolojilerinde kendi ihtiya\u00e7lar\u0131m\u0131z\u0131 kar\u015f\u0131lamakla yetinmeyecek ve geli\u015ftirdi\u011fi teknolojilerle d\u00fcnya pazar\u0131na ihracat\u00e7\u0131 [&hellip;]<\/p>\n","protected":false},"author":1,"featured_media":108702,"comment_status":"open","ping_status":"open","sticky":false,"template":"","format":"standard","meta":[],"categories":[51,53],"tags":[61219,5332,67243,9275,2059,4599,67246,52674,52259,1287,61220,67245,67247,67248,35230,67244,99,3176,63598],"views":137,"_links":{"self":[{"href":"https:\/\/www.enerjigazetesi.ist\/en\/wp-json\/wp\/v2\/posts\/108699"}],"collection":[{"href":"https:\/\/www.enerjigazetesi.ist\/en\/wp-json\/wp\/v2\/posts"}],"about":[{"href":"https:\/\/www.enerjigazetesi.ist\/en\/wp-json\/wp\/v2\/types\/post"}],"author":[{"embeddable":true,"href":"https:\/\/www.enerjigazetesi.ist\/en\/wp-json\/wp\/v2\/users\/1"}],"replies":[{"embeddable":true,"href":"https:\/\/www.enerjigazetesi.ist\/en\/wp-json\/wp\/v2\/comments?post=108699"}],"version-history":[{"count":0,"href":"https:\/\/www.enerjigazetesi.ist\/en\/wp-json\/wp\/v2\/posts\/108699\/revisions"}],"wp:featuredmedia":[{"embeddable":true,"href":"https:\/\/www.enerjigazetesi.ist\/en\/wp-json\/wp\/v2\/media\/108702"}],"wp:attachment":[{"href":"https:\/\/www.enerjigazetesi.ist\/en\/wp-json\/wp\/v2\/media?parent=108699"}],"wp:term":[{"taxonomy":"category","embeddable":true,"href":"https:\/\/www.enerjigazetesi.ist\/en\/wp-json\/wp\/v2\/categories?post=108699"},{"taxonomy":"post_tag","embeddable":true,"href":"https:\/\/www.enerjigazetesi.ist\/en\/wp-json\/wp\/v2\/tags?post=108699"}],"curies":[{"name":"wp","href":"https:\/\/api.w.org\/{rel}","templated":true}]}}