{"id":108553,"date":"2020-02-16T22:09:53","date_gmt":"2020-02-16T19:09:53","guid":{"rendered":"https:\/\/www.enerjigazetesi.ist\/?p=108553"},"modified":"2020-02-16T22:12:04","modified_gmt":"2020-02-16T19:12:04","slug":"temiz-ve-yenilenebilir-enerji-kaynagi-gunes-artik-her-yerde","status":"publish","type":"post","link":"https:\/\/www.enerjigazetesi.ist\/en\/temiz-ve-yenilenebilir-enerji-kaynagi-gunes-artik-her-yerde\/","title":{"rendered":"(Turkish) Temiz ve Yenilenebilir Enerji Kayna\u011f\u0131 &#8216;G\u00fcne\u015f&#8217; Art\u0131k Her Yerde!"},"content":{"rendered":"<p class=\"qtranxs-available-languages-message qtranxs-available-languages-message-en\">Sorry, this entry is only available in <a href=\"https:\/\/www.enerjigazetesi.ist\/tr\/wp-json\/wp\/v2\/posts\/108553\" class=\"qtranxs-available-language-link qtranxs-available-language-link-tr\" title=\"Turkish\">Turkish<\/a>. For the sake of viewer convenience, the content is shown below in the alternative language. You may click the link to switch the active language.<\/p><p><\/p>\n<h1>G\u00fcne\u015f enerjisi ile \u00e7al\u0131\u015fan teknolojik aletler, \u00fcreticilerin farkl\u0131 enerji kaynaklar\u0131 aray\u0131\u015flar\u0131na y\u00f6neldi\u011fini ortaya koyarken g\u00fcne\u015fin en trend enerji kayna\u011f\u0131 oldu\u011funu da g\u00f6zler \u00f6n\u00fcne sermektedir. \u0130\u015fte g\u00fcn\u00fcm\u00fczde g\u00fcne\u015f \u0131\u015f\u0131nlar\u0131 ile \u00e7al\u0131\u015fan ve en s\u0131k kullan\u0131lan alternatif teknolojik aletler&#8230;<\/h1>\n<p><strong>Ta\u015f\u0131nabilir \u015farj aleti:\u00a0<\/strong>Telefonlar\u0131n \u00e7ok s\u0131k kullan\u0131lmas\u0131yla kar\u015f\u0131la\u015f\u0131lan \u015farj sorununun \u00e7\u00f6z\u00fcm\u00fc ta\u015f\u0131nabilir powerbank\u2019ler oluyor. Elektrikle \u015farj edilen \u015farj aletinden fazlas\u0131na ihtiya\u00e7 duyuyorsan\u0131z \u00fczerinde yer alan g\u00fcne\u015f paneli sayesinde cihaz\u0131n\u0131z\u0131 \u015farj edebilirsiniz.<\/p>\n<p><strong><img loading=\"lazy\" class=\"alignright wp-image-108556\" src=\"https:\/\/www.enerjigazetesi.ist\/wp-content\/uploads\/2020\/02\/temiz-ve-yenilenebilir-enerji-kaynagi-gunes-artik-her-yerde-2.jpeg\" alt=\"\" width=\"320\" height=\"196\" srcset=\"https:\/\/www.enerjigazetesi.ist\/wp-content\/uploads\/2020\/02\/temiz-ve-yenilenebilir-enerji-kaynagi-gunes-artik-her-yerde-2.jpeg 800w, https:\/\/www.enerjigazetesi.ist\/wp-content\/uploads\/2020\/02\/temiz-ve-yenilenebilir-enerji-kaynagi-gunes-artik-her-yerde-2-300x184.jpeg 300w, https:\/\/www.enerjigazetesi.ist\/wp-content\/uploads\/2020\/02\/temiz-ve-yenilenebilir-enerji-kaynagi-gunes-artik-her-yerde-2-768x470.jpeg 768w, https:\/\/www.enerjigazetesi.ist\/wp-content\/uploads\/2020\/02\/temiz-ve-yenilenebilir-enerji-kaynagi-gunes-artik-her-yerde-2-500x306.jpeg 500w, https:\/\/www.enerjigazetesi.ist\/wp-content\/uploads\/2020\/02\/temiz-ve-yenilenebilir-enerji-kaynagi-gunes-artik-her-yerde-2-80x50.jpeg 80w\" sizes=\"(max-width: 320px) 100vw, 320px\" \/>Bah\u00e7e ayd\u0131nlatma \u00fcr\u00fcnleri:\u00a0<\/strong>Bah\u00e7e ayd\u0131nlatma, park ayd\u0131nlatma, sokak ayd\u0131nlatma ve cadde ayd\u0131nlatma sistemleri olarak kar\u015f\u0131m\u0131za \u00e7\u0131kan g\u00fcne\u015f enerjili ayd\u0131nlatma sistemleri, do\u011faya verilen zarar\u0131 azaltt\u0131\u011f\u0131 gibi elektrik faturas\u0131ndan tasarruf yapmaya da yard\u0131mc\u0131 oluyor.<\/p>\n<p><strong>G\u00fcne\u015f enerjisi ile \u00e7al\u0131\u015fan \u00e7ad\u0131r:\u00a0<\/strong>Festival severler i\u00e7in b\u00fcy\u00fck kolayl\u0131k sa\u011flayan<strong> g\u00fcne\u015f enerjili \u00e7ad\u0131r, ak\u0131ll\u0131 ev teknolojilerine alternatif<\/strong> olarak \u00fcretilmi\u015ftir. \u00c7ad\u0131r\u0131n i\u00e7indeki <strong>LED \u0131\u015f\u0131klar<\/strong> G\u00fcne\u015f Enerjisi ile<strong> 2-4 saat<\/strong> aras\u0131 \u00e7al\u0131\u015fabiliyor.<\/p>\n<p><strong>Elektrikli otomobiller:\u00a0<\/strong>Elektrikli arabalar, yayg\u0131nla\u015f\u0131yor ve s\u0131kl\u0131kla elektrikli otomobiller hakk\u0131nda bir geli\u015fmeyle kar\u015f\u0131la\u015f\u0131yoruz. Otomobillerin \u00fczerini kaplayacak <strong>g\u00fcne\u015f enerji panelleri sayesinde<\/strong> seyir halindeyken \u015farj olmas\u0131n\u0131 sa\u011flayacak teknolojinin test edilmesi de bu geli\u015fmelerden biri. <strong>Temiz ve do\u011fa dostu<\/strong> yenilenebilir enerji kaynaklar\u0131na dayal\u0131 <strong>g\u00fcne\u015f enerjili \u015farj istasyonlar\u0131<\/strong> i\u00e7in \u00e7al\u0131\u015fmalara ba\u015fland\u0131 bile!<\/p>\n<p><strong>Solar kamera:\u00a0<\/strong>Ba\u015fta elektrik enerjisi olmayan yerlerde g\u00fcvenlik ihtiyac\u0131 i\u00e7in geli\u015ftirilmi\u015f \u00fcr\u00fcnlerden birisi olan g\u00fcne\u015f enerjili g\u00fcvenlik kameralar\u0131; <strong>ba\u011f evleri, tarlalar, seralar, da\u011f evleri, \u00f6zel m\u00fclkiyet alanlar\u0131, tar\u0131m i\u015fletmeleri ve hayvan a\u011f\u0131llar\u0131nda<\/strong> kullan\u0131labiliyor.<\/p>\n<p><strong>Hesap makinesi:\u00a0<\/strong>\u00dczerinde yer alan <strong>solar panel h\u00fccreleri<\/strong> sayesinde \u00fcretilen <strong>enerjinin pillerde depolanmas\u0131<\/strong> ile \u00e7al\u0131\u015fan g\u00fcne\u015f enerjili hesap makineleri, i\u015f hayat\u0131nda en b\u00fcy\u00fck yard\u0131mc\u0131s\u0131 hesap makinesi olanlar i\u00e7in ideal bir \u00e7\u00f6z\u00fcm.<\/p>\n<p>Dervi\u015f KORKMAZ \u2013 F\u0131rat \u00dcnv. \/ Elektrik\/Elektronik M\u00fchendisli\u011fi &#8211;\u00a0<a href=\"mailto:dervis.korkmaz@enerjigazetesi.ist\">dervis.korkmaz@enerjigazetesi.ist<\/a><\/p>","protected":false},"excerpt":{"rendered":"<p>Sorry, this entry is only available in Turkish. For the sake of viewer convenience, the content is shown below in the alternative language. You may click the link to switch the active language. G\u00fcne\u015f enerjisi ile \u00e7al\u0131\u015fan teknolojik aletler, \u00fcreticilerin farkl\u0131 enerji kaynaklar\u0131 aray\u0131\u015flar\u0131na y\u00f6neldi\u011fini ortaya koyarken g\u00fcne\u015fin en trend enerji kayna\u011f\u0131 oldu\u011funu da g\u00f6zler [&hellip;]<\/p>\n","protected":false},"author":1,"featured_media":108557,"comment_status":"open","ping_status":"open","sticky":false,"template":"","format":"standard","meta":[],"categories":[51,53,49],"tags":[67127,56151,25180,5070,6298,52259,3155,67126,53157,67125,67124,24699],"views":454,"_links":{"self":[{"href":"https:\/\/www.enerjigazetesi.ist\/en\/wp-json\/wp\/v2\/posts\/108553"}],"collection":[{"href":"https:\/\/www.enerjigazetesi.ist\/en\/wp-json\/wp\/v2\/posts"}],"about":[{"href":"https:\/\/www.enerjigazetesi.ist\/en\/wp-json\/wp\/v2\/types\/post"}],"author":[{"embeddable":true,"href":"https:\/\/www.enerjigazetesi.ist\/en\/wp-json\/wp\/v2\/users\/1"}],"replies":[{"embeddable":true,"href":"https:\/\/www.enerjigazetesi.ist\/en\/wp-json\/wp\/v2\/comments?post=108553"}],"version-history":[{"count":0,"href":"https:\/\/www.enerjigazetesi.ist\/en\/wp-json\/wp\/v2\/posts\/108553\/revisions"}],"wp:featuredmedia":[{"embeddable":true,"href":"https:\/\/www.enerjigazetesi.ist\/en\/wp-json\/wp\/v2\/media\/108557"}],"wp:attachment":[{"href":"https:\/\/www.enerjigazetesi.ist\/en\/wp-json\/wp\/v2\/media?parent=108553"}],"wp:term":[{"taxonomy":"category","embeddable":true,"href":"https:\/\/www.enerjigazetesi.ist\/en\/wp-json\/wp\/v2\/categories?post=108553"},{"taxonomy":"post_tag","embeddable":true,"href":"https:\/\/www.enerjigazetesi.ist\/en\/wp-json\/wp\/v2\/tags?post=108553"}],"curies":[{"name":"wp","href":"https:\/\/api.w.org\/{rel}","templated":true}]}}