{"id":108540,"date":"2020-02-16T21:29:10","date_gmt":"2020-02-16T18:29:10","guid":{"rendered":"https:\/\/www.enerjigazetesi.ist\/?p=108540"},"modified":"2020-02-16T21:54:50","modified_gmt":"2020-02-16T18:54:50","slug":"orkoy-pv-projesine-yonelik-2-inci-cati-tipi-pv-sistem-ihale-dokumani-yayinlandi","status":"publish","type":"post","link":"https:\/\/www.enerjigazetesi.ist\/en\/orkoy-pv-projesine-yonelik-2-inci-cati-tipi-pv-sistem-ihale-dokumani-yayinlandi\/","title":{"rendered":"(Turkish) &#8217;ORK\u00d6Y PV Projesi&#8217;ne Y\u00f6nelik 2. \u00c7at\u0131 Tipi PV Sistem \u0130halesi Yay\u0131nland\u0131!"},"content":{"rendered":"<p class=\"qtranxs-available-languages-message qtranxs-available-languages-message-en\">Sorry, this entry is only available in <a href=\"https:\/\/www.enerjigazetesi.ist\/tr\/wp-json\/wp\/v2\/posts\/108540\" class=\"qtranxs-available-language-link qtranxs-available-language-link-tr\" title=\"Turkish\">Turkish<\/a>. For the sake of viewer convenience, the content is shown below in the alternative language. You may click the link to switch the active language.<\/p><p><\/p>\n<h1><strong>Birle\u015fmi\u015f Milletler Kalk\u0131nma Program\u0131 (UNDP) T\u00fcrkiye \u00dclke Ofisi, Orman K\u00f6ylerinde G\u00fcne\u015f Enerjisinden Elektrik \u00dcretimi \u0130\u00e7in S\u00fcrd\u00fcr\u00fclebilir Enerji Finans Mekanizmas\u0131 (ORK\u00d6Y PV) Projesi kapsam\u0131nda 18 ilde kurulacak olan 225 pilot tesisin 2. \u00c7at\u0131 Tipi PV Sistemi ihale dok\u00fcmanlar\u0131n\u0131 yay\u0131mlad\u0131.<\/strong><\/h1>\n<p><strong><img loading=\"lazy\" class=\"alignright wp-image-108544\" src=\"https:\/\/www.enerjigazetesi.ist\/wp-content\/uploads\/2020\/02\/orkoy-pv-projesine-yonelik-2-inci-cati-tipi-pv-sistem-ihale-dokumani-yayinlandi.jpg\" alt=\"\" width=\"320\" height=\"240\" srcset=\"https:\/\/www.enerjigazetesi.ist\/wp-content\/uploads\/2020\/02\/orkoy-pv-projesine-yonelik-2-inci-cati-tipi-pv-sistem-ihale-dokumani-yayinlandi.jpg 800w, https:\/\/www.enerjigazetesi.ist\/wp-content\/uploads\/2020\/02\/orkoy-pv-projesine-yonelik-2-inci-cati-tipi-pv-sistem-ihale-dokumani-yayinlandi-300x225.jpg 300w, https:\/\/www.enerjigazetesi.ist\/wp-content\/uploads\/2020\/02\/orkoy-pv-projesine-yonelik-2-inci-cati-tipi-pv-sistem-ihale-dokumani-yayinlandi-768x576.jpg 768w, https:\/\/www.enerjigazetesi.ist\/wp-content\/uploads\/2020\/02\/orkoy-pv-projesine-yonelik-2-inci-cati-tipi-pv-sistem-ihale-dokumani-yayinlandi-500x375.jpg 500w, https:\/\/www.enerjigazetesi.ist\/wp-content\/uploads\/2020\/02\/orkoy-pv-projesine-yonelik-2-inci-cati-tipi-pv-sistem-ihale-dokumani-yayinlandi-67x50.jpg 67w\" sizes=\"(max-width: 320px) 100vw, 320px\" \/>Birle\u015fmi\u015f Milletler Kalk\u0131nma Program\u0131 (UNDP)<\/strong> T\u00fcrkiye \u00dclke Ofisi, <strong>Orman K\u00f6ylerinde G\u00fcne\u015f Enerjisinden Elektrik \u00dcretimi<\/strong> \u0130\u00e7in <strong>S\u00fcrd\u00fcr\u00fclebilir Enerji Finans Mekanizmas\u0131 (ORK\u00d6Y PV) Projesi<\/strong> kapsam\u0131nda T\u00fcrkiye\u2019nin her b\u00f6lgesinde g\u00fcne\u015fsiz \u00e7at\u0131 kalmamas\u0131 hedefliyle ihaleye \u00e7\u0131k\u0131ld\u0131. T\u00fcrkiye\u2019de mevzuat y\u00f6n\u00fcyle <strong>\u00e7at\u0131 pazar\u0131n\u0131n a\u00e7\u0131lmas\u0131yla<\/strong> birlikte geli\u015fmeye ba\u015flayan \u00e7at\u0131 pazar\u0131 <strong>ORK\u00d6Y PV projesi<\/strong> ile daha da tan\u0131nacak. <strong>18 ilde<\/strong> toplam <strong>225 \u00e7at\u0131ya kurulacak<\/strong> olan \u00e7at\u0131 GES\u2019lerin T\u00fcrkiye\u2019de <strong>\u00c7at\u0131 PV sekt\u00f6r\u00fcn\u00fcn<\/strong> de \u00f6n\u00fcn\u00fc a\u00e7aca\u011f\u0131 d\u00fc\u015f\u00fcn\u00fclmektedir. Siz de\u011ferli sekt\u00f6r payda\u015flar\u0131m\u0131z\u0131n<strong> bu ihaleye kat\u0131l\u0131mlar\u0131 sekt\u00f6r\u00fcn geli\u015fmesi i\u00e7in<\/strong> de\u011ferli olaca\u011f\u0131n\u0131 d\u00fc\u015f\u00fcnmekteyiz.<\/p>\n<p><strong>Orman Genel M\u00fcd\u00fcrl\u00fc\u011f\u00fc (OGM)<\/strong> taraf\u0131ndan, <strong>K\u00fcresel \u00c7evre Fonu (GEF)<\/strong> finansal deste\u011fiyle, <strong>Birle\u015fmi\u015f Milletler Kalk\u0131nma Program\u0131 (UNDP)<\/strong> i\u015fbirli\u011finde ve <strong>G\u00dcNDER proje ortakl\u0131\u011f\u0131nda<\/strong> y\u00fcr\u00fct\u00fclmekte olan, ORK\u00d6Y PV Projesi kapsam\u0131ndaki <strong>18 il<\/strong> ve detaylar\u0131na\u00a0<strong><a href=\"https:\/\/procurement-notices.undp.org\/view_notice.cfm?notice_id=63372\" target=\"_blank\" rel=\"noopener\">buradan<\/a><\/strong>\u00a0ula\u015fabilirsiniz.<\/p>\n<p style=\"text-align: center;\"><img loading=\"lazy\" class=\"aligncenter size-full wp-image-108542\" src=\"https:\/\/www.enerjigazetesi.ist\/wp-content\/uploads\/2020\/02\/orkoy-pv-projesine-yonelik-2-cati-tipi-pv-sistem-ihale-dokumani-yayinlandi.jpg\" alt=\"\" width=\"587\" height=\"488\" srcset=\"https:\/\/www.enerjigazetesi.ist\/wp-content\/uploads\/2020\/02\/orkoy-pv-projesine-yonelik-2-cati-tipi-pv-sistem-ihale-dokumani-yayinlandi.jpg 587w, https:\/\/www.enerjigazetesi.ist\/wp-content\/uploads\/2020\/02\/orkoy-pv-projesine-yonelik-2-cati-tipi-pv-sistem-ihale-dokumani-yayinlandi-300x249.jpg 300w, https:\/\/www.enerjigazetesi.ist\/wp-content\/uploads\/2020\/02\/orkoy-pv-projesine-yonelik-2-cati-tipi-pv-sistem-ihale-dokumani-yayinlandi-481x400.jpg 481w, https:\/\/www.enerjigazetesi.ist\/wp-content\/uploads\/2020\/02\/orkoy-pv-projesine-yonelik-2-cati-tipi-pv-sistem-ihale-dokumani-yayinlandi-60x50.jpg 60w\" sizes=\"(max-width: 587px) 100vw, 587px\" \/><\/p>\n<p>Proje kapsam\u0131nda pilot olarak uygulanacak bu sistemlerde <strong>Orman k\u00f6yl\u00fclerinin ev ihtiyac\u0131n\u0131n kar\u015f\u0131lanmas\u0131<\/strong> hedefleniyor. \u0130hale kapsam\u0131nda\u00a0<strong>19 \u015eubat 2020 \u00c7ar\u015famba tarihinde, Ankara Y\u0131ld\u0131z Kule\u2019de saat 11:00\u2019da Bilgilendirme Toplant\u0131s\u0131<\/strong>\u00a0d\u00fczenlenecektir.<\/p>\n<p><strong>T\u00fcrkiye\u2019deki Orman K\u00f6ylerinde G\u00fcne\u015f Enerjisinden Elektrik \u00dcretimi \u0130\u00e7in S\u00fcrd\u00fcr\u00fclebilir Enerji Finans Mekanizmas\u0131 (ORK\u00d6Y PV) kapsam\u0131ndaki ihaleye ili\u015fkin ayr\u0131nt\u0131l\u0131 bilgiye\u00a0<a href=\"https:\/\/procurement-notices.undp.org\/view_notice.cfm?notice_id=63372\">buradan<\/a>\u00a0ula\u015fabilirsiniz.<\/strong><\/p>","protected":false},"excerpt":{"rendered":"<p>Sorry, this entry is only available in Turkish. For the sake of viewer convenience, the content is shown below in the alternative language. You may click the link to switch the active language. Birle\u015fmi\u015f Milletler Kalk\u0131nma Program\u0131 (UNDP) T\u00fcrkiye \u00dclke Ofisi, Orman K\u00f6ylerinde G\u00fcne\u015f Enerjisinden Elektrik \u00dcretimi \u0130\u00e7in S\u00fcrd\u00fcr\u00fclebilir Enerji Finans Mekanizmas\u0131 (ORK\u00d6Y PV) Projesi [&hellip;]<\/p>\n","protected":false},"author":1,"featured_media":108544,"comment_status":"open","ping_status":"open","sticky":false,"template":"","format":"standard","meta":[],"categories":[51,53,49],"tags":[55424,54838,5070,53157,38941,50910,67123,56656,54979],"views":281,"_links":{"self":[{"href":"https:\/\/www.enerjigazetesi.ist\/en\/wp-json\/wp\/v2\/posts\/108540"}],"collection":[{"href":"https:\/\/www.enerjigazetesi.ist\/en\/wp-json\/wp\/v2\/posts"}],"about":[{"href":"https:\/\/www.enerjigazetesi.ist\/en\/wp-json\/wp\/v2\/types\/post"}],"author":[{"embeddable":true,"href":"https:\/\/www.enerjigazetesi.ist\/en\/wp-json\/wp\/v2\/users\/1"}],"replies":[{"embeddable":true,"href":"https:\/\/www.enerjigazetesi.ist\/en\/wp-json\/wp\/v2\/comments?post=108540"}],"version-history":[{"count":0,"href":"https:\/\/www.enerjigazetesi.ist\/en\/wp-json\/wp\/v2\/posts\/108540\/revisions"}],"wp:featuredmedia":[{"embeddable":true,"href":"https:\/\/www.enerjigazetesi.ist\/en\/wp-json\/wp\/v2\/media\/108544"}],"wp:attachment":[{"href":"https:\/\/www.enerjigazetesi.ist\/en\/wp-json\/wp\/v2\/media?parent=108540"}],"wp:term":[{"taxonomy":"category","embeddable":true,"href":"https:\/\/www.enerjigazetesi.ist\/en\/wp-json\/wp\/v2\/categories?post=108540"},{"taxonomy":"post_tag","embeddable":true,"href":"https:\/\/www.enerjigazetesi.ist\/en\/wp-json\/wp\/v2\/tags?post=108540"}],"curies":[{"name":"wp","href":"https:\/\/api.w.org\/{rel}","templated":true}]}}