{"id":108488,"date":"2020-02-15T14:11:15","date_gmt":"2020-02-15T11:11:15","guid":{"rendered":"https:\/\/www.enerjigazetesi.ist\/?p=108488"},"modified":"2020-02-15T14:11:15","modified_gmt":"2020-02-15T11:11:15","slug":"ogm-yillik-enerji-tuketiminin-yuzde-40-ini-gunes-enerjisinden-karsilayacak","status":"publish","type":"post","link":"https:\/\/www.enerjigazetesi.ist\/en\/ogm-yillik-enerji-tuketiminin-yuzde-40-ini-gunes-enerjisinden-karsilayacak\/","title":{"rendered":"(Turkish) &#8217;OGM&#8217; Y\u0131ll\u0131k Enerji T\u00fcketiminin % 40\u2019\u0131n\u0131 G\u00fcne\u015f Enerjisi&#8217;nden Kar\u015f\u0131layacak"},"content":{"rendered":"<p class=\"qtranxs-available-languages-message qtranxs-available-languages-message-en\">Sorry, this entry is only available in <a href=\"https:\/\/www.enerjigazetesi.ist\/tr\/wp-json\/wp\/v2\/posts\/108488\" class=\"qtranxs-available-language-link qtranxs-available-language-link-tr\" title=\"Turkish\">Turkish<\/a>. For the sake of viewer convenience, the content is shown below in the alternative language. You may click the link to switch the active language.<\/p><p><\/p>\n<h1>Orman Genel M\u00fcd\u00fcrl\u00fc\u011f\u00fc (OGM) taraf\u0131ndan ana hizmet binas\u0131n\u0131n y\u0131ll\u0131k enerji t\u00fcketiminin yakla\u015f\u0131k % 40\u2019\u0131 g\u00fcne\u015f enerji santralinden (GES) sa\u011flanacak.<\/h1>\n<p>OGM&#8217;nin <strong>resmi internet sayfas\u0131nda<\/strong> yer alan bilgiye g\u00f6re, &#8220;G\u00fcne\u015f,\u00a0en \u00f6nemli <strong>temiz ve yenilenebilir enerji<\/strong> kaynaklar\u0131ndand\u0131r. \u00dclkemiz ise <strong>bulundu\u011fu co\u011frafi konum<\/strong> bak\u0131m\u0131ndan, <strong>g\u00fcne\u015f enerjisi potansiyeli<\/strong> ile di\u011fer bir\u00e7ok \u00fclkeye <strong>k\u0131yasla olduk\u00e7a avantajl\u0131<\/strong> konumdad\u0131r. Bu <img loading=\"lazy\" class=\"alignright wp-image-108490\" src=\"https:\/\/www.enerjigazetesi.ist\/wp-content\/uploads\/2020\/02\/ogm-yillik-enerji-tuketiminin-yuzde-40-ini-gunes-enerjisinden-karsilayacak-2.jpg\" alt=\"\" width=\"320\" height=\"213\" srcset=\"https:\/\/www.enerjigazetesi.ist\/wp-content\/uploads\/2020\/02\/ogm-yillik-enerji-tuketiminin-yuzde-40-ini-gunes-enerjisinden-karsilayacak-2.jpg 732w, https:\/\/www.enerjigazetesi.ist\/wp-content\/uploads\/2020\/02\/ogm-yillik-enerji-tuketiminin-yuzde-40-ini-gunes-enerjisinden-karsilayacak-2-300x200.jpg 300w, https:\/\/www.enerjigazetesi.ist\/wp-content\/uploads\/2020\/02\/ogm-yillik-enerji-tuketiminin-yuzde-40-ini-gunes-enerjisinden-karsilayacak-2-500x333.jpg 500w, https:\/\/www.enerjigazetesi.ist\/wp-content\/uploads\/2020\/02\/ogm-yillik-enerji-tuketiminin-yuzde-40-ini-gunes-enerjisinden-karsilayacak-2-75x50.jpg 75w, https:\/\/www.enerjigazetesi.ist\/wp-content\/uploads\/2020\/02\/ogm-yillik-enerji-tuketiminin-yuzde-40-ini-gunes-enerjisinden-karsilayacak-2-450x300.jpg 450w\" sizes=\"(max-width: 320px) 100vw, 320px\" \/>sebeple, hem d\u00fc\u015f\u00fck maliyetli hem de olduk\u00e7a <strong>verimli bir enerji kayna\u011f\u0131<\/strong> olan g\u00fcne\u015f enerjisinden faydalanma \u00e7al\u0131\u015fmalar\u0131 \u00fclkemizde <strong>giderek yayg\u0131nla\u015fmaktad\u0131r.<\/strong>\u201d ifadelerine yer verildi.<\/p>\n<p><strong>Ayr\u0131ca OGM<\/strong> a\u00e7\u0131klamada, \u201cOGM taraf\u0131ndan bir yandan <strong>en b\u00fcy\u00fck do\u011fal zenginliklerimiz<\/strong> olan <strong>ormanlar\u0131m\u0131z\u00a0korunurken<\/strong>, di\u011fer yandan ise do\u011faya zarar vermeyen ve <strong>\u00e7evre dostu yenilenebilir enerji kaynaklar\u0131n\u0131n kullan\u0131m\u0131<\/strong> konusunda <strong>yo\u011fun \u00e7aba sarf<\/strong> edilmektedir. Bu maksatla Genel M\u00fcd\u00fcrl\u00fc\u011f\u00fcm\u00fcz Ana Hizmet Binas\u0131ndaki <strong>elektrik ihtiyac\u0131m\u0131z\u0131 g\u00fcne\u015f enerjisinden<\/strong> sa\u011flamak i\u00e7in y\u00fcr\u00fctt\u00fc\u011f\u00fcm\u00fcz \u00e7al\u0131\u015fmalar tamamlanm\u0131\u015ft\u0131r. Tesisi tamamlanan <strong>g\u00fcne\u015f enerji santrali<\/strong> ile hizmet binam\u0131zdaki <strong>y\u0131ll\u0131k enerji t\u00fcketiminin<\/strong> yakla\u015f\u0131k <strong>% 40\u2019\u0131n\u0131<\/strong> g\u00fcne\u015f enerjisinden kar\u015f\u0131lanmas\u0131 ama\u00e7lanm\u0131\u015ft\u0131r.\u201d denildi.<\/p>\n<p><strong>Orman Genel M\u00fcd\u00fcrl\u00fc\u011f\u00fc<\/strong>\u2019n\u00fcn t\u00fcm birimlerinde <strong>temiz ve yenilenebilir enerji kaynaklar\u0131n\u0131n<\/strong> kullan\u0131m\u0131n\u0131 yayg\u0131nla\u015ft\u0131rmaya <strong>y\u00f6nelik \u00e7al\u0131\u015fmalar\u0131n s\u00fcrece\u011finin<\/strong> de vurgusu yap\u0131ld\u0131.<\/p>","protected":false},"excerpt":{"rendered":"<p>Sorry, this entry is only available in Turkish. For the sake of viewer convenience, the content is shown below in the alternative language. You may click the link to switch the active language. Orman Genel M\u00fcd\u00fcrl\u00fc\u011f\u00fc (OGM) taraf\u0131ndan ana hizmet binas\u0131n\u0131n y\u0131ll\u0131k enerji t\u00fcketiminin yakla\u015f\u0131k % 40\u2019\u0131 g\u00fcne\u015f enerji santralinden (GES) sa\u011flanacak. OGM&#8217;nin resmi internet [&hellip;]<\/p>\n","protected":false},"author":1,"featured_media":108491,"comment_status":"open","ping_status":"open","sticky":false,"template":"","format":"standard","meta":[],"categories":[51,53,49],"tags":[3804,52259,6014,52435,53157,36301,36300,67063,52979,54979],"views":217,"_links":{"self":[{"href":"https:\/\/www.enerjigazetesi.ist\/en\/wp-json\/wp\/v2\/posts\/108488"}],"collection":[{"href":"https:\/\/www.enerjigazetesi.ist\/en\/wp-json\/wp\/v2\/posts"}],"about":[{"href":"https:\/\/www.enerjigazetesi.ist\/en\/wp-json\/wp\/v2\/types\/post"}],"author":[{"embeddable":true,"href":"https:\/\/www.enerjigazetesi.ist\/en\/wp-json\/wp\/v2\/users\/1"}],"replies":[{"embeddable":true,"href":"https:\/\/www.enerjigazetesi.ist\/en\/wp-json\/wp\/v2\/comments?post=108488"}],"version-history":[{"count":0,"href":"https:\/\/www.enerjigazetesi.ist\/en\/wp-json\/wp\/v2\/posts\/108488\/revisions"}],"wp:featuredmedia":[{"embeddable":true,"href":"https:\/\/www.enerjigazetesi.ist\/en\/wp-json\/wp\/v2\/media\/108491"}],"wp:attachment":[{"href":"https:\/\/www.enerjigazetesi.ist\/en\/wp-json\/wp\/v2\/media?parent=108488"}],"wp:term":[{"taxonomy":"category","embeddable":true,"href":"https:\/\/www.enerjigazetesi.ist\/en\/wp-json\/wp\/v2\/categories?post=108488"},{"taxonomy":"post_tag","embeddable":true,"href":"https:\/\/www.enerjigazetesi.ist\/en\/wp-json\/wp\/v2\/tags?post=108488"}],"curies":[{"name":"wp","href":"https:\/\/api.w.org\/{rel}","templated":true}]}}