{"id":108413,"date":"2020-02-14T12:15:45","date_gmt":"2020-02-14T09:15:45","guid":{"rendered":"https:\/\/www.enerjigazetesi.ist\/?p=108413"},"modified":"2020-02-14T12:23:47","modified_gmt":"2020-02-14T09:23:47","slug":"eregli-demir-celik-fabrikalari-havamizi-suyumuzu-ve-ormanlari-kirletiyor-mu","status":"publish","type":"post","link":"https:\/\/www.enerjigazetesi.ist\/en\/eregli-demir-celik-fabrikalari-havamizi-suyumuzu-ve-ormanlari-kirletiyor-mu\/","title":{"rendered":"(Turkish) &#8217;Ere\u011fli Demir \u00c7elik Fabrikalar\u0131&#8217; Do\u011fay\u0131 ve \u00c7evremizi Kirletiyor mu?"},"content":{"rendered":"<p class=\"qtranxs-available-languages-message qtranxs-available-languages-message-en\">Sorry, this entry is only available in <a href=\"https:\/\/www.enerjigazetesi.ist\/tr\/wp-json\/wp\/v2\/posts\/108413\" class=\"qtranxs-available-language-link qtranxs-available-language-link-tr\" title=\"Turkish\">Turkish<\/a>. For the sake of viewer convenience, the content is shown below in the alternative language. You may click the link to switch the active language.<\/p><p><\/p>\n<h1>\u00c7etin Y\u0131lmaz adl\u0131 bir okurumuz taraf\u0131ndan <a href=\"https:\/\/www.change.org\/\" target=\"_blank\" rel=\"noopener\">change.org<\/a>&#8216;da ba\u015flat\u0131lan kampanya detaylar\u0131 a\u015fa\u011f\u0131da yer almaktad\u0131r&#8230;<\/h1>\n<p>&nbsp;<\/p>\n<h1>Ere\u011fli Demir ve \u00c7elik Fabrikalar\u0131 \u2019Erdemir\u2019\u00a0<strong>y\u0131lda yakla\u015f\u0131k 2,5 ile 3 milyon ton k\u00f6m\u00fcr yakmaktad\u0131r.\u00a0<\/strong>Yeni y\u00fcksek f\u0131r\u0131n\u0131n kapasite art\u0131\u015f\u0131yla birlikte bu oran y\u0131lda\u00a0 3,5 &#8211; 4 Milyon ton civarlar\u0131na \u00e7\u0131kmaktad\u0131r. <strong>Yak\u0131lan k\u00f6m\u00fcr\u00fcn duman\u0131 Erdemir halk\u0131 taraf\u0131ndan istenmemekle birlikte b\u00f6lgede Ast\u0131m ve Kanser hastal\u0131klar\u0131n\u0131n bununla birlikte \u00e7o\u011fald\u0131\u011f\u0131 d\u00fc\u015f\u00fcn\u00fclmektedir.<\/strong><\/h1>\n<p>&nbsp;<br \/>\nYak\u0131lan <strong>k\u00f6m\u00fcr\u00fcn tozlar\u0131n\u0131n \u00e7a\u011fda\u015f teknoloji<\/strong> ile <strong>bertaraf edilmesini istenirken<\/strong> insana ve do\u011faya, \u00e7evreye verdi\u011fi <strong>zararlar\u0131n minumuma indirilmesi<\/strong>ne y\u00f6nelik\u00a0<strong>Erdemir\u2019in<\/strong> yeni yat\u0131r\u0131mlar yap\u0131lmas\u0131 talep edilmektedir.<\/p>\n<p><strong>Erdemir<\/strong>\u2019in <strong>Sinter bacas\u0131 eski ve bozuk filtre<\/strong> ile \u00e7al\u0131\u015ft\u0131r\u0131ld\u0131\u011f\u0131\u00a0<strong>Sinter bacas\u0131na yeni teknoloji ile <img loading=\"lazy\" class=\"alignright wp-image-108415\" src=\"https:\/\/www.enerjigazetesi.ist\/wp-content\/uploads\/2020\/02\/eregli-demir-celik-fabrikalari-havamizi-suyumuzu-ve-ormanlari-kirletmesin.jpg\" alt=\"\" width=\"320\" height=\"180\" srcset=\"https:\/\/www.enerjigazetesi.ist\/wp-content\/uploads\/2020\/02\/eregli-demir-celik-fabrikalari-havamizi-suyumuzu-ve-ormanlari-kirletmesin.jpg 767w, https:\/\/www.enerjigazetesi.ist\/wp-content\/uploads\/2020\/02\/eregli-demir-celik-fabrikalari-havamizi-suyumuzu-ve-ormanlari-kirletmesin-300x169.jpg 300w, https:\/\/www.enerjigazetesi.ist\/wp-content\/uploads\/2020\/02\/eregli-demir-celik-fabrikalari-havamizi-suyumuzu-ve-ormanlari-kirletmesin-500x281.jpg 500w, https:\/\/www.enerjigazetesi.ist\/wp-content\/uploads\/2020\/02\/eregli-demir-celik-fabrikalari-havamizi-suyumuzu-ve-ormanlari-kirletmesin-80x45.jpg 80w\" sizes=\"(max-width: 320px) 100vw, 320px\" \/>filtre tak\u0131larak \u00e7evreye b\u0131rakt\u0131\u011f\u0131 k\u00f6m\u00fcr ve curuf tozlar\u0131n\u0131n engellenmesi ve\u00a0<\/strong>Sa\u011fl\u0131k <strong>haklar\u0131n\u0131n korunmas\u0131na y\u00f6nelik<\/strong> ilgili yasalar\u0131n uygulanmas\u0131 <b>gerekmektedir.<\/b><\/p>\n<p><strong>\u00c7elikhaneden<\/strong> \u00e7\u0131kan <strong>Curuf\u2019lar\u0131n<\/strong> deniz ve do\u011faya kar\u0131\u015ft\u0131r\u0131lmadan <strong>bertaraf edilmesi<\/strong> beklenirlen <strong>\u00c7elikhane curufunda<\/strong> do\u011fay\u0131 zehirleyen kimyasallar\u0131n oldu\u011fu <strong>bilimsel olarak<\/strong> kan\u0131tlanm\u0131\u015ft\u0131r.<\/p>\n<p>Bu zehirlerin <strong>denizlerimiz ve do\u011fam\u0131za<\/strong> kar\u0131\u015ft\u0131r\u0131lmas\u0131n\u0131n,<strong> telafisi imkans\u0131z sa\u011fl\u0131k sorunlar\u0131 yarat\u0131rken<\/strong>\u00a0Sinter Bacas\u0131na filtre tak\u0131lmas\u0131n\u0131,<strong> k\u00f6m\u00fcr ve k\u00fcl tozlar\u0131n\u0131n<\/strong> \u00e7evreye yay\u0131lmas\u0131n\u0131n \u00f6nlenmesini, <strong>\u00e7elikhaneden \u00e7\u0131kan curufun Karadeniz\u2019de dolgu malzemesi olarak kullan\u0131lmamas\u0131n\u0131, do\u011faya kar\u0131\u015ft\u0131r\u0131lmadan berteraf edilmelidir.<\/strong><\/p>\n<p><strong><a href=\"https:\/\/click.e.change.org\/f\/a\/7Lak7A_pyqxpUqNDBih7Jg~~\/AANj1QA~\/RgRgJ6R_P4Q8AWh0dHBzOi8vd3d3LmNoYW5nZS5vcmcvcC9lcmXEn2xpLWRlbWlyLcOnZWxpay1mYWJyaWthbGFyxLEtaGF2YW3EsXrEsS1zdXl1bXV6dS1vcm1hbsSxbcSxesSxLWtpcmxldG1lc2luLWNzYmdvdnRyL3NpZ24tbm93P2NzX3RrPUFtRUxQMHhyM01uTVBQNFRTVjRBQVhpY3l5dk55UUVBQkY4QnZKRElQanl6V2NpRy1hMHhLbjJ3RkljJTNEJnV0bV9jYW1wYWlnbj1iYzJkMGI2NDFiMjA0Y2E1YjMxZjYzYjY2Y2Q0NTNhZSZ1dG1fY29udGVudD1pbml0aWFsX3YwXzBfMiZ1dG1fbWVkaXVtPWVtYWlsJnV0bV9zb3VyY2U9YWFfc2lnbl9hc2smdXRtX3Rlcm09Y3NXA3NwY0IKAB6BH0Vea4QnclIfc2FycC5hbHRpbmVsQGVuZXJqaWdhemV0ZXNpLmlzdFgEAAAAAg~~\" target=\"_blank\" rel=\"noopener\">\u0130mza Vermek \u0130\u00e7in TIKLAYINIZ &gt;&gt;&gt;<\/a><\/strong><\/p>\n<p><em>Gerekli \u0130nceleme ve \u00c7al\u0131\u015fmalar\u0131n <strong>Temiz ve Yenilenebilir Enerji&#8217;nin \u00d6nc\u00fcs\u00fc<\/strong> bir Platform olarak \u0130lgili Makamlardan Yap\u0131lmas\u0131n\u0131 Talep Eder Taraf\u0131m\u0131za Yay\u0131nlanmak \u00dczere Bildirisinin \u0130letilmesini rica ederiz&#8230;<\/em><\/p>\n<p>Sarp ALTINEL \/ Enerji Gazetesi &#8211; <a href=\"mailto:sarp.altinel@enerjigazetesi.ist\" target=\"_blank\" rel=\"noopener\">sarp.altinel@enerjigazetesi.ist<\/a><\/p>","protected":false},"excerpt":{"rendered":"<p>Sorry, this entry is only available in Turkish. For the sake of viewer convenience, the content is shown below in the alternative language. You may click the link to switch the active language. \u00c7etin Y\u0131lmaz adl\u0131 bir okurumuz taraf\u0131ndan change.org&#8216;da ba\u015flat\u0131lan kampanya detaylar\u0131 a\u015fa\u011f\u0131da yer almaktad\u0131r&#8230; &nbsp; Ere\u011fli Demir ve \u00c7elik Fabrikalar\u0131 \u2019Erdemir\u2019\u00a0y\u0131lda yakla\u015f\u0131k 2,5 [&hellip;]<\/p>\n","protected":false},"author":1,"featured_media":108415,"comment_status":"open","ping_status":"open","sticky":false,"template":"","format":"standard","meta":[],"categories":[53,24649],"tags":[66996,66987,66993,66985,66998,60791,66986,52259,15046,66995,66999,66994,66989,2660,66991,66984,66992,66988,66990,66983,66997],"views":750,"_links":{"self":[{"href":"https:\/\/www.enerjigazetesi.ist\/en\/wp-json\/wp\/v2\/posts\/108413"}],"collection":[{"href":"https:\/\/www.enerjigazetesi.ist\/en\/wp-json\/wp\/v2\/posts"}],"about":[{"href":"https:\/\/www.enerjigazetesi.ist\/en\/wp-json\/wp\/v2\/types\/post"}],"author":[{"embeddable":true,"href":"https:\/\/www.enerjigazetesi.ist\/en\/wp-json\/wp\/v2\/users\/1"}],"replies":[{"embeddable":true,"href":"https:\/\/www.enerjigazetesi.ist\/en\/wp-json\/wp\/v2\/comments?post=108413"}],"version-history":[{"count":0,"href":"https:\/\/www.enerjigazetesi.ist\/en\/wp-json\/wp\/v2\/posts\/108413\/revisions"}],"wp:featuredmedia":[{"embeddable":true,"href":"https:\/\/www.enerjigazetesi.ist\/en\/wp-json\/wp\/v2\/media\/108415"}],"wp:attachment":[{"href":"https:\/\/www.enerjigazetesi.ist\/en\/wp-json\/wp\/v2\/media?parent=108413"}],"wp:term":[{"taxonomy":"category","embeddable":true,"href":"https:\/\/www.enerjigazetesi.ist\/en\/wp-json\/wp\/v2\/categories?post=108413"},{"taxonomy":"post_tag","embeddable":true,"href":"https:\/\/www.enerjigazetesi.ist\/en\/wp-json\/wp\/v2\/tags?post=108413"}],"curies":[{"name":"wp","href":"https:\/\/api.w.org\/{rel}","templated":true}]}}