{"id":108352,"date":"2020-02-13T15:04:16","date_gmt":"2020-02-13T12:04:16","guid":{"rendered":"https:\/\/www.enerjigazetesi.ist\/?p=108352"},"modified":"2020-02-13T15:05:53","modified_gmt":"2020-02-13T12:05:53","slug":"cumhuriyet-tarihinin-en-kapsamli-yerli-tohum-seferberligi-basladi","status":"publish","type":"post","link":"https:\/\/www.enerjigazetesi.ist\/en\/cumhuriyet-tarihinin-en-kapsamli-yerli-tohum-seferberligi-basladi\/","title":{"rendered":"(Turkish) Cumhuriyet Tarihinin En Kapsaml\u0131 &#8216;Yerli Tohum Seferberli\u011fi&#8217; Ba\u015flad\u0131!"},"content":{"rendered":"<p class=\"qtranxs-available-languages-message qtranxs-available-languages-message-en\">Sorry, this entry is only available in <a href=\"https:\/\/www.enerjigazetesi.ist\/tr\/wp-json\/wp\/v2\/posts\/108352\" class=\"qtranxs-available-language-link qtranxs-available-language-link-tr\" title=\"Turkish\">Turkish<\/a>. For the sake of viewer convenience, the content is shown below in the alternative language. You may click the link to switch the active language.<\/p><p><\/p>\n<h1>Tar\u0131m ve Orman Bakanl\u0131\u011f\u0131 taraf\u0131ndan gelecek nesillerin daha sa\u011fl\u0131kl\u0131, daha s\u00fcrd\u00fcr\u00fclebilir bir g\u0131da ekosisteminde ya\u015fayabilmesi i\u00e7in Cumhuriyet tarihinin en kapsaml\u0131 yerli tohum seferberli\u011fini ba\u015flat\u0131ld\u0131. Anadolu\u2019nun verimli topraklar\u0131n\u0131n tohumlar\u0131n\u0131n yan\u0131nda yerelle\u015fmi\u015f tohumlar, teknoloji ve bilim ile yeniden g\u0131da zincirine girecek ve sofralara ula\u015facak.<\/h1>\n<p><strong>Tar\u0131m ve Orman Bakan\u0131<\/strong> <em>Bekir Pakdemirli<\/em>, \u0130stanbul\u2019da yapt\u0131\u011f\u0131 <strong>bas\u0131n toplant\u0131s\u0131<\/strong> ile, gelecek nesillerin <strong>sa\u011fl\u0131kl\u0131 g\u0131daya eri\u015fimi i\u00e7in<\/strong> ba\u015flat\u0131lan <strong>\u201cAtadan Toruna Tohum Seferberli\u011fi\u201d<\/strong>ni duyurdu.<\/p>\n<p><img loading=\"lazy\" class=\"alignright wp-image-108354\" src=\"https:\/\/www.enerjigazetesi.ist\/wp-content\/uploads\/2020\/02\/cumhuriyet-tarihinin-en-kapsamli-yerli-tohum-seferberligi-basladi-2.jpg\" alt=\"\" width=\"320\" height=\"213\" srcset=\"https:\/\/www.enerjigazetesi.ist\/wp-content\/uploads\/2020\/02\/cumhuriyet-tarihinin-en-kapsamli-yerli-tohum-seferberligi-basladi-2.jpg 732w, https:\/\/www.enerjigazetesi.ist\/wp-content\/uploads\/2020\/02\/cumhuriyet-tarihinin-en-kapsamli-yerli-tohum-seferberligi-basladi-2-300x200.jpg 300w, https:\/\/www.enerjigazetesi.ist\/wp-content\/uploads\/2020\/02\/cumhuriyet-tarihinin-en-kapsamli-yerli-tohum-seferberligi-basladi-2-500x333.jpg 500w, https:\/\/www.enerjigazetesi.ist\/wp-content\/uploads\/2020\/02\/cumhuriyet-tarihinin-en-kapsamli-yerli-tohum-seferberligi-basladi-2-75x50.jpg 75w, https:\/\/www.enerjigazetesi.ist\/wp-content\/uploads\/2020\/02\/cumhuriyet-tarihinin-en-kapsamli-yerli-tohum-seferberligi-basladi-2-450x300.jpg 450w\" sizes=\"(max-width: 320px) 100vw, 320px\" \/>Bakan Pakdemirli, <strong>son 17 y\u0131lda tohumculuk<\/strong> sekt\u00f6r\u00fcne yakla\u015f\u0131k <strong>2,5 milyar TL<\/strong> destek verildi\u011fini, bug\u00fcn <strong>86 \u00fclkeye<\/strong> yakla\u015f\u0131k <strong>255 milyon dolarl\u0131k<\/strong> tohumluk ihracat yap\u0131ld\u0131\u011f\u0131n\u0131 kaydetti. Pakdemirli, \u201cBug\u00fcn art\u0131k T\u00fcrkiye tohumluk \u00fcreten ve ihra\u00e7 eden bir \u00fclkedir. <strong>2023 hedefimiz<\/strong> ise <strong>2 milyon ton \u00fcretim ve 500 milyon dolarl\u0131k<\/strong> ihracatt\u0131r\u201d dedi.<\/p>\n<p>Bakan Pakdemirli, T\u00fcrkiye\u2019de bitki \u0131slah\u00e7\u0131lar\u0131 taraf\u0131ndan kendi genetik kaynaklar\u0131m\u0131z ile <strong>geli\u015ftirilen \u00e7e\u015fitler ile tohumculuk sekt\u00f6r\u00fcn\u00fcn<\/strong> b\u00fcy\u00fcd\u00fc\u011f\u00fcn\u00fc belirterek <strong>\u015funlar\u0131 s\u00f6yledi:<\/strong> \u201c\u00dclkemiz tohumculu\u011funda <strong>e\u011fitim, yeni \u00e7e\u015fit, tescil, sertifikasyon ile fide ve fidan alanlar\u0131nda \u2018\u0130htisas Merkezleri\u2019 kurarak \u2018Atadan Toruna Tohum Seferberli\u011fini\u2019<\/strong> buradan ilan ediyorum. <em>Seferberlik kapsam\u0131nda \u2018E\u011fitim, Test ve Sertifikasyon, Analiz ve Fidan \u0130htisas E\u011fitimi\u2019 olmak \u00fczere 4 ayakl\u0131 bir strateji izlenecek. Tescil ve Sertifikasyon Merkezlerimizde; Morfolojik, Molek\u00fcler Test Laboratuvar\u0131, Tohum Te\u015fhis, Analiz ve G\u00f6r\u00fcnt\u00fcleme Sistemleri, Karacabey Fidan ve Fide Merkezimizde Meyvecilik \u00dcst Merkezi ile \u2018Ata Meyveleri Gen Bah\u00e7esi\u2019 kurularak<\/em> \u00fclkemiz tohumculu\u011funa yeni bir ivme kazand\u0131r\u0131yoruz.<\/p>\n<p><em>Tar\u0131m ve Orman Bakanl\u0131\u011f\u0131 Bitkisel \u00dcretim Genel M\u00fcd\u00fcrl\u00fc\u011f\u00fc, Tar\u0131m Ara\u015ft\u0131rmalar ve Politikalar Genel M\u00fcd\u00fcrl\u00fc\u011f\u00fc, E\u011fitim ve Yay\u0131nlar Daire Ba\u015fkanl\u0131\u011f\u0131<\/em>, <strong>Tohum Yeti\u015ftiricileri Alt Birli\u011fi (TYAB)<\/strong> ve <strong>T\u00fcrk Tar\u0131m Alet ve Makinalar\u0131 \u0130malat\u00e7\u0131lar\u0131 Birli\u011fi (TARMAKB\u0130R)<\/strong> ile tohumculuk sekt\u00f6r\u00fcm\u00fcz\u00fc yeni teknolojiler ile bulu\u015fturaca\u011f\u0131z.\u201d<\/p>\n<h2><strong>2 YILDA 15 B\u0130N \u00c7\u0130FT\u00c7\u0130YE E\u011e\u0130T\u0130M <\/strong><\/h2>\n<p>Tar\u0131m ve Orman Bakan\u0131 <strong>Bekir Pakdemirli<\/strong>, seferberlik kapsam\u0131nda en \u00f6nemli olan\u0131n <strong>\u00e7ift\u00e7i e\u011fitimi<\/strong> oldu\u011funu s\u00f6yledi. Pakdemirli \u015f\u00f6yle konu\u015ftu: \u201cUygulamal\u0131 \u00e7ift\u00e7i e\u011fitimi ile <strong>2 y\u0131lda 15 bin s\u00f6zle\u015fmeli<\/strong>, sertifikal\u0131 tohum \u00fcreticisi e\u011fitim g\u00f6recek. E\u011fitimler <em>Ankara, Adana, Ayd\u0131n, \u0130zmir, \u015eanl\u0131urfa ve Manisa olmak \u00fczere<\/em> 6 ilde ger\u00e7ekle\u015ftirilecek. E\u011fitim merkezlerinde <strong>1\u2019er hafta olarak<\/strong> sertifikal\u0131 tohum \u00fcreten \u00e7ift\u00e7ilerimize uygulamal\u0131 e\u011fitimler verilecek. Bu kapsamda \u00fclkemiz ihtiyac\u0131na uygun olarak, <strong>\u00fcst kademe (Elit, Orijinal) sertifikal\u0131 tohumluk<\/strong> \u00fcretim planlamas\u0131 sa\u011flanacak, ithalat\u0131na ihtiya\u00e7 duyulan durum <strong>bu\u011fday\u0131, ay\u00e7i\u00e7e\u011fi ve m\u0131s\u0131r gibi t\u00fcrlerde tohumluk \u00fcretimlerinin<\/strong> art\u0131r\u0131larak ithalat oranlar\u0131 d\u00fc\u015f\u00fcr\u00fclecek.\u201d<\/p>\n<h2><strong>TOHUM VER\u0130 TABANI OLU\u015eTURULACAK<\/strong><\/h2>\n<p>Bakan Pakdemirli, <strong>Tar\u0131m ve Orman Bakanl\u0131\u011f\u0131 Tohumluk Tescil ve Sertifikasyon Merkezi M\u00fcd\u00fcrl\u00fc\u011f\u00fc<\/strong> b\u00fcnyesinde bitki \u00e7e\u015fitlerinin kay\u0131t alt\u0131na al\u0131nmas\u0131 ve \u0131slah\u00e7\u0131 haklar\u0131n\u0131n tescilini sa\u011flayacak, d\u00fcnya standartlar\u0131nda analiz kabiliyeti ve teknolojisi olan bir<strong> morfolojik ve molek\u00fcler test laboratuvar\u0131<\/strong> kurulaca\u011f\u0131n\u0131 belirterek, \u201cB\u00f6ylece tohum \u00fcreticilerinin yeti\u015ftirece\u011fi, geli\u015ftirece\u011fi yerli tohum t\u00fcrlerinin tescili de <strong>uluslararas\u0131 akreditasyona sahip<\/strong> olacak bu laboratuvarda ger\u00e7ekle\u015ftirilecek. Uluslararas\u0131 standartlarda teknolojileri kullanacak olan laboratuvar sayesinde T\u00fcrkiye\u2019nin <strong>dijital tohum ar\u015fivi<\/strong> ve katalo\u011fu ile <strong>t\u00fcm resmi ve \u00f6zel yetkili laboratuvarlar\u0131n, \u00fcniversitelerin, tohum analistlerinin yararlanabilece\u011fi<\/strong> bir veri taban\u0131 da olu\u015fturulacak\u201d dedi.<\/p>\n<p>Bakan Pakdemirli, d\u00fcnyada bitki \u00e7e\u015fitlerinin <strong>kay\u0131t alt\u0131na al\u0131nmas\u0131<\/strong> ve <strong>\u0131slah\u00e7\u0131 haklar\u0131 i\u00e7in yap\u0131lan<\/strong> tescil i\u015flemleri piyasas\u0131n\u0131n yakla\u015f\u0131k <strong>32 Milyon Euro<\/strong> oldu\u011funu, test laboratuvarlar\u0131n\u0131n hayata ge\u00e7irilmesiyle d\u0131\u015fa ba\u011f\u0131ml\u0131l\u0131\u011f\u0131n azalt\u0131larak <strong>y\u0131ll\u0131k 6 Milyon TL<\/strong> ilave kazan\u00e7 sa\u011flanaca\u011f\u0131n\u0131 belirtti.<\/p>\n<h2><strong>TOHUM ANAL\u0130Z VE G\u00d6R\u00dcNT\u00dcLEME<\/strong><\/h2>\n<p>Seferberlik kapsam\u0131nda hayata ge\u00e7irilecek bir di\u011fer projenin ise, <strong>tohumlar\u0131n \u00f6zel teknoloji ve mikroskobik cihazlarla te\u015fhis ve analizini sa\u011flayaca\u011f\u0131n\u0131<\/strong> ifade eden Bakan Pakdemirli, yap\u0131lan \u00e7al\u0131\u015fmalar neticesinde \u00fcr\u00fcn kay\u0131plar\u0131na yol a\u00e7an hastal\u0131k etmenlerine diren\u00e7li tohumluklar geli\u015ftirilece\u011fini vurgulad\u0131. Pakdemirli, bu projede kullan\u0131lacak <strong>\u00f6zel ve ileri g\u00f6r\u00fcnt\u00fcleme sistemleri sayesinde<\/strong> tohumlar\u0131n ve tohumlara zararl\u0131 organizmalar\u0131n ayr\u0131\u015ft\u0131rmas\u0131n\u0131n sa\u011flanaca\u011f\u0131n\u0131 kaydetti.<\/p>\n<h2><strong>F\u0130DAN \u0130HT\u0130SAS MERKEZ\u0130<\/strong><\/h2>\n<p>Seferberlik kapsam\u0131nda hayata ge\u00e7irilecek projelerden biri de <strong>Bursa Karacabey\u2019de<\/strong> 150 dekarl\u0131k alanda kurulacak Fidan \u0130htisas Merkezi olacak. <strong>\u2018Standart Fidan Dam\u0131zl\u0131k Parseli\u2019<\/strong> olarak adland\u0131r\u0131lan bu proje fidanc\u0131l\u0131k ve meyvecilik sekt\u00f6r\u00fcn\u00fcn mesleki ve hayat boyu e\u011fitim merkezi olarak \u00e7al\u0131\u015facak. Bakan Pakdemirli, <strong>Fidan \u0130htisas Merkezi\u2019nin<\/strong> uluslararas\u0131 standartlarda ve <strong>modern tekniklerle fidan \u00fcretimi, zirai m\u00fccadele, sulama ve besleme<\/strong> gibi alanlarda e\u011fitimler verilece\u011fini s\u00f6yledi.<\/p>\n<h2><strong>TOHUMCULUK SEKT\u00d6R\u00dc<\/strong><\/h2>\n<p>Tar\u0131m ve Orman Bakan\u0131 Bekir Pakdemirli, <strong>tohumculuk sekt\u00f6r\u00fc<\/strong>ne ili\u015fkin bilgiler de verdi. T\u00fcrkiye\u2019nin bitkisel biyolojik \u00e7e\u015fitlili\u011finin sadece T\u00fcrkiye\u2019de bulunan t\u00fcrlerin yan\u0131 s\u0131ra yerel \u00e7e\u015fitler a\u00e7\u0131s\u0131ndan da \u00e7ok zengin oldu\u011funu <span style=\"text-decoration: underline;\">ifade ederek \u015funlar\u0131 s\u00f6yledi:<\/span> \u201c\u00d6zellikle, tar\u0131m\u0131 yap\u0131lan t\u00fcrlere ait bitki genetik kaynaklar\u0131ndaki genetik \u00e7e\u015fitlili\u011fin korunmas\u0131, bitkisel \u00fcretimin s\u00fcrd\u00fcr\u00fclebilirli\u011fi bak\u0131m\u0131ndan son derece \u00f6nemlidir.Tohumculukta<strong> nohut, mercimek ve kuru fasulyede<\/strong> <em>y\u00fczde 100, arpada y\u00fczde 99,5, makarnal\u0131k bu\u011fdayda y\u00fczde 81, ekmeklik bu\u011fdayda y\u00fczde 69, \u00e7eltikte y\u00fczde 68, yem bitkilerinde y\u00fczde 85, sebzede y\u00fczde 77 oranlar\u0131nda yerlilik<\/em> sa\u011fland\u0131. Son <strong>16 y\u0131lda sertifikal\u0131<\/strong> tohum \u00fcretimimizi <strong>7 kat<\/strong> art\u0131rarak <strong>1.059 bin tona<\/strong> \u00e7\u0131kard\u0131k. 17 milyon dolar olan tohum ihracat\u0131m\u0131z\u0131 <strong>9 kat art\u0131\u015f<\/strong> ile <strong>152 Milyon dolara<\/strong>, \u0130hracat\u0131n ithalat\u0131 kar\u015f\u0131lama oran\u0131 <strong>y\u00fczde 31<\/strong> iken <strong>y\u00fczde 85<\/strong> seviyesine y\u00fckselttik. <strong>120 Milyon dolar olan<\/strong> \u00fclkemiz tohum sekt\u00f6r\u00fcm\u00fcz\u00fcn pazar b\u00fcy\u00fckl\u00fc\u011f\u00fc <strong>8 kat<\/strong> artarak <strong>1,3 milyar dolara<\/strong> \u00e7\u0131kard\u0131k.\u201d<\/p>","protected":false},"excerpt":{"rendered":"<p>Sorry, this entry is only available in Turkish. For the sake of viewer convenience, the content is shown below in the alternative language. You may click the link to switch the active language. Tar\u0131m ve Orman Bakanl\u0131\u011f\u0131 taraf\u0131ndan gelecek nesillerin daha sa\u011fl\u0131kl\u0131, daha s\u00fcrd\u00fcr\u00fclebilir bir g\u0131da ekosisteminde ya\u015fayabilmesi i\u00e7in Cumhuriyet tarihinin en kapsaml\u0131 yerli tohum [&hellip;]<\/p>\n","protected":false},"author":1,"featured_media":108355,"comment_status":"open","ping_status":"open","sticky":false,"template":"","format":"standard","meta":[],"categories":[53],"tags":[66934,66935,52259,66936,66933,57125,45699,66932,66937,66931,66938],"views":86,"_links":{"self":[{"href":"https:\/\/www.enerjigazetesi.ist\/en\/wp-json\/wp\/v2\/posts\/108352"}],"collection":[{"href":"https:\/\/www.enerjigazetesi.ist\/en\/wp-json\/wp\/v2\/posts"}],"about":[{"href":"https:\/\/www.enerjigazetesi.ist\/en\/wp-json\/wp\/v2\/types\/post"}],"author":[{"embeddable":true,"href":"https:\/\/www.enerjigazetesi.ist\/en\/wp-json\/wp\/v2\/users\/1"}],"replies":[{"embeddable":true,"href":"https:\/\/www.enerjigazetesi.ist\/en\/wp-json\/wp\/v2\/comments?post=108352"}],"version-history":[{"count":0,"href":"https:\/\/www.enerjigazetesi.ist\/en\/wp-json\/wp\/v2\/posts\/108352\/revisions"}],"wp:featuredmedia":[{"embeddable":true,"href":"https:\/\/www.enerjigazetesi.ist\/en\/wp-json\/wp\/v2\/media\/108355"}],"wp:attachment":[{"href":"https:\/\/www.enerjigazetesi.ist\/en\/wp-json\/wp\/v2\/media?parent=108352"}],"wp:term":[{"taxonomy":"category","embeddable":true,"href":"https:\/\/www.enerjigazetesi.ist\/en\/wp-json\/wp\/v2\/categories?post=108352"},{"taxonomy":"post_tag","embeddable":true,"href":"https:\/\/www.enerjigazetesi.ist\/en\/wp-json\/wp\/v2\/tags?post=108352"}],"curies":[{"name":"wp","href":"https:\/\/api.w.org\/{rel}","templated":true}]}}