{"id":10832,"date":"2013-05-13T13:44:10","date_gmt":"2013-05-13T10:44:10","guid":{"rendered":"https:\/\/www.enerjigazetesi.ist\/?p=10832"},"modified":"2013-05-16T17:27:15","modified_gmt":"2013-05-16T14:27:15","slug":"herkes-icin-surdurulebilir-enerji-is-dunyasi-firsatlari-toplantisi","status":"publish","type":"post","link":"https:\/\/www.enerjigazetesi.ist\/en\/herkes-icin-surdurulebilir-enerji-is-dunyasi-firsatlari-toplantisi\/","title":{"rendered":"(Turkish) Herkes \u0130\u00e7in S\u00fcrd\u00fcr\u00fclebilir Enerji: \u0130\u015f D\u00fcnyas\u0131 F\u0131rsatlar\u0131 Toplant\u0131s\u0131&#8230;"},"content":{"rendered":"<p class=\"qtranxs-available-languages-message qtranxs-available-languages-message-en\">Sorry, this entry is only available in <a href=\"https:\/\/www.enerjigazetesi.ist\/tr\/wp-json\/wp\/v2\/posts\/10832\" class=\"qtranxs-available-language-link qtranxs-available-language-link-tr\" title=\"Turkish\">Turkish<\/a>. For the sake of viewer convenience, the content is shown below in the alternative language. You may click the link to switch the active language.<\/p><p><strong><\/strong><strong>\u0130zmir Ekonomi \u00dcniversitesi ve Global Compact Network T\u00fcrkiye\u2019nin i\u015fbirli\u011fiyle d\u00fczenlenen \u201cHerkes \u0130\u00e7in S\u00fcrd\u00fcr\u00fclebilir Enerji: \u0130\u015f D\u00fcnyas\u0131 \u0130\u00e7in F\u0131rsatlar T\u00fcrkiye Lansman Toplant\u0131s\u0131 ile\u00a0 Enerji Y\u00f6netimi ve Politikalar\u0131 \u00c7al\u0131\u015ftay\u0131-II\u201d 30 May\u0131s 2013 tarihinde 09:30 \u2013 18:30 saatleri aras\u0131nda \u0130zmir Ekonomi \u00dcniversitesi Konferans Salonu\u2019nda ger\u00e7ekle\u015fecektir. Konferansa kat\u0131l\u0131m \u00fccretsizdir.<\/strong><\/p>\n<p>BM Mukim Koordinat\u00f6r\u00fc ve UNDP T\u00fcrkiye Daimi Temsilcisi Kamal Malhotra ve Birle\u015fmi\u015f Milletler Gen<a href=\"https:\/\/www.enerjigazetesi.ist\/wp-content\/uploads\/2013\/05\/herkes-icin-surdurulebilir-enerji.jpg\"><img loading=\"lazy\" class=\"alignright size-medium wp-image-10833\" title=\"herkez-icin-surdurulebilir-enerji\" src=\"https:\/\/www.enerjigazetesi.ist\/wp-content\/uploads\/2013\/05\/herkes-icin-surdurulebilir-enerji-300x180.jpg\" alt=\"\" width=\"300\" height=\"180\" srcset=\"https:\/\/www.enerjigazetesi.ist\/wp-content\/uploads\/2013\/05\/herkes-icin-surdurulebilir-enerji-300x180.jpg 300w, https:\/\/www.enerjigazetesi.ist\/wp-content\/uploads\/2013\/05\/herkes-icin-surdurulebilir-enerji-80x48.jpg 80w, https:\/\/www.enerjigazetesi.ist\/wp-content\/uploads\/2013\/05\/herkes-icin-surdurulebilir-enerji.jpg 451w\" sizes=\"(max-width: 300px) 100vw, 300px\" \/><\/a>el Sekreterli\u011fi ve S\u00fcrd\u00fcr\u00fclebilir Kalk\u0131nma Ba\u015f Dan\u0131\u015fman Brice Lalonde&#8217;nin a\u00e7\u0131l\u0131\u015f konu\u015fmalar\u0131yla ba\u015flayacak olan bu \u00f6nemli konferans kamu, \u00f6zel sekt\u00f6r, dernekler ve akademiyi bir araya getiriyor.<\/p>\n<p>T\u00fcrkiye enerji sekt\u00f6r\u00fcn\u00fcn farkl\u0131 payda\u015flar\u0131n\u0131n &#8220;s\u00fcrd\u00fcr\u00fclebilir enerji&#8221;ye dair deneyimlerini ve hedeflerini aktaraca\u011f\u0131 bu konferansa BOTA\u015e, ISKEN, T\u00dcS\u0130AD, EnerjSA, Ege Gaz ve Acenture&#8217;den temsilciler kat\u0131larak &#8220;T\u00fcrkiye Enerji Sekt\u00f6r\u00fc&#8217;nde Ya\u015fanan Son Geli\u015fmeler&#8221;e dair konu\u015fmalar ger\u00e7ekle\u015ftirecektir.<\/p>\n<p>T\u00fcrkiye enerji sekt\u00f6r\u00fcn\u00fcn farkl\u0131 payda\u015flar\u0131n\u0131n \u201cs\u00fcrd\u00fcr\u00fclebilir enerji\u201dye dair deneyimlerini ve hedeflerini aktaraca\u011f\u0131 bu konferansa, UNIDO, UNDP, ISKEN, T\u00dcS\u0130AD, SEDEFED, EnerjSA, EgeGaz ve Accenture\u2019den temsilciler kat\u0131larak \u201cT\u00fcrkiye Enerji Sekt\u00f6r\u00fc\u2019nde Ya\u015fanan Son Geli\u015fmeler\u201de dair konu\u015fmalar ger\u00e7ekle\u015ftirecektir.<\/p>\n<p>Konferans\u0131n \u00fc\u00e7\u00fcnc\u00fc oturumunda ise, \u201c\u0130E\u00dc S\u00fcrd\u00fcr\u00fclebilir Enerji Y\u00fcksek Lisans Program\u0131 \u00d6\u011frencilerinin \u0130leri D\u00fczey Ara\u015ft\u0131rma Projelerinin Sunumlar\u0131\u201d yer alacak ve 4 Proje Grubu sunumlar\u0131n\u0131 payla\u015facakt\u0131r.<\/p>\n<p><strong>Etkinlik Tarihi \/ Yer: 30 May\u0131s 2013 \/\u00a0 \u0130zmir Ekonomi \u00dcniversitesi (\u0130E\u00dc), Bal\u00e7ova, T\u00fcrkiye<\/strong><\/p>\n<p><strong>Program Detay\u0131 \u0130\u00e7in <a href=\"https:\/\/www.enerjigazetesi.ist\/ieu-calistay.pdf\" target=\"_blank\">TIKLAYIN&gt;&gt;<\/a><\/strong><\/p>\n<p><span style=\"text-decoration: underline;\"><strong>Ayr\u0131nt\u0131l\u0131 bilgi ve LCV:<\/strong><\/span><\/p>\n<p><strong>Evrim \u00d6zyorulmaz &#8211; <\/strong>\u0130zmir Ekonomi \u00dcniversitesi<\/p>\n<p><strong>Tel: <\/strong>+90 232 488 9877<strong> &#8211; E-Posta: <\/strong><strong><a href=\"mailto:enerjicalistayi@edu.edu.tr\">enerjicalistayi@edu.edu.tr<\/a><\/strong><\/p>\n<p>Yay\u0131nc\u0131: <a href=\"https:\/\/www.enerjigazetesi.ist\" target=\"_blank\">Enerji Gazetesi<\/a><\/p>","protected":false},"excerpt":{"rendered":"<p>Sorry, this entry is only available in Turkish. For the sake of viewer convenience, the content is shown below in the alternative language. You may click the link to switch the active language.\u0130zmir Ekonomi \u00dcniversitesi ve Global Compact Network T\u00fcrkiye\u2019nin i\u015fbirli\u011fiyle d\u00fczenlenen \u201cHerkes \u0130\u00e7in S\u00fcrd\u00fcr\u00fclebilir Enerji: \u0130\u015f D\u00fcnyas\u0131 \u0130\u00e7in F\u0131rsatlar T\u00fcrkiye Lansman Toplant\u0131s\u0131 ile\u00a0 Enerji [&hellip;]<\/p>\n","protected":false},"author":1,"featured_media":10833,"comment_status":"open","ping_status":"open","sticky":false,"template":"","format":"standard","meta":[],"categories":[53],"tags":[63,67,5273,5274,5271,5272,62,5275,105],"views":1062,"_links":{"self":[{"href":"https:\/\/www.enerjigazetesi.ist\/en\/wp-json\/wp\/v2\/posts\/10832"}],"collection":[{"href":"https:\/\/www.enerjigazetesi.ist\/en\/wp-json\/wp\/v2\/posts"}],"about":[{"href":"https:\/\/www.enerjigazetesi.ist\/en\/wp-json\/wp\/v2\/types\/post"}],"author":[{"embeddable":true,"href":"https:\/\/www.enerjigazetesi.ist\/en\/wp-json\/wp\/v2\/users\/1"}],"replies":[{"embeddable":true,"href":"https:\/\/www.enerjigazetesi.ist\/en\/wp-json\/wp\/v2\/comments?post=10832"}],"version-history":[{"count":7,"href":"https:\/\/www.enerjigazetesi.ist\/en\/wp-json\/wp\/v2\/posts\/10832\/revisions"}],"predecessor-version":[{"id":10835,"href":"https:\/\/www.enerjigazetesi.ist\/en\/wp-json\/wp\/v2\/posts\/10832\/revisions\/10835"}],"wp:featuredmedia":[{"embeddable":true,"href":"https:\/\/www.enerjigazetesi.ist\/en\/wp-json\/wp\/v2\/media\/10833"}],"wp:attachment":[{"href":"https:\/\/www.enerjigazetesi.ist\/en\/wp-json\/wp\/v2\/media?parent=10832"}],"wp:term":[{"taxonomy":"category","embeddable":true,"href":"https:\/\/www.enerjigazetesi.ist\/en\/wp-json\/wp\/v2\/categories?post=10832"},{"taxonomy":"post_tag","embeddable":true,"href":"https:\/\/www.enerjigazetesi.ist\/en\/wp-json\/wp\/v2\/tags?post=10832"}],"curies":[{"name":"wp","href":"https:\/\/api.w.org\/{rel}","templated":true}]}}