{"id":108318,"date":"2020-02-12T16:11:53","date_gmt":"2020-02-12T13:11:53","guid":{"rendered":"https:\/\/www.enerjigazetesi.ist\/?p=108318"},"modified":"2020-02-12T16:11:53","modified_gmt":"2020-02-12T13:11:53","slug":"eskisehir-buyuksehir-belediyesi-gunesten-elektrik-uretmeye-basladi","status":"publish","type":"post","link":"https:\/\/www.enerjigazetesi.ist\/en\/eskisehir-buyuksehir-belediyesi-gunesten-elektrik-uretmeye-basladi\/","title":{"rendered":"(Turkish) &#8217;Eski\u015fehir B\u00fcy\u00fck\u015fehir Belediyesi&#8217; G\u00fcne\u015ften Elektrik \u00dcretmeye Ba\u015flad\u0131"},"content":{"rendered":"<p class=\"qtranxs-available-languages-message qtranxs-available-languages-message-en\">Sorry, this entry is only available in <a href=\"https:\/\/www.enerjigazetesi.ist\/tr\/wp-json\/wp\/v2\/posts\/108318\" class=\"qtranxs-available-language-link qtranxs-available-language-link-tr\" title=\"Turkish\">Turkish<\/a>. For the sake of viewer convenience, the content is shown below in the alternative language. You may click the link to switch the active language.<\/p><p><\/p>\n<h1><strong>Eski\u015fehir B\u00fcy\u00fck\u015fehir Belediyesi taraf\u0131ndan Mamuca Mahallesi\u2019nde kurulumu yap\u0131lan g\u00fcne\u015f enerjisi santrali elektrik \u00fcretimine ge\u00e7ti.<\/strong><\/h1>\n<p><strong>Eski\u015fehir B\u00fcy\u00fck\u015fehir Belediyesi<\/strong>, m\u00fclkiyeti belediyeye ait <strong>tar\u0131m d\u0131\u015f\u0131 arazilere g\u00fcne\u015f santralleri<\/strong> kurulumlar\u0131n\u0131 s\u00fcrd\u00fcr\u00fcrken <strong>Mamuca Mahallesi<\/strong>\u2019nde yap\u0131m\u0131 tamamlanan<strong> g\u00fcne\u015f enerjisi santralinden<\/strong> elektrik \u00fcretimine ge\u00e7en Belediye, \u00f6n\u00fcm\u00fczdeki d\u00f6nemde <strong>7 MW<\/strong> kapasiteye sahip <strong>3 yeni <img loading=\"lazy\" class=\"alignright wp-image-108321\" src=\"https:\/\/www.enerjigazetesi.ist\/wp-content\/uploads\/2020\/02\/eskisehir-buyuksehir-belediyesi-gunesten-elektrik-uretmeye-basladi.jpg\" alt=\"\" width=\"320\" height=\"168\" srcset=\"https:\/\/www.enerjigazetesi.ist\/wp-content\/uploads\/2020\/02\/eskisehir-buyuksehir-belediyesi-gunesten-elektrik-uretmeye-basladi.jpg 700w, https:\/\/www.enerjigazetesi.ist\/wp-content\/uploads\/2020\/02\/eskisehir-buyuksehir-belediyesi-gunesten-elektrik-uretmeye-basladi-300x158.jpg 300w, https:\/\/www.enerjigazetesi.ist\/wp-content\/uploads\/2020\/02\/eskisehir-buyuksehir-belediyesi-gunesten-elektrik-uretmeye-basladi-500x263.jpg 500w, https:\/\/www.enerjigazetesi.ist\/wp-content\/uploads\/2020\/02\/eskisehir-buyuksehir-belediyesi-gunesten-elektrik-uretmeye-basladi-80x42.jpg 80w\" sizes=\"(max-width: 320px) 100vw, 320px\" \/>g\u00fcne\u015f enerjisi santrali<\/strong> daha kurmay\u0131 planl\u0131yor.<\/p>\n<p><strong>Eski\u015fehir B\u00fcy\u00fck\u015fehir Belediyesi<\/strong> Ba\u015fkan\u0131 <strong>Y\u0131lmaz B\u00fcy\u00fcker\u015fen<\/strong>, enerji dostu projelerin s\u00fcrece\u011fine vurgu yaparak, \u201cEnerji konusunda <strong>yurt d\u0131\u015f\u0131na ba\u011f\u0131ml\u0131 hale geldi\u011fimiz<\/strong> ger\u00e7e\u011finden yola \u00e7\u0131karak, <strong>topra\u011f\u0131m\u0131za, suyumuza, havam\u0131za ve insan\u0131m\u0131za zarar vermeyen<\/strong> enerji \u00fcretim modellerine y\u00f6nelmemiz gerekti\u011fine inan\u0131yoruz. Bu \u00e7er\u00e7evede\u00a0<strong>Mamuca Mahallesi<\/strong>\u2019nde m\u00fclkiyeti belediyemize ait <strong>tar\u0131ma elveri\u015fli olmayan<\/strong> araziye <strong>g\u00fcne\u015f enerjisi santralini kurarak<\/strong> g\u00fcne\u015f enerjisinden en iyi \u015fekilde faydalanmaya \u00e7al\u0131\u015f\u0131yoruz. Bu santralde \u00fcretti\u011fimiz enerji <strong>ana \u015febekeye<\/strong> veriliyor ve belediye olarak kulland\u0131\u011f\u0131m\u0131z<strong> elektrik t\u00fcketiminden mahsup<\/strong> ediliyor. Di\u011fer taraftan\u00a0<strong>g\u00fcne\u015f enerjisinden<\/strong> faydalan\u0131rken, di\u011fer yandan da ekonomik olarak <strong>belediye b\u00fct\u00e7emize<\/strong> katk\u0131 sa\u011flam\u0131\u015f oluyoruz. \u00d6n\u00fcm\u00fczdeki y\u0131llarda belediyemize ait <strong>3 yeni alanda<\/strong> daha toplamda yakla\u015f\u0131k <strong>7 mw kapasiteye<\/strong> sahip <strong>g\u00fcne\u015f enerjisi santrali kurmay\u0131<\/strong> planl\u0131yoruz\u201d ifadelerini kulland\u0131.<\/p>","protected":false},"excerpt":{"rendered":"<p>Sorry, this entry is only available in Turkish. For the sake of viewer convenience, the content is shown below in the alternative language. You may click the link to switch the active language. Eski\u015fehir B\u00fcy\u00fck\u015fehir Belediyesi taraf\u0131ndan Mamuca Mahallesi\u2019nde kurulumu yap\u0131lan g\u00fcne\u015f enerjisi santrali elektrik \u00fcretimine ge\u00e7ti. Eski\u015fehir B\u00fcy\u00fck\u015fehir Belediyesi, m\u00fclkiyeti belediyeye ait tar\u0131m d\u0131\u015f\u0131 [&hellip;]<\/p>\n","protected":false},"author":1,"featured_media":108321,"comment_status":"open","ping_status":"open","sticky":false,"template":"","format":"standard","meta":[],"categories":[51,53,49],"tags":[53114,5070,66918,52259,37923,53157,12474,63893,66917,37922],"views":401,"_links":{"self":[{"href":"https:\/\/www.enerjigazetesi.ist\/en\/wp-json\/wp\/v2\/posts\/108318"}],"collection":[{"href":"https:\/\/www.enerjigazetesi.ist\/en\/wp-json\/wp\/v2\/posts"}],"about":[{"href":"https:\/\/www.enerjigazetesi.ist\/en\/wp-json\/wp\/v2\/types\/post"}],"author":[{"embeddable":true,"href":"https:\/\/www.enerjigazetesi.ist\/en\/wp-json\/wp\/v2\/users\/1"}],"replies":[{"embeddable":true,"href":"https:\/\/www.enerjigazetesi.ist\/en\/wp-json\/wp\/v2\/comments?post=108318"}],"version-history":[{"count":0,"href":"https:\/\/www.enerjigazetesi.ist\/en\/wp-json\/wp\/v2\/posts\/108318\/revisions"}],"wp:featuredmedia":[{"embeddable":true,"href":"https:\/\/www.enerjigazetesi.ist\/en\/wp-json\/wp\/v2\/media\/108321"}],"wp:attachment":[{"href":"https:\/\/www.enerjigazetesi.ist\/en\/wp-json\/wp\/v2\/media?parent=108318"}],"wp:term":[{"taxonomy":"category","embeddable":true,"href":"https:\/\/www.enerjigazetesi.ist\/en\/wp-json\/wp\/v2\/categories?post=108318"},{"taxonomy":"post_tag","embeddable":true,"href":"https:\/\/www.enerjigazetesi.ist\/en\/wp-json\/wp\/v2\/tags?post=108318"}],"curies":[{"name":"wp","href":"https:\/\/api.w.org\/{rel}","templated":true}]}}