{"id":108312,"date":"2020-02-12T15:59:54","date_gmt":"2020-02-12T12:59:54","guid":{"rendered":"https:\/\/www.enerjigazetesi.ist\/?p=108312"},"modified":"2020-02-12T16:00:51","modified_gmt":"2020-02-12T13:00:51","slug":"solar-istanbul-izmir-basin-ve-sektor-toplantisi-izmir-tic-odasinda-yapildi","status":"publish","type":"post","link":"https:\/\/www.enerjigazetesi.ist\/en\/solar-istanbul-izmir-basin-ve-sektor-toplantisi-izmir-tic-odasinda-yapildi\/","title":{"rendered":"(Turkish) &#8217;Solar \u0130stanbul&#8217; \u0130zmir Bas\u0131n ve Sekt\u00f6r Toplant\u0131s\u0131 \u0130zmir Ticaret Odas\u0131\u2019nda Yap\u0131ld\u0131"},"content":{"rendered":"<p class=\"qtranxs-available-languages-message qtranxs-available-languages-message-en\">Sorry, this entry is only available in <a href=\"https:\/\/www.enerjigazetesi.ist\/tr\/wp-json\/wp\/v2\/posts\/108312\" class=\"qtranxs-available-language-link qtranxs-available-language-link-tr\" title=\"Turkish\">Turkish<\/a>. For the sake of viewer convenience, the content is shown below in the alternative language. You may click the link to switch the active language.<\/p><p><\/p>\n<h1>11-13 Mart 2020 tarihleri aras\u0131nda \u0130stanbul Kongre Merkezi\u2019nde d\u00fczenlenecek olan \u201cSolar \u0130stanbul G\u00fcne\u015f Enerjisi, Enerji Depolama, Elektrikli Ula\u015f\u0131m ve Dijitalle\u015fme Fuar\u0131 ve Konferans\u0131\u201d Bas\u0131n ve Sekt\u00f6r Bulu\u015fmalar\u0131\u2019n\u0131n \u0130zmir aya\u011f\u0131 \u0130zmir Ticaret Odas\u0131\u2019nda ger\u00e7ekle\u015ftirildi.<\/h1>\n<p>Toplant\u0131ya <strong>G\u00fcne\u015f Enerjisi Sanayicileri Derne\u011fi GENSED Y\u00f6netim Kurulu Ba\u015fkan Yard\u0131mc\u0131s\u0131 Tolga \u00d6zdemir, G\u00fcne\u015f Enerjisi Yat\u0131r\u0131mc\u0131lar\u0131 Derne\u011fi G\u00dcYAD Genel Sekreteri Berke Ayg\u00fcn, G\u00fcnder Y\u00f6netim Kurulu \u00dcyesi Levent Y\u0131ld\u0131z, Uluslararas\u0131 Balkan ve T\u00fcrk \u0130\u015f <img loading=\"lazy\" class=\"alignright wp-image-108315\" src=\"https:\/\/www.enerjigazetesi.ist\/wp-content\/uploads\/2020\/02\/solar-istanbul-izmir-basin-ve-sektor-toplantisi-izmir-tic-odasinda-yapildi-1-1024x582.jpg\" alt=\"\" width=\"320\" height=\"182\" srcset=\"https:\/\/www.enerjigazetesi.ist\/wp-content\/uploads\/2020\/02\/solar-istanbul-izmir-basin-ve-sektor-toplantisi-izmir-tic-odasinda-yapildi-1-1024x582.jpg 1024w, https:\/\/www.enerjigazetesi.ist\/wp-content\/uploads\/2020\/02\/solar-istanbul-izmir-basin-ve-sektor-toplantisi-izmir-tic-odasinda-yapildi-1-300x171.jpg 300w, https:\/\/www.enerjigazetesi.ist\/wp-content\/uploads\/2020\/02\/solar-istanbul-izmir-basin-ve-sektor-toplantisi-izmir-tic-odasinda-yapildi-1-768x437.jpg 768w, https:\/\/www.enerjigazetesi.ist\/wp-content\/uploads\/2020\/02\/solar-istanbul-izmir-basin-ve-sektor-toplantisi-izmir-tic-odasinda-yapildi-1-500x284.jpg 500w, https:\/\/www.enerjigazetesi.ist\/wp-content\/uploads\/2020\/02\/solar-istanbul-izmir-basin-ve-sektor-toplantisi-izmir-tic-odasinda-yapildi-1-80x46.jpg 80w, https:\/\/www.enerjigazetesi.ist\/wp-content\/uploads\/2020\/02\/solar-istanbul-izmir-basin-ve-sektor-toplantisi-izmir-tic-odasinda-yapildi-1.jpg 1600w\" sizes=\"(max-width: 320px) 100vw, 320px\" \/>D\u00fcnyas\u0131 Derne\u011fi BAT\u00dcDER Ba\u015fkan\u0131 Ak\u0131n Kazan\u00e7o\u011flu<\/strong> ile <strong>TG Expo Solar \u0130stanbul Temsilcileri Esra Kulo\u011fullar\u0131<\/strong> ve <strong>Ezgi \u00d6zdemir<\/strong> konu\u015fmac\u0131 olarak kat\u0131ld\u0131. Toplant\u0131da s\u00f6z alan <strong>\u0130zmir Ticaret Odas\u0131 \u0130klimlendirme Komitesi Ba\u015fkan\u0131 L\u00fctfi K\u0131l\u0131\u00e7<\/strong>, \u0130ZTO olarak \u0130zmir\u2019de <strong>yenilenebilir enerji kaynaklar\u0131yla<\/strong> ilgili fark\u0131ndal\u0131k yaratmay\u0131 hedeflediklerinin alt\u0131n\u0131 \u00e7izdi. <strong>GENSED Ba\u015fkan Yard\u0131mc\u0131s\u0131 Tolga \u00d6zdemir <\/strong>de g\u00fcne\u015f enerjisi sekt\u00f6r\u00fcn\u00fcn yaln\u0131zca d\u00fcnyada de\u011fil T\u00fcrkiye\u2019de de \u00e7ok ciddi oranda b\u00fcy\u00fcd\u00fc\u011f\u00fcn\u00fc belirterek bu b\u00fcy\u00fcmenin<strong> \u00f6n\u00fcm\u00fczdeki 5 y\u0131l i\u00e7erisinde<\/strong> katlanarak artmas\u0131n\u0131 beklediklerini vurgulad\u0131. \u00d6zdemir, \u201cT\u00fcrkiye\u2019de g\u00fcne\u015f <strong>kurulu g\u00fcc\u00fc 6 GW\u2019a<\/strong> ula\u015ft\u0131. T\u00fcrkiye\u2019nin <strong>y\u0131ll\u0131k 500 TWh\u2019l\u0131k<\/strong> g\u00fcne\u015f potansiyeli d\u00fc\u015f\u00fcn\u00fcl\u00fcnce daha alacak \u00e7ok yolumuz var. <strong>Solar \u0130stanbul Fuar\u0131\u2019nda<\/strong> t\u00fcm bunlar\u0131 en ince detaylar\u0131yla ele alaca\u011f\u0131z\u201d dedi.<\/p>\n<h2><strong>\u0130zmir G\u00fcne\u015fi Tart\u0131\u015ft\u0131<\/strong><\/h2>\n<p>T\u00fcrkiye\u2019nin <strong>g\u00fcne\u015f enerjisi alan\u0131nda<\/strong> y\u0131ll\u0131k <strong>500 TWh potansiyeli<\/strong> oldu\u011funa dikkat \u00e7eken <strong>GENSED Ba\u015fkan Yard\u0131mc\u0131s\u0131 Tolga \u00d6zdemir,<\/strong> 2019 sonu itibar\u0131yla <strong>g\u00fcne\u015f kurulu g\u00fcc\u00fcn\u00fcn<\/strong> yaln\u0131zca <strong>6 GW\u2019a<\/strong> eri\u015fmi\u015f oldu\u011funu vurgulad\u0131. \u201c1 MW g\u00fcne\u015f enerjisi kurulumu y\u0131lda <strong>100 ton karbon sal\u0131m\u0131n\u0131n<\/strong> \u00f6n\u00fcne ge\u00e7iyor ve <strong>83.333 a\u011fac\u0131<\/strong> kurtar\u0131yor\u201d \u015feklinde konu\u015fan <strong>Tolga \u00d6zdemir<\/strong>, mevcut g\u00fcne\u015f enerjisi kurulumuyla bile T\u00fcrkiye\u2019de y\u0131lda 5 milyon 100 bin ton karbon sal\u0131m\u0131n\u0131 engellediklerinin alt\u0131n\u0131 \u00e7izdi. <strong>G\u00dcYAD Genel Sekreteri Berke Ayg\u00fcn<\/strong>, g\u00fcne\u015f yat\u0131r\u0131mc\u0131lar\u0131n\u0131n kar\u015f\u0131la\u015ft\u0131\u011f\u0131 <strong>sorunlar ve bu sorunlar\u0131n \u00e7\u00f6z\u00fcm\u00fc<\/strong> i\u00e7in att\u0131klar\u0131 ad\u0131mlarla ilgili bilgi aktar\u0131rken iklim krizin alarm verdi\u011fi ve gelece\u011fin en ucuz ve s\u00fcrd\u00fcr\u00fclebilir kayna\u011f\u0131n\u0131n yenilenebilir enerji oldu\u011funu belirten <strong>G\u00fcnder Y\u00f6netim Kurulu \u00dcyesi Levent Y\u0131ld\u0131z <\/strong>ise \u201cT\u00fcrkiye <strong>yenilenebilir enerji kapasite b\u00fcy\u00fcmesinde<\/strong> d\u00fcnyada 12&#8217;inci s\u0131rada. Y\u00fcksek <strong>verimlilik oran\u0131 ve d\u00fc\u015f\u00fck maliyetlerinin<\/strong> de yard\u0131m\u0131yla bundan sonra at\u0131lacak her ad\u0131m g\u00fcne\u015f enerjisinden \u00f6nemli izler ta\u015f\u0131yacak\u201d \u015feklinde konu\u015ftu.<\/p>\n<p><strong>\u0130zmir Ticaret Odas\u0131<\/strong> \u0130klimlendirme Komitesi Ba\u015fkan\u0131 <strong>L\u00fctfi K\u0131l\u0131\u00e7<\/strong> da \u00f6zellikle son birka\u00e7 y\u0131ld\u0131r hem <strong>komite ve yenilenebilir enerji kaynaklar\u0131<\/strong> \u00e7al\u0131\u015fma komisyonu \u00fcyelerinin <strong>g\u00fcne\u015f enerjisiyle ilgili<\/strong> giri\u015fimlerine destek olduklar\u0131n\u0131 belirterek ama\u00e7lar\u0131n\u0131n <strong>yenilenebilir enerji kaynaklar\u0131yla<\/strong> ilgili fark\u0131ndal\u0131k yaratmak oldu\u011funu,<strong> Solar \u0130stanbul Fuar\u0131\u2019nda<\/strong> da bu ba\u011flamda yer alacaklar\u0131n\u0131 dile getirdi. K\u0131l\u0131\u00e7, bu alandaki yat\u0131r\u0131mlara d\u00f6n\u00fck hizmetlerin \u00f6n\u00fcn\u00fc a\u00e7may\u0131 planlad\u0131klar\u0131n\u0131 s\u00f6yleyerek \u201cBu y\u0131l hedefimiz kendi odam\u0131z\u0131n kendi enerjisine y\u00f6nelik fark\u0131ndal\u0131k yaratan bir <strong>proje uygulamak ve bunun yan\u0131 s\u0131ra \u00fcyelerimize<\/strong> yenilenebilir enerjinin t\u00fcm alanlar\u0131nda seminerler vermek\u201d dedi.<\/p>\n<p>Geli\u015fmenin ve gelece\u011fin yenilenebilir enerjide oldu\u011funu vurgulayan <strong>BAT\u00dcDER<\/strong> Ba\u015fkan\u0131 Ak\u0131n Kazan\u00e7o\u011flu, Balkan ve Yak\u0131n Do\u011fu \u00fclkelerinde bu alanda \u00e7al\u0131\u015fmaya devam edeceklerini belirtti. Toplant\u0131 s\u0131ras\u0131nda s\u00f6z alan <strong>Enerji Sanayicileri ve \u0130\u015f Adamlar\u0131 Derne\u011fi<\/strong> ENS\u0130A Y\u00f6netim Kurulu \u00dcyesi <strong>Serkan \u00c7olakkaya<\/strong> ise T\u00fcrkiye\u2019nin sanayide enerjiyle ilgili yan mam\u00fcllerin \u00fcretilmesi, tesis ve kalite a\u00e7\u0131s\u0131ndan \u00e7ok iyi durumda oldu\u011funu belirtti. Toplant\u0131da s\u00f6z alan <strong>\u0130ZKA Temsilcisi<\/strong> de yeni d\u00f6nemde \u0130zmir i\u00e7in y<strong>e\u015fil ve mavi ekonomi<\/strong> diye tan\u0131mlad\u0131klar\u0131 alanlara odaklanacaklar\u0131n\u0131 kaydederek <strong>yenilik ve giri\u015fimcilik konusundaki<\/strong> \u00e7al\u0131\u015fmalar\u0131 da bu ba\u011flamda destekleyeceklerini vurgulad\u0131.<\/p>\n<h2><strong>G\u00fcne\u015f enerjisi \u00f6n\u00fcm\u00fczdeki 5 y\u0131lda yenilenebilir enerjinin lideri olacak<\/strong><\/h2>\n<p><strong>Uluslararas\u0131 Enerji Ajans\u0131<\/strong> IEA taraf\u0131nda 2019 y\u0131l\u0131 sonunda a\u00e7\u0131klanan <strong>\u201cYenilenebilir Enerji 2019 Raporu\u201dna<\/strong> g\u00f6re <strong>yenilenebilir enerji kapasitesi<\/strong> t\u00fcm d\u00fcnyada \u00f6n\u00fcm\u00fczdeki <strong>5 y\u0131l<\/strong> i\u00e7erisinde <strong>% 50<\/strong> oran\u0131nda artacak. Toplam<strong> 1.200 GW\u2019a<\/strong> ula\u015facak olan bu art\u0131\u015f Amerika Birle\u015fik Devletleri\u2019nin \u015fu andaki toplam enerji \u00fcretim kapasitesine denk geliyor. G\u00fcne\u015f enerjisi ise bu art\u0131\u015fta <strong>% 60\u2019l\u0131k<\/strong> payla a\u00e7\u0131k ara lider rol\u00fc \u00fcstlenecek.<\/p>\n<h2><strong>T\u00fcrkiye de g\u00fcne\u015ften pay\u0131n\u0131 alacak<\/strong><\/h2>\n<p>Rapora g\u00f6re T\u00fcrkiye de bu s\u00fcre zarf\u0131nda <strong>hidroelektrikten r\u00fczgar ve g\u00fcne\u015fe do\u011fru<\/strong> b\u00fcy\u00fcyecek. T\u00fcm d\u00fcnyada <strong>temiz enerji teknolojilerindeki<\/strong> fiyat d\u00fc\u015f\u00fc\u015f\u00fc, <strong>k\u00fcresel iklim de\u011fi\u015fikli\u011finin etkileri<\/strong> ve g\u00fcne\u015f enerjisi sekt\u00f6r\u00fcn\u00fcn yaratt\u0131\u011f\u0131 b\u00fcy\u00fck istihdam\u0131n T\u00fcrkiye\u2019nin yak\u0131n gelece\u011finde \u00f6nemli bir rol oynamas\u0131 bekleniyor. G\u00fcne\u015f enerjisi konusunun t\u00fcm boyutlar\u0131yla ele al\u0131naca\u011f\u0131 aras\u0131nda <em>\u201cSolar \u0130stanbul G\u00fcne\u015f Enerjisi, Enerji Depolama, Elektrikli Ula\u015f\u0131m ve Dijitalle\u015fme Fuar\u0131 ve Konferans\u0131\u201d; TG Expo Uluslararas\u0131 Fuarc\u0131l\u0131k, G\u00fcne\u015f Enerjisi Sanayicileri ve End\u00fcstrisi Derne\u011fi GENSED, Uluslararas\u0131 G\u00fcne\u015f Enerjisi Toplulu\u011fu-T\u00fcrkiye B\u00f6l\u00fcm\u00fc G\u00dcNDER ve G\u00fcne\u015f Enerjisi Yat\u0131r\u0131mc\u0131lar\u0131 Derne\u011fi G\u00dcYAD<\/em> i\u015f birli\u011fiyle <strong>11-13 Mart 2020<\/strong> tarihleri aras\u0131nda <strong>\u201c\u0130stanbul Kongre Merkezi\u2019nde<\/strong> d\u00fczenlenecek.<\/p>\n<p><strong>G\u00fc\u00e7l\u00fc fuar yap\u0131s\u0131n\u0131n<\/strong> yan\u0131 s\u0131ra zengin konferans i\u00e7eri\u011fiyle de fark yaratacak olan <strong>Solar \u0130stanbul 2020<\/strong>, <em>g\u00fcne\u015f paneli \u00fcreticilerinden elektrik depolama \u00e7\u00f6z\u00fcmlerine; elektrikli araba, otob\u00fcs ve drone\u2019lardan enerji verimlili\u011fine; ak\u0131ll\u0131 finansman y\u00f6ntemlerinden siber g\u00fcvenlik sistemlerine kadar \u00e7ok \u00e7e\u015fitli kat\u0131l\u0131mc\u0131 profillerinden<\/em> T\u00fcrkiye\u2019nin ve b\u00f6lgenin kendi alanlar\u0131nda<strong> \u00f6nc\u00fc \u015firketleri<\/strong> ve <strong>uzmanlar\u0131 ayn\u0131 \u00e7at\u0131 alt\u0131nda<\/strong> toplayacak.<\/p>","protected":false},"excerpt":{"rendered":"<p>Sorry, this entry is only available in Turkish. For the sake of viewer convenience, the content is shown below in the alternative language. You may click the link to switch the active language. 11-13 Mart 2020 tarihleri aras\u0131nda \u0130stanbul Kongre Merkezi\u2019nde d\u00fczenlenecek olan \u201cSolar \u0130stanbul G\u00fcne\u015f Enerjisi, Enerji Depolama, Elektrikli Ula\u015f\u0131m ve Dijitalle\u015fme Fuar\u0131 ve [&hellip;]<\/p>\n","protected":false},"author":1,"featured_media":108314,"comment_status":"open","ping_status":"open","sticky":false,"template":"","format":"standard","meta":[],"categories":[51,53,49],"tags":[66916,37660,63454,2258,38213,52259,66912,66913,727,1382,9921,6784,35039,53157,6907,32191,4223,32192,31811,66915,66914,36871,61612,59194,64978,44173],"views":182,"_links":{"self":[{"href":"https:\/\/www.enerjigazetesi.ist\/en\/wp-json\/wp\/v2\/posts\/108312"}],"collection":[{"href":"https:\/\/www.enerjigazetesi.ist\/en\/wp-json\/wp\/v2\/posts"}],"about":[{"href":"https:\/\/www.enerjigazetesi.ist\/en\/wp-json\/wp\/v2\/types\/post"}],"author":[{"embeddable":true,"href":"https:\/\/www.enerjigazetesi.ist\/en\/wp-json\/wp\/v2\/users\/1"}],"replies":[{"embeddable":true,"href":"https:\/\/www.enerjigazetesi.ist\/en\/wp-json\/wp\/v2\/comments?post=108312"}],"version-history":[{"count":0,"href":"https:\/\/www.enerjigazetesi.ist\/en\/wp-json\/wp\/v2\/posts\/108312\/revisions"}],"wp:featuredmedia":[{"embeddable":true,"href":"https:\/\/www.enerjigazetesi.ist\/en\/wp-json\/wp\/v2\/media\/108314"}],"wp:attachment":[{"href":"https:\/\/www.enerjigazetesi.ist\/en\/wp-json\/wp\/v2\/media?parent=108312"}],"wp:term":[{"taxonomy":"category","embeddable":true,"href":"https:\/\/www.enerjigazetesi.ist\/en\/wp-json\/wp\/v2\/categories?post=108312"},{"taxonomy":"post_tag","embeddable":true,"href":"https:\/\/www.enerjigazetesi.ist\/en\/wp-json\/wp\/v2\/tags?post=108312"}],"curies":[{"name":"wp","href":"https:\/\/api.w.org\/{rel}","templated":true}]}}