{"id":108229,"date":"2020-02-11T13:54:25","date_gmt":"2020-02-11T10:54:25","guid":{"rendered":"https:\/\/www.enerjigazetesi.ist\/?p=108229"},"modified":"2020-02-11T14:41:54","modified_gmt":"2020-02-11T11:41:54","slug":"elektrik-piyasasi-istatistiksel-analizi-10-02-2020","status":"publish","type":"post","link":"https:\/\/www.enerjigazetesi.ist\/en\/elektrik-piyasasi-istatistiksel-analizi-10-02-2020\/","title":{"rendered":"(Turkish) Elektrik Piyasas\u0131 \u0130statistiksel Analizi \u2013 ( 10.02.2020 )"},"content":{"rendered":"<p class=\"qtranxs-available-languages-message qtranxs-available-languages-message-en\">Sorry, this entry is only available in <a href=\"https:\/\/www.enerjigazetesi.ist\/tr\/wp-json\/wp\/v2\/posts\/108229\" class=\"qtranxs-available-language-link qtranxs-available-language-link-tr\" title=\"Turkish\">Turkish<\/a>. For the sake of viewer convenience, the content is shown below in the alternative language. You may click the link to switch the active language.<\/p><p><\/p>\n<h1>Elektrik sekt\u00f6r\u00fc piyasas\u0131na dair g\u00fcncel <span style=\"text-decoration: underline;\">haberler \u015fu \u015fekildedir; <\/span><\/h1>\n<h1>&#8211; Petrol fiyatlar\u0131, OPEC&#8217;in vir\u00fcs nedeniyle azalan talebe tepki i\u00e7in toplant\u0131ya gitme ihtimalinin d\u00fc\u015f\u00fck olmas\u0131 ile <strong>50<\/strong> dolar civar\u0131nda dalgaland\u0131.<\/h1>\n<h1>&#8211; Denizli\u2019nin Tavas il\u00e7esinde Amadeus Resources Enerji taraf\u0131ndan <strong>20<\/strong> ayr\u0131 noktada sondaj kuyusu a\u00e7\u0131larak jeotermal kaynak aranacak.<\/h1>\n<h1>&#8211; T\u00fcrkiye\u2019de <strong>2018<\/strong> y\u0131l\u0131nda do\u011falgaz eri\u015febilen n\u00fcfusun oran\u0131 %<strong>63<\/strong>,<strong>5<\/strong>&#8216;e y\u00fckselirken, elektrikte bu oran <strong>2010<\/strong> y\u0131l\u0131ndan itibaren %<strong>100<\/strong> oldu.<\/h1>\n<p><strong>G\u00fcn \u00f6ncesi elektrik piyasas\u0131nda<\/strong> yar\u0131n i\u00e7in olu\u015fan <strong>megavat saat (MWh)<\/strong> ba\u015f\u0131na piyasa takas fiyat\u0131 ortalamas\u0131 <strong>305<\/strong>.<strong>89<\/strong> TL olarak belirlendi. Fiyatlardaki da\u011f\u0131l\u0131ma bak\u0131ld\u0131\u011f\u0131nda, <strong>g\u00fcn\u00fcn maksimum fiyat\u0131 336<\/strong>.<strong>59<\/strong> TL\/MWh olarak <strong>10<\/strong>:<strong>00<\/strong> &#8211; <strong>11<\/strong>:<strong>00<\/strong> saat aral\u0131\u011f\u0131nda, minimum fiyat\u0131 <strong>200<\/strong> TL\/MWh olarak <strong>04<\/strong>:<strong>00<\/strong> &#8211; <img loading=\"lazy\" class=\"alignright wp-image-108235\" src=\"https:\/\/www.enerjigazetesi.ist\/wp-content\/uploads\/2020\/02\/elektrik-piyasasi-istatistiksel-analizi-10-02-2020.jpg\" alt=\"\" width=\"320\" height=\"171\" srcset=\"https:\/\/www.enerjigazetesi.ist\/wp-content\/uploads\/2020\/02\/elektrik-piyasasi-istatistiksel-analizi-10-02-2020.jpg 645w, https:\/\/www.enerjigazetesi.ist\/wp-content\/uploads\/2020\/02\/elektrik-piyasasi-istatistiksel-analizi-10-02-2020-300x160.jpg 300w, https:\/\/www.enerjigazetesi.ist\/wp-content\/uploads\/2020\/02\/elektrik-piyasasi-istatistiksel-analizi-10-02-2020-500x267.jpg 500w, https:\/\/www.enerjigazetesi.ist\/wp-content\/uploads\/2020\/02\/elektrik-piyasasi-istatistiksel-analizi-10-02-2020-80x43.jpg 80w\" sizes=\"(max-width: 320px) 100vw, 320px\" \/><strong>05<\/strong>:<strong>00<\/strong> saat aral\u0131\u011f\u0131nda ger\u00e7ekle\u015fti. Puant saatlerde (<strong>17<\/strong>:<strong>00<\/strong> &#8211; <strong>22<\/strong>:<strong>00<\/strong>) <strong>ortalama piyasa takas fiyat\u0131<\/strong> ise <strong>325<\/strong>.<strong>92<\/strong> TL\/MWh olarak hesaplanabilmektedir.<\/p>\n<p>Bir \u00f6nceki g\u00fcn ile k\u0131yasland\u0131\u011f\u0131nda ortalama piyasa takas fiyat\u0131nda &#8211;<strong>5<\/strong>.<strong>74<\/strong> TL d\u00fc\u015f\u00fc\u015f g\u00f6zlemlenmektedir. <strong>Kesinle\u015fmi\u015f G\u00fcnl\u00fck \u00dcretim Plan\u0131 (KG\u00dcP)<\/strong> verilerine bak\u0131ld\u0131\u011f\u0131nda<strong> termik enerji dahilinde<\/strong> do\u011fal gaz % <strong>18<\/strong>, linyit % <strong>12<\/strong>, ithal k\u00f6m\u00fcr % <strong>23<\/strong> oran\u0131nda \u00fcretimin ger\u00e7ekle\u015fmesi beklenirken, yenilenebilir enerji dahilinde ise hidro % <strong>29<\/strong>, r\u00fczgar % <strong>12<\/strong>, jeotermal % <strong>3<\/strong> oran\u0131nda \u00fcretimin ger\u00e7ekle\u015fmesi beklenmektedir. Bununla birlikte fiyatlardaki d\u00fc\u015f\u00fc\u015f, <strong>hafta i\u00e7i t\u00fcketim talebindeki d\u00fc\u015f\u00fc\u015f ve \u00fcretimin a\u011f\u0131rl\u0131kl\u0131 olarak hidroelektrik santrallerinde beklenmesi<\/strong> ile a\u00e7\u0131klanabilmektedir. Yar\u0131n i\u00e7in planlanan \u00fcretim bazl\u0131 <strong>Kesinle\u015fmi\u015f G\u00fcnl\u00fck \u00dcretim Plan\u0131 (KG\u00dcP)<\/strong> a\u015fa\u011f\u0131daki grafikte yer almaktad\u0131r.<\/p>\n<p style=\"text-align: center;\"><img loading=\"lazy\" class=\"aligncenter size-full wp-image-108230\" src=\"https:\/\/www.enerjigazetesi.ist\/wp-content\/uploads\/2020\/02\/01-9.jpg\" alt=\"\" width=\"498\" height=\"250\" srcset=\"https:\/\/www.enerjigazetesi.ist\/wp-content\/uploads\/2020\/02\/01-9.jpg 498w, https:\/\/www.enerjigazetesi.ist\/wp-content\/uploads\/2020\/02\/01-9-300x151.jpg 300w, https:\/\/www.enerjigazetesi.ist\/wp-content\/uploads\/2020\/02\/01-9-80x40.jpg 80w\" sizes=\"(max-width: 498px) 100vw, 498px\" \/><\/p>\n<p>Tahminleme Modeli* analizi sonucu ortalama piyasa takas fiyat\u0131 <strong>314<\/strong>.<strong>98<\/strong> TL\/MWh ve ortalama t\u00fcketim <strong>36,080<\/strong> MWh olarak \u00f6ng\u00f6r\u00fclmektedir. Modelin piyasa takas fiyat\u0131na dair ba\u015far\u0131 oran\u0131 g\u00fcnl\u00fck % <strong>85<\/strong>, t\u00fcketime dair ba\u015far\u0131 oran\u0131** ise g\u00fcnl\u00fck % <strong>95<\/strong> olarak hesaplan\u0131rken, bug\u00fcne kadar yap\u0131lan piyasa takas fiyat\u0131na dair analizlere g\u00f6re ba\u015far\u0131 oran\u0131 % <strong>91<\/strong>, t\u00fcketime dair ba\u015far\u0131 oran\u0131 ise % <strong>94<\/strong> olarak hesaplanmaktad\u0131r. Saatlik yar\u0131n i\u00e7in olu\u015fan ve tahmin edilen piyasa takas fiyatlar\u0131 ile haftal\u0131k bazda tahmin edilen ve ger\u00e7ekle\u015ftik\u00e7e yer alacak <strong>g\u00fcnl\u00fck ortalama t\u00fcketim de\u011ferleri<\/strong> a\u015fa\u011f\u0131daki grafiklerde yer almaktad\u0131r.<\/p>\n<p style=\"text-align: center;\"><img loading=\"lazy\" class=\"aligncenter size-full wp-image-108231\" src=\"https:\/\/www.enerjigazetesi.ist\/wp-content\/uploads\/2020\/02\/02-9.jpg\" alt=\"\" width=\"650\" height=\"491\" srcset=\"https:\/\/www.enerjigazetesi.ist\/wp-content\/uploads\/2020\/02\/02-9.jpg 650w, https:\/\/www.enerjigazetesi.ist\/wp-content\/uploads\/2020\/02\/02-9-300x227.jpg 300w, https:\/\/www.enerjigazetesi.ist\/wp-content\/uploads\/2020\/02\/02-9-500x378.jpg 500w, https:\/\/www.enerjigazetesi.ist\/wp-content\/uploads\/2020\/02\/02-9-66x50.jpg 66w\" sizes=\"(max-width: 650px) 100vw, 650px\" \/><\/p>\n<p>Yar\u0131ndan sonraki g\u00fcn i\u00e7in olu\u015facak ortalama piyasa takas fiyat\u0131 <strong>301<\/strong>.<strong>17<\/strong> TL\/MWH olarak tahmin edilmektedir. Buna ba\u011fl\u0131 olarak g\u00fcn\u00fcn maksimum fiyat\u0131 <strong>328<\/strong>.<strong>95<\/strong> TL\/MWh olarak <strong>19<\/strong>:<strong>00<\/strong> &#8211; <strong>20<\/strong>:<strong>00<\/strong> saat aral\u0131\u011f\u0131nda, minimum fiyat\u0131 <strong>238<\/strong>.<strong>2<\/strong> TL\/MWh olarak <strong>06<\/strong>:<strong>00<\/strong> &#8211; <strong>07<\/strong>:<strong>00<\/strong> saat aral\u0131\u011f\u0131nda ger\u00e7ekle\u015fece\u011fi \u00f6ng\u00f6r\u00fclmektedir. Puant saatlerde (<strong>17<\/strong>:<strong>00<\/strong> &#8211; <strong>22<\/strong>:<strong>00<\/strong>) tahmini ortalama piyasa takas fiyat\u0131 ise <strong>325<\/strong>.<strong>74<\/strong> TL\/MWh olarak hesaplanabilmektedir. Saatlik olu\u015facak <strong>piyasa takas fiyat\u0131 tahminleri<\/strong> a\u015fa\u011f\u0131daki grafikte yer almaktad\u0131r.<\/p>\n<p style=\"text-align: center;\"><img loading=\"lazy\" class=\"aligncenter size-full wp-image-108232\" src=\"https:\/\/www.enerjigazetesi.ist\/wp-content\/uploads\/2020\/02\/03-9.jpg\" alt=\"\" width=\"621\" height=\"246\" srcset=\"https:\/\/www.enerjigazetesi.ist\/wp-content\/uploads\/2020\/02\/03-9.jpg 621w, https:\/\/www.enerjigazetesi.ist\/wp-content\/uploads\/2020\/02\/03-9-300x119.jpg 300w, https:\/\/www.enerjigazetesi.ist\/wp-content\/uploads\/2020\/02\/03-9-500x198.jpg 500w, https:\/\/www.enerjigazetesi.ist\/wp-content\/uploads\/2020\/02\/03-9-80x32.jpg 80w\" sizes=\"(max-width: 621px) 100vw, 621px\" \/><\/p>\n<p><strong>Organize Toptan Do\u011fal Gaz Sat\u0131\u015f Piyasas\u0131 (OTSP)<\/strong> dahilinde <strong>01<\/strong>.<strong>01<\/strong>.<strong>2020<\/strong> \u2013 <strong>10<\/strong>.<strong>02<\/strong>.<strong>2020<\/strong> tarihleri aras\u0131 ortalama Gaz Referans Fiyat\u0131 (GRF) <strong>1,470<\/strong>.<strong>31<\/strong> TL\/<strong>1000<\/strong> sm<strong>3<\/strong> olarak belirlenirken, ayn\u0131 tarihler aras\u0131nda toplam ger\u00e7ekle\u015fen e\u015fle\u015fmelerin miktar\u0131 ise <strong>51,943<\/strong> x<strong>1000<\/strong> sm<strong>3<\/strong> olarak belirlendi. \u0130lgili tarihler aras\u0131nda g\u00fcnl\u00fck <strong>Gaz Referans Fiyat\u0131 (GRF)<\/strong> ile E\u015fle\u015fme Miktar\u0131 verileri a\u015fa\u011f\u0131daki grafikte yer almaktad\u0131r.<\/p>\n<p style=\"text-align: center;\"><img loading=\"lazy\" class=\"aligncenter size-full wp-image-108233\" src=\"https:\/\/www.enerjigazetesi.ist\/wp-content\/uploads\/2020\/02\/04-9.jpg\" alt=\"\" width=\"621\" height=\"252\" srcset=\"https:\/\/www.enerjigazetesi.ist\/wp-content\/uploads\/2020\/02\/04-9.jpg 621w, https:\/\/www.enerjigazetesi.ist\/wp-content\/uploads\/2020\/02\/04-9-300x122.jpg 300w, https:\/\/www.enerjigazetesi.ist\/wp-content\/uploads\/2020\/02\/04-9-500x203.jpg 500w, https:\/\/www.enerjigazetesi.ist\/wp-content\/uploads\/2020\/02\/04-9-80x32.jpg 80w\" sizes=\"(max-width: 621px) 100vw, 621px\" \/><\/p>\n<p><em>*Tahminleme Modeli; istatistiksel tahminleme metodu olan S<strong>ARIMA (Seasonal Autoregressive Integrated Moving Average)<\/strong> kullan\u0131larak <strong>MATLAB yaz\u0131l\u0131m geli\u015ftirme platformunda<\/strong> haz\u0131rlanm\u0131\u015ft\u0131r. Model ve di\u011fer t\u00fcm kullan\u0131lan veriler dahilinde girdi verileri olarak <strong>EP\u0130A\u015e \u015eeffafl\u0131k Platformunda<\/strong> g\u00fcnl\u00fck yay\u0131nlanan piyasa takas fiyatlar\u0131 ve ger\u00e7ekle\u015fen t\u00fcketim verileri kullan\u0131lmaktad\u0131r. Model ile ilgili detayl\u0131 bilgi alabilmek i\u00e7in l\u00fctfen ileti\u015fime ge\u00e7iniz.<\/em><\/p>\n<p><em>**T\u00fcketime Dair Ba\u015far\u0131 Oran\u0131; t\u00fcketim baz\u0131nda yap\u0131lan haftal\u0131k tahminlerde Pazar g\u00fcnleri yay\u0131nlanan raporda hen\u00fcz ger\u00e7ekle\u015fen veri olmad\u0131\u011f\u0131 i\u00e7in Sal\u0131 g\u00fcn\u00fc itibari ile ba\u015far\u0131 oran\u0131 g\u00fcnl\u00fck olarak hesaplanarak, raporda g\u00fcncellenecektir.<\/em><\/p>\n<p>T\u00fcmay SOLAK \u2013 Kurum \u0130\u00e7i Giri\u015fimcilik ve Inovasyon Uzman\u0131 \u2013\u00a0<a href=\"mailto:tumay.solak@enerjigazetesi.ist\" target=\"_blank\" rel=\"noopener\">tumay.solak@enerjigazetesi.ist<\/a><\/p>","protected":false},"excerpt":{"rendered":"<p>Sorry, this entry is only available in Turkish. For the sake of viewer convenience, the content is shown below in the alternative language. You may click the link to switch the active language. Elektrik sekt\u00f6r\u00fc piyasas\u0131na dair g\u00fcncel haberler \u015fu \u015fekildedir; &#8211; Petrol fiyatlar\u0131, OPEC&#8217;in vir\u00fcs nedeniyle azalan talebe tepki i\u00e7in toplant\u0131ya gitme ihtimalinin d\u00fc\u015f\u00fck [&hellip;]<\/p>\n","protected":false},"author":1,"featured_media":108235,"comment_status":"open","ping_status":"open","sticky":false,"template":"","format":"standard","meta":[],"categories":[51,53],"tags":[66590,66835,66652,66651,845,4387,1079,45271,50069,32885,60435,61,34979,57202,53868,36029,53114,3804,5070,343,19638,8304,39373,34980,39661,50387,160,34818,39426,59050,26353,52674,130,4996,8184,19,42030,54965,52379,54244,23532,43864,52259,56147,4881,1972,26559,41942,64889,34978,28926,59027,32861,19598,54628,3216,60054,1581,2282,53902,53582,57578,64117,1377,56150,60648,53153,347,2415,56906,5699,52378,64314,66836,34977,3733,6854,2629,54979,39351,47585,66201,6204,52060,26829,508,66541,1245,56314],"views":226,"_links":{"self":[{"href":"https:\/\/www.enerjigazetesi.ist\/en\/wp-json\/wp\/v2\/posts\/108229"}],"collection":[{"href":"https:\/\/www.enerjigazetesi.ist\/en\/wp-json\/wp\/v2\/posts"}],"about":[{"href":"https:\/\/www.enerjigazetesi.ist\/en\/wp-json\/wp\/v2\/types\/post"}],"author":[{"embeddable":true,"href":"https:\/\/www.enerjigazetesi.ist\/en\/wp-json\/wp\/v2\/users\/1"}],"replies":[{"embeddable":true,"href":"https:\/\/www.enerjigazetesi.ist\/en\/wp-json\/wp\/v2\/comments?post=108229"}],"version-history":[{"count":0,"href":"https:\/\/www.enerjigazetesi.ist\/en\/wp-json\/wp\/v2\/posts\/108229\/revisions"}],"wp:featuredmedia":[{"embeddable":true,"href":"https:\/\/www.enerjigazetesi.ist\/en\/wp-json\/wp\/v2\/media\/108235"}],"wp:attachment":[{"href":"https:\/\/www.enerjigazetesi.ist\/en\/wp-json\/wp\/v2\/media?parent=108229"}],"wp:term":[{"taxonomy":"category","embeddable":true,"href":"https:\/\/www.enerjigazetesi.ist\/en\/wp-json\/wp\/v2\/categories?post=108229"},{"taxonomy":"post_tag","embeddable":true,"href":"https:\/\/www.enerjigazetesi.ist\/en\/wp-json\/wp\/v2\/tags?post=108229"}],"curies":[{"name":"wp","href":"https:\/\/api.w.org\/{rel}","templated":true}]}}