{"id":108203,"date":"2020-02-11T11:42:26","date_gmt":"2020-02-11T08:42:26","guid":{"rendered":"https:\/\/www.enerjigazetesi.ist\/?p=108203"},"modified":"2020-02-11T11:43:12","modified_gmt":"2020-02-11T08:43:12","slug":"zorlu-holdingten-yatirim-alan-parlak-fikirler-belli-oldu","status":"publish","type":"post","link":"https:\/\/www.enerjigazetesi.ist\/en\/zorlu-holdingten-yatirim-alan-parlak-fikirler-belli-oldu\/","title":{"rendered":"(Turkish) &#8217;Zorlu Holding&#8217;ten Yat\u0131r\u0131m Alan Parlak Fikirler Belli Oldu"},"content":{"rendered":"<p class=\"qtranxs-available-languages-message qtranxs-available-languages-message-en\">Sorry, this entry is only available in <a href=\"https:\/\/www.enerjigazetesi.ist\/tr\/wp-json\/wp\/v2\/posts\/108203\" class=\"qtranxs-available-language-link qtranxs-available-language-link-tr\" title=\"Turkish\">Turkish<\/a>. For the sake of viewer convenience, the content is shown below in the alternative language. You may click the link to switch the active language.<\/p><p><\/p>\n<h1>Zorlu Holding\u2019in kurum i\u00e7i giri\u015fimcilik platformu Parlak Bi\u2019Fikir\u2019in ilk d\u00f6ng\u00fcs\u00fcnde yat\u0131r\u0131m alan iki giri\u015fim, ConectoHub ve AbilityPool oldu. Zorlu Holding\u2019in Levent 199\u2019daki merkezinde d\u00fczenlenen imza t\u00f6reniyle Zorlu Holding her bir tak\u0131ma ortak oldu.<\/h1>\n<p><strong>Zorlu Holding\u2019in<\/strong> gelecek vizyonu <strong>Ak\u0131ll\u0131 Hayat 2030<\/strong>\u2019un en \u00f6nemli projelerinden biri olarak g\u00f6rd\u00fc\u011f\u00fc <img loading=\"lazy\" class=\"alignright wp-image-108206\" src=\"https:\/\/www.enerjigazetesi.ist\/wp-content\/uploads\/2020\/02\/zorlu-holdingten-yatirim-alan-parlak-fikirler-belli-oldu.jpg\" alt=\"\" width=\"320\" height=\"179\" srcset=\"https:\/\/www.enerjigazetesi.ist\/wp-content\/uploads\/2020\/02\/zorlu-holdingten-yatirim-alan-parlak-fikirler-belli-oldu.jpg 870w, https:\/\/www.enerjigazetesi.ist\/wp-content\/uploads\/2020\/02\/zorlu-holdingten-yatirim-alan-parlak-fikirler-belli-oldu-300x168.jpg 300w, https:\/\/www.enerjigazetesi.ist\/wp-content\/uploads\/2020\/02\/zorlu-holdingten-yatirim-alan-parlak-fikirler-belli-oldu-768x431.jpg 768w, https:\/\/www.enerjigazetesi.ist\/wp-content\/uploads\/2020\/02\/zorlu-holdingten-yatirim-alan-parlak-fikirler-belli-oldu-500x280.jpg 500w, https:\/\/www.enerjigazetesi.ist\/wp-content\/uploads\/2020\/02\/zorlu-holdingten-yatirim-alan-parlak-fikirler-belli-oldu-80x45.jpg 80w\" sizes=\"(max-width: 320px) 100vw, 320px\" \/>kurum i\u00e7i giri\u015fimcilik platformu <strong>Parlak Bi\u2019Fikir<\/strong>\u2019in ilk d\u00f6ng\u00fcs\u00fcnde yat\u0131r\u0131m alan <em>2 tak\u0131m<\/em> <strong>Zorlu Holding<\/strong> ile ortakl\u0131k anla\u015fmas\u0131 imzalad\u0131.<\/p>\n<p><strong>6 \u015eubat Per\u015fembe<\/strong> g\u00fcn\u00fc \u00e7ok say\u0131da <strong>Zorlu Grubu<\/strong> \u00e7al\u0131\u015fan\u0131 ve \u00fcst d\u00fczey y\u00f6neticinin kat\u0131l\u0131m\u0131yla ger\u00e7ekle\u015ftirilen imza t\u00f6reninde, Zorlu Holding, alt\u0131 ayl\u0131k zorlu bir s\u00fcre\u00e7 sonucunda <strong>y\u00fczlerce fikir aras\u0131ndan<\/strong> se\u00e7ilen <strong>ConectoHub<\/strong> ve <strong>AbilityPool <\/strong>tak\u0131mlar\u0131na ortak oldu. Tak\u0131mlar bu ortakl\u0131k kapsam\u0131nda, Zorlu Holding\u2019den <strong>hukuk, muhasebe, finans, ileti\u015fim<\/strong> gibi bir\u00e7ok destek de alacak.<\/p>\n<h2><strong>Zorlu Holding Y\u00f6netim Kurulu \u00dcyesi Emre Zorlu:<em>\u201c\u0130novasyonu harekete ge\u00e7iren kurum k\u00fclt\u00fcr\u00fcm\u00fcz\u00fc, alttan gelen fikirlerle besledi\u011fimiz kurum i\u00e7i giri\u015fimcilikle her ge\u00e7en g\u00fcn daha da geli\u015ftirece\u011fiz.\u201d<\/em><\/strong><\/h2>\n<p>D\u00fczenlenen imza t\u00f6reninde kurumlar ve \u015firketler i\u00e7in <strong>inovasyon k\u00fclt\u00fcr\u00fc<\/strong>n\u00fcn \u00f6nemine de\u011finen <strong>Zorlu Holding Y\u00f6netim Kurulu \u00dcyesi Emre Zorlu; \u201c<\/strong><em>\u00c7e\u015fitli sekt\u00f6rlerde faaliyet g\u00f6steren bir grup olarak de\u011fi\u015fen ve d\u00f6n\u00fc\u015fen d\u00fcnyada farkl\u0131 fikirlere olan ihtiyac\u0131m\u0131z her ge\u00e7en g\u00fcn daha da art\u0131yor. Bunun i\u00e7in inovasyonu harekete ge\u00e7iren kurum k\u00fclt\u00fcr\u00fcm\u00fcz\u00fc geli\u015ftirmemiz ve organizasyonun her noktas\u0131na bunu yaymam\u0131z gerekiyor. <strong>Kurum i\u00e7i giri\u015fimcilik platformu<\/strong>muz <strong>Parlak Bi\u2019Fikir<\/strong> ile birlikte bu konuda ciddi s\u0131\u00e7rama yapabilece\u011fimizi d\u00fc\u015f\u00fcn\u00fcyoruz. \u0130lk d\u00f6ng\u00fcde g\u00f6sterilen ilgi ve hep birlikte kazand\u0131\u011f\u0131m\u0131z deneyim bizi gelecek ad\u0131na umutland\u0131r\u0131yor. Birlikte neler yapabilece\u011fimizi, hatalar\u0131m\u0131z\u0131, \u00e7\u00f6z\u00fcmlerimizi, art\u0131 ve eksilerimizi g\u00f6rd\u00fc\u011f\u00fcm\u00fcz \u00e7ok verimli bir s\u00fcre\u00e7 ge\u00e7irdik. Bundan sonraki d\u00f6ng\u00fclerde \u00e7ok daha fazla arkada\u015f\u0131m\u0131z\u0131n kat\u0131l\u0131m\u0131 olaca\u011f\u0131na, ortaya \u00e7\u0131kacak yenilik\u00e7i fikirlerle sadece kat\u0131lan tak\u0131mlar\u0131n de\u011fil, Zorlu Grubu\u2019nun ve \u00fclkemizin hep birlikte kazanaca\u011f\u0131 bir s\u00fcrece \u015fahit olaca\u011f\u0131m\u0131za inan\u0131yorum.\u201d <\/em>dedi.<\/p>\n<h2><strong>Zorlu Holding Mali \u0130\u015fler Grubu Ba\u015fkan\u0131 ve S\u00fcrd\u00fcr\u00fclebilirlik Komitesi Ba\u015fkan\u0131 Cem K\u00f6ksal: <em>\u201c\u0130nsan kayna\u011f\u0131m\u0131z\u0131n parlak fikirleri ile inovasyonun s\u00fcrd\u00fcr\u00fclebilirli\u011fini sa\u011flayarak t\u00fcm payda\u015flar\u0131m\u0131z i\u00e7in yaratt\u0131\u011f\u0131m\u0131z de\u011feri art\u0131raca\u011f\u0131z.\u201d<\/em><\/strong><\/h2>\n<p>Kurum i\u00e7i giri\u015fimcilikle inovasyonun s\u00fcrd\u00fcr\u00fclebilirli\u011fini sa\u011flayacaklar\u0131n\u0131 s\u00f6yleyen <strong>Zorlu Holding Mali \u0130\u015fler Grubu Ba\u015fkan\u0131 ve S\u00fcrd\u00fcr\u00fclebilirlik Komitesi Ba\u015fkan\u0131 Cem K\u00f6ksal<\/strong>; <em>\u201cS\u00fcrd\u00fcr\u00fclebilirli\u011fi bir i\u015f yap\u0131\u015f bi\u00e7imi haline getiren <strong>Ak\u0131ll\u0131 Hayat 2030 vizyonu<\/strong>muzun bir par\u00e7as\u0131 olarak <strong>s\u00fcrd\u00fcr\u00fclebilir inovasyon i\u00e7in<\/strong> kurum i\u00e7i giri\u015fimli\u011fe odakland\u0131k. \u0130nsan kayna\u011f\u0131m\u0131z\u0131n yarat\u0131c\u0131l\u0131\u011f\u0131 ve yenilik\u00e7ili\u011fini te\u015fvik eden bu i\u015f k\u00fclt\u00fcr\u00fc ile uzun d\u00f6nemde sadece biz de\u011fil t\u00fcm payda\u015flar\u0131m\u0131z kazanacak. \u0130nsan kayna\u011f\u0131m\u0131z\u0131n <strong>grubumuza tutkusu ve ba\u011fl\u0131l\u0131klar\u0131<\/strong> artarken ortaya \u00e7\u0131kan <strong>parlak fikirlerle tedarik\u00e7imizden<\/strong> i\u015f ortaklar\u0131m\u0131za kadar hepimiz i\u00e7in yarataca\u011f\u0131m\u0131z ortak de\u011fer daha da b\u00fcy\u00fcyecek.<\/em><\/p>\n<h2><strong>Vestel Ventures Genel M\u00fcd\u00fcr\u00fc Metin Salt: <em>\u201cZorlu Grubu olarak kurum i\u00e7i giri\u015fimcilik ile inovasyonu her \u00e7al\u0131\u015fan i\u00e7in bir i\u015f yap\u0131\u015f bi\u00e7imi haline getirerek i\u00e7eriden bir\u00e7ok start-up \u00e7\u0131karmay\u0131 istiyoruz.\u201d<\/em><\/strong><\/h2>\n<p><strong>Kurum i\u00e7i giri\u015fimcilikle start-up modelini<\/strong> i\u00e7eriye ta\u015f\u0131maya ba\u015flad\u0131klar\u0131n\u0131 dile getiren<strong> Vestel Ventures Genel M\u00fcd\u00fcr\u00fc Metin Salt<\/strong><em>; \u201dVestel Ventures ile edindi\u011fimiz tecr\u00fcbeyi kurum i\u00e7i giri\u015fimcili\u011fe ta\u015f\u0131yoruz. Bu bizim i\u00e7in \u00f6nemli bir avantaj. Ancak her sistem, her yap\u0131 kendi i\u00e7erisinde farkl\u0131 dinamiklere sahip. Kurum i\u00e7i giri\u015fimcilikte hen\u00fcz yolun ba\u015f\u0131nday\u0131z. Fakat ilk d\u00f6ng\u00fcde hep birlikte \u00e7ok fazla \u015fey \u00f6\u011frendik, bu konuda bir fark\u0131ndal\u0131k yaratt\u0131k. \u0130nan\u0131yorum ki<strong> 2&#8217;inci<\/strong> d\u00f6ng\u00fcde, ilkine kat\u0131lan arkada\u015flar\u0131m\u0131z\u0131n da s\u00fcre\u00e7te \u00e7ok ciddi katk\u0131lar\u0131 olacak. Onlar\u0131n yapaca\u011f\u0131 <strong>mentorluk<\/strong> ile yeni tak\u0131mlar\u0131m\u0131z \u00e7ok daha yenilik\u00e7i ve h\u0131zl\u0131 b\u00fcy\u00fcme potansiyeli olan i\u015fler ortaya \u00e7\u0131karacak. Sadece yat\u0131r\u0131m alanlar de\u011fil, s\u00fcrece kat\u0131lan herkesin <strong>inovasyon kaslar\u0131<\/strong> ve <strong>start-up reflekslerinde<\/strong> b\u00fcy\u00fck geli\u015fme olaca\u011f\u0131na inan\u0131yorum. Bir sonraki d\u00f6ng\u00fcye parlak bir fikri oldu\u011funa inanan t\u00fcm <strong>Zorlu Grubu \u00e7al\u0131\u015fanlar\u0131n\u0131<\/strong> davet ediyorum.\u201d dedi.<\/em><\/p>\n<h2><strong><u>YATIRIM ALAN PARLAK F\u0130K\u0130RLER<\/u><\/strong><\/h2>\n<h2><strong>CONECTOHUB<\/strong><\/h2>\n<p>ConectoHub, ekiplerin i\u015fbirli\u011fi i\u00e7erisinde \u00e7al\u0131\u015fmas\u0131na ve ayn\u0131 anda bir\u00e7ok i\u015fi y\u00fcr\u00fct\u00fcp takip etmesine tek uygulama ile olanak sa\u011flayan bir i\u015f. <strong>\u201cProje Y\u00f6netimi\u201d<\/strong>, <strong>\u201cSosyal \u0130ntranet<\/strong> ve <strong>Kurum \u0130\u00e7i \u0130leti\u015fim Uygulamas\u0131\u201d<\/strong> olmak \u00fczere <strong>3 ayr\u0131 fonksiyonu<\/strong> bulunuyor. Uygulama ile \u00e7al\u0131\u015fanlar; <strong>kar\u0131\u015f\u0131k organizasyonlara, uzun ve s\u0131k\u0131c\u0131 listelere<\/strong> son verebiliyor, projelerini takip edip g\u00f6revleri at\u0131yor ve dosyalar\u0131na kolayca eri\u015febiliyor. Toplant\u0131lar\u0131n\u0131 <strong>ConectoHub<\/strong> ile ayarlay\u0131p tak\u0131mlar\u0131yla i\u015fbirli\u011fi i\u00e7erisinde organize olabiliyor. <strong>Kurum i\u00e7i ileti\u015fimin<\/strong> t\u00fcm ara\u00e7lar\u0131n\u0131 tek bir platformda <strong>mobil &amp; web tabanl\u0131<\/strong> bir uygulama ile kullanabiliyor.<\/p>\n<h2><strong>AbilityPool<\/strong><\/h2>\n<p><strong>AbilityPool<\/strong> kurumlar\u0131n \u00e7al\u0131\u015fanlar\u0131n\u0131n farkl\u0131 <strong>yeteneklerini ke\u015ffederek, g\u00f6n\u00fcll\u00fcl\u00fck y\u00f6netimini<\/strong> daha etkin y\u00f6netmelerini sa\u011flayan <strong>dijital bir platform<\/strong>. Bu platform, kurum \u00e7al\u0131\u015fanlar\u0131 veya \u00fcyelerini, <strong>Sivil Toplum Kurulu\u015flar\u0131<\/strong> veya <strong>yine kurum \u00e7al\u0131\u015fanlar\u0131n\u0131n<\/strong> veya \u00fcyelerinin olu\u015fturdu\u011fu g\u00f6n\u00fcll\u00fcl\u00fck projeleriyle tek bir ortamda bir araya getiriyor. Bunu da kullan\u0131c\u0131lar\u0131n ve projelerin yetenek, ilgi, <strong>zaman plan\u0131 vb. konularda uygunluklar\u0131na<\/strong> g\u00f6re sa\u011fl\u0131yor. \u015eirketler i\u00e7in gelecekte <strong>i\u015fveren markas\u0131 olma, s\u00fcrd\u00fcr\u00fclebilir olma ve \u00e7al\u0131\u015fan ba\u011fl\u0131l\u0131\u011f\u0131 gibi konularda g\u00f6n\u00fcll\u00fcl\u00fck alan\u0131nda<\/strong> dijital bir d\u00f6n\u00fc\u015f\u00fcm vaat ediyor ve <strong>\u015firketlerin \u00e7al\u0131\u015fanlar\u0131n\u0131 daha yak\u0131ndan<\/strong> tan\u0131mas\u0131n\u0131n \u00f6n\u00fcn\u00fc a\u00e7an bir yakla\u015f\u0131mla \u00e7\u00f6z\u00fcm sunuyor.<\/p>","protected":false},"excerpt":{"rendered":"<p>Sorry, this entry is only available in Turkish. For the sake of viewer convenience, the content is shown below in the alternative language. You may click the link to switch the active language. Zorlu Holding\u2019in kurum i\u00e7i giri\u015fimcilik platformu Parlak Bi\u2019Fikir\u2019in ilk d\u00f6ng\u00fcs\u00fcnde yat\u0131r\u0131m alan iki giri\u015fim, ConectoHub ve AbilityPool oldu. Zorlu Holding\u2019in Levent 199\u2019daki [&hellip;]<\/p>\n","protected":false},"author":1,"featured_media":108206,"comment_status":"open","ping_status":"open","sticky":false,"template":"","format":"standard","meta":[],"categories":[51,53],"tags":[66801,54609,66804,66800,66797,52259,66803,66805,66798,66802,66807,66799,66806,8693,1305],"views":172,"_links":{"self":[{"href":"https:\/\/www.enerjigazetesi.ist\/en\/wp-json\/wp\/v2\/posts\/108203"}],"collection":[{"href":"https:\/\/www.enerjigazetesi.ist\/en\/wp-json\/wp\/v2\/posts"}],"about":[{"href":"https:\/\/www.enerjigazetesi.ist\/en\/wp-json\/wp\/v2\/types\/post"}],"author":[{"embeddable":true,"href":"https:\/\/www.enerjigazetesi.ist\/en\/wp-json\/wp\/v2\/users\/1"}],"replies":[{"embeddable":true,"href":"https:\/\/www.enerjigazetesi.ist\/en\/wp-json\/wp\/v2\/comments?post=108203"}],"version-history":[{"count":0,"href":"https:\/\/www.enerjigazetesi.ist\/en\/wp-json\/wp\/v2\/posts\/108203\/revisions"}],"wp:featuredmedia":[{"embeddable":true,"href":"https:\/\/www.enerjigazetesi.ist\/en\/wp-json\/wp\/v2\/media\/108206"}],"wp:attachment":[{"href":"https:\/\/www.enerjigazetesi.ist\/en\/wp-json\/wp\/v2\/media?parent=108203"}],"wp:term":[{"taxonomy":"category","embeddable":true,"href":"https:\/\/www.enerjigazetesi.ist\/en\/wp-json\/wp\/v2\/categories?post=108203"},{"taxonomy":"post_tag","embeddable":true,"href":"https:\/\/www.enerjigazetesi.ist\/en\/wp-json\/wp\/v2\/tags?post=108203"}],"curies":[{"name":"wp","href":"https:\/\/api.w.org\/{rel}","templated":true}]}}