{"id":108157,"date":"2020-02-10T14:07:45","date_gmt":"2020-02-10T11:07:45","guid":{"rendered":"https:\/\/www.enerjigazetesi.ist\/?p=108157"},"modified":"2020-02-10T16:06:06","modified_gmt":"2020-02-10T13:06:06","slug":"endustriyel-catilarda-gunes-santrali-uygulama-firsatlari-semineri-13-subat-ta","status":"publish","type":"post","link":"https:\/\/www.enerjigazetesi.ist\/en\/endustriyel-catilarda-gunes-santrali-uygulama-firsatlari-semineri-13-subat-ta\/","title":{"rendered":"(Turkish) End\u00fcstriyel \u00c7at\u0131larda G\u00fcne\u015f Santrali Uygulama F\u0131rsatlar\u0131 Semineri 13 \u015eubat&#8217;ta!"},"content":{"rendered":"<p class=\"qtranxs-available-languages-message qtranxs-available-languages-message-en\">Sorry, this entry is only available in <a href=\"https:\/\/www.enerjigazetesi.ist\/tr\/wp-json\/wp\/v2\/posts\/108157\" class=\"qtranxs-available-language-link qtranxs-available-language-link-tr\" title=\"Turkish\">Turkish<\/a>. For the sake of viewer convenience, the content is shown below in the alternative language. You may click the link to switch the active language.<\/p><p><\/p>\n<h1>GENSED, <strong>Kocaeli Sanayi Odas\u0131<\/strong>&#8216;n\u0131n destekleriyle\u00a0<strong>13 \u015eubat 2020 Per\u015fembe <\/strong><em>saat 14:00-17:00<\/em> aras\u0131nda <strong>Kocaeli Sanayi Odas\u0131<\/strong> <strong>\u0130zmit Merkez Binas\u0131 Konferans<\/strong> <img loading=\"lazy\" class=\"alignright wp-image-108159\" src=\"https:\/\/www.enerjigazetesi.ist\/wp-content\/uploads\/2020\/02\/endustriyel-catilarda-gunes-santrali-uygulama-firsatlari-semineri-13-ocakta.jpg\" alt=\"\" width=\"320\" height=\"208\" srcset=\"https:\/\/www.enerjigazetesi.ist\/wp-content\/uploads\/2020\/02\/endustriyel-catilarda-gunes-santrali-uygulama-firsatlari-semineri-13-ocakta.jpg 750w, https:\/\/www.enerjigazetesi.ist\/wp-content\/uploads\/2020\/02\/endustriyel-catilarda-gunes-santrali-uygulama-firsatlari-semineri-13-ocakta-300x195.jpg 300w, https:\/\/www.enerjigazetesi.ist\/wp-content\/uploads\/2020\/02\/endustriyel-catilarda-gunes-santrali-uygulama-firsatlari-semineri-13-ocakta-500x325.jpg 500w, https:\/\/www.enerjigazetesi.ist\/wp-content\/uploads\/2020\/02\/endustriyel-catilarda-gunes-santrali-uygulama-firsatlari-semineri-13-ocakta-77x50.jpg 77w\" sizes=\"(max-width: 320px) 100vw, 320px\" \/>Salonunda\u00a0<strong>&#8220;End\u00fcstriyel \u00c7at\u0131larda G\u00fcne\u015f Enerji Santrali (GES) Uygulama\u00a0<\/strong><strong>F\u0131rsatlar\u0131&#8221;<\/strong>\u00a0ad\u0131 alt\u0131nda bir <strong>seminer\u00a0<\/strong>d\u00fczenleyecektir.<\/h1>\n<p><strong>15&#8217;incisinin<\/strong> Kocaeli&#8217;nde <strong>ger\u00e7ekle\u015ftirilece\u011fi seminer<\/strong> oturumunda,<strong> GES\u2019lerin Ticarethane, Sanayii ve \u0130n\u015faat uygulamalar\u0131ndaki teknolojik geli\u015fmeleri<\/strong>, <strong>\u00e7at\u0131 pazar\u0131ndaki mevzuat ve finans konular\u0131<\/strong> i\u015flenecektir. Seminere \u00f6zellikle <strong>Kocaeli<\/strong> ilimizdeki t\u00fcm <strong>O.S.B.&#8217;ler, Birlikler, ilgili kurum ve kurulu\u015flar\u0131n kat\u0131l\u0131m\u0131<\/strong> sa\u011flanacak olup\u00a0<strong><u><a href=\"https:\/\/www.gensed.org\/CF\/CD\/1747dbd4dc01b54becd25f3dd915e197ab841581070793.jpg\" target=\"_blank\" rel=\"noopener\">Seminerin Program\u0131 \u0130\u00e7in L\u00fctfen TIKLAYINIZ &gt;&gt;&gt;<\/a><\/u><\/strong><\/p>\n<p><strong>*** Seminere Kat\u0131l\u0131m \u00dccretsiz Olup, Kay\u0131t Yapt\u0131rma Zorunlulu\u011fu Vard\u0131r. ***<\/strong><\/p>\n<p><strong><a href=\"https:\/\/uye.kosano.org.tr\/egitimbasvuru.asp?PID=410\" target=\"_blank\" rel=\"noopener\">Kay\u0131tlar i\u00e7in l\u00fctfen TIKLAYINIZ &gt;&gt;&gt;<\/a><\/strong><\/p>","protected":false},"excerpt":{"rendered":"<p>Sorry, this entry is only available in Turkish. For the sake of viewer convenience, the content is shown below in the alternative language. You may click the link to switch the active language. GENSED, Kocaeli Sanayi Odas\u0131&#8216;n\u0131n destekleriyle\u00a013 \u015eubat 2020 Per\u015fembe saat 14:00-17:00 aras\u0131nda Kocaeli Sanayi Odas\u0131 \u0130zmit Merkez Binas\u0131 Konferans Salonunda\u00a0&#8220;End\u00fcstriyel \u00c7at\u0131larda G\u00fcne\u015f Enerji [&hellip;]<\/p>\n","protected":false},"author":1,"featured_media":108159,"comment_status":"open","ping_status":"open","sticky":false,"template":"","format":"standard","meta":[],"categories":[51,53,49],"tags":[66548,5070,66764,66751,727,66766,53157,44923,66753,1254,43113,66752,66765,66767,54979,51897],"views":126,"_links":{"self":[{"href":"https:\/\/www.enerjigazetesi.ist\/en\/wp-json\/wp\/v2\/posts\/108157"}],"collection":[{"href":"https:\/\/www.enerjigazetesi.ist\/en\/wp-json\/wp\/v2\/posts"}],"about":[{"href":"https:\/\/www.enerjigazetesi.ist\/en\/wp-json\/wp\/v2\/types\/post"}],"author":[{"embeddable":true,"href":"https:\/\/www.enerjigazetesi.ist\/en\/wp-json\/wp\/v2\/users\/1"}],"replies":[{"embeddable":true,"href":"https:\/\/www.enerjigazetesi.ist\/en\/wp-json\/wp\/v2\/comments?post=108157"}],"version-history":[{"count":0,"href":"https:\/\/www.enerjigazetesi.ist\/en\/wp-json\/wp\/v2\/posts\/108157\/revisions"}],"wp:featuredmedia":[{"embeddable":true,"href":"https:\/\/www.enerjigazetesi.ist\/en\/wp-json\/wp\/v2\/media\/108159"}],"wp:attachment":[{"href":"https:\/\/www.enerjigazetesi.ist\/en\/wp-json\/wp\/v2\/media?parent=108157"}],"wp:term":[{"taxonomy":"category","embeddable":true,"href":"https:\/\/www.enerjigazetesi.ist\/en\/wp-json\/wp\/v2\/categories?post=108157"},{"taxonomy":"post_tag","embeddable":true,"href":"https:\/\/www.enerjigazetesi.ist\/en\/wp-json\/wp\/v2\/tags?post=108157"}],"curies":[{"name":"wp","href":"https:\/\/api.w.org\/{rel}","templated":true}]}}