{"id":108093,"date":"2020-02-09T18:50:35","date_gmt":"2020-02-09T15:50:35","guid":{"rendered":"https:\/\/www.enerjigazetesi.ist\/?p=108093"},"modified":"2020-02-09T20:36:46","modified_gmt":"2020-02-09T17:36:46","slug":"ab-ve-tubitak-destekli-proje-5inci-calistayini-akedas-ev-sahipliginde-gerceklestirdi","status":"publish","type":"post","link":"https:\/\/www.enerjigazetesi.ist\/en\/ab-ve-tubitak-destekli-proje-5inci-calistayini-akedas-ev-sahipliginde-gerceklestirdi\/","title":{"rendered":"(Turkish) AB ve T\u00dcB\u0130TAK Destekli Proje 5&#8217;inci \u00c7al\u0131\u015ftay\u0131n\u0131 Ger\u00e7ekle\u015ftirdi"},"content":{"rendered":"<p class=\"qtranxs-available-languages-message qtranxs-available-languages-message-en\">Sorry, this entry is only available in <a href=\"https:\/\/www.enerjigazetesi.ist\/tr\/wp-json\/wp\/v2\/posts\/108093\" class=\"qtranxs-available-language-link qtranxs-available-language-link-tr\" title=\"Turkish\">Turkish<\/a>. For the sake of viewer convenience, the content is shown below in the alternative language. You may click the link to switch the active language.<\/p><p><\/p>\n<h1>&#8216;AKEDA\u015e Elektrik Da\u011f\u0131t\u0131m A.\u015e.&#8217; y\u00fcksek hizmet performans\u0131 ile t\u00fcketici memnuniyetini art\u0131rma, verimlili\u011fi y\u00fckseltme ve b\u00f6lgenin geli\u015fen ihtiya\u00e7lar\u0131n\u0131 kar\u015f\u0131lamay\u0131 dikkate alan dinamik yat\u0131r\u0131m planlar\u0131yla faaliyetlerini s\u00fcrd\u00fcr\u00fcyor. Ar-Ge projelerini de bu hedef do\u011frultusunda olu\u015fturan AKEDA\u015e Elektrik Da\u011f\u0131t\u0131m A.\u015e. hizmet verdi\u011fi kullan\u0131c\u0131lar\u0131n elektrik da\u011f\u0131t\u0131m sekt\u00f6r\u00fcnde rol almas\u0131n\u0131 sa\u011flayacak bir proje geli\u015ftirdi. HORIZON 2020 ERA-NET komisyonu taraf\u0131ndan d\u00f6neminde birinci olarak kabul edilen Optimum Talep Y\u00f6netimi (Smart MLA) projesi, T\u00dcB\u0130TAK ve EPDK taraf\u0131ndan da destekleniyor.<\/h1>\n<p>Proje \u00e7er\u00e7evesinde; <em>AKEDA\u015e, EPRA Elektrik Enerji \u0130n\u015faat ve Tic. Ltd. \u015eti. (T\u00fcrkiye), B\u00fckre\u015f Ekonomi Ara\u015ft\u0131rmalar\u0131 \u00dcniversitesi (Romanya), STIMA Soft (Romanya), KTH Kraliyet Teknoloji Enstit\u00fcs\u00fc (\u0130sve\u00e7), G\u00fcney-Do\u011fu Norve\u00e7 \u00dcniversitesi (Norve\u00e7), Danimarka Teknik \u00dcniversitesi (Danimarka)<\/em> <img loading=\"lazy\" class=\"alignright wp-image-108095\" src=\"https:\/\/www.enerjigazetesi.ist\/wp-content\/uploads\/2020\/02\/ab-ve-tubitak-destekli-proje-5inci-calistayini-akedas-ev-sahipliginde-yapti.jpg\" alt=\"\" width=\"320\" height=\"214\" srcset=\"https:\/\/www.enerjigazetesi.ist\/wp-content\/uploads\/2020\/02\/ab-ve-tubitak-destekli-proje-5inci-calistayini-akedas-ev-sahipliginde-yapti.jpg 731w, https:\/\/www.enerjigazetesi.ist\/wp-content\/uploads\/2020\/02\/ab-ve-tubitak-destekli-proje-5inci-calistayini-akedas-ev-sahipliginde-yapti-300x200.jpg 300w, https:\/\/www.enerjigazetesi.ist\/wp-content\/uploads\/2020\/02\/ab-ve-tubitak-destekli-proje-5inci-calistayini-akedas-ev-sahipliginde-yapti-500x334.jpg 500w, https:\/\/www.enerjigazetesi.ist\/wp-content\/uploads\/2020\/02\/ab-ve-tubitak-destekli-proje-5inci-calistayini-akedas-ev-sahipliginde-yapti-75x50.jpg 75w, https:\/\/www.enerjigazetesi.ist\/wp-content\/uploads\/2020\/02\/ab-ve-tubitak-destekli-proje-5inci-calistayini-akedas-ev-sahipliginde-yapti-450x300.jpg 450w\" sizes=\"(max-width: 320px) 100vw, 320px\" \/>aras\u0131nda konsorsiyum olu\u015fturuldu.<\/p>\n<p>Proje ile \u00fclkemizde <strong>temiz ve verimlili\u011fi y\u00fcksek<\/strong> <em>% 100<\/em> yenilenebilir enerji hedefinin ger\u00e7ekle\u015ftirilmesi i\u00e7in <strong>talep y\u00f6netimi ve \u015febeke esnekli\u011fine<\/strong> y\u00f6nelik <strong>bulut tabanl\u0131 \u00e7ok katmanl\u0131 optimum birle\u015ftirici (aggregator) \u00e7\u00f6z\u00fcmleri<\/strong> sunulmas\u0131 ama\u00e7lan\u0131yor. Proje kapsam\u0131nda <strong>AKEDA\u015e, uygulamalar\u0131n test edilmesi<\/strong>, sahada kullan\u0131labilirli\u011finin <strong>incelenmesi ve \u015febeke ana verisinin sim\u00fclasyon ortam\u0131nda haz\u0131rlanmas\u0131<\/strong> \u00e7al\u0131\u015fmalar\u0131n\u0131 s\u00fcrd\u00fcr\u00fcyor.<\/p>\n<p><strong>Projede ger\u00e7ekle\u015ftirilecek \u00e7al\u0131\u015fmalar<\/strong> ile yak\u0131n gelecekte T\u00fcrkiye \u015febekesinde g\u00f6zlemlenecek de\u011fi\u015fimler ile ilgili \u00f6n \u00e7al\u0131\u015fma ger\u00e7ekle\u015ftirilmi\u015f olacak ve bu sayede <strong>\u015febeke i\u015fletmesi ve piyasan\u0131n yeni ve g\u00fcncel yap\u0131ya kavu\u015fmas\u0131 i\u00e7in gerekli mevzuat ve teknik de\u011fi\u015fiklik<\/strong> \u00f6nerileri belirlenecek.<\/p>\n<p>\u0130lgili \u00e7al\u0131\u015fma ile <strong>sistemin g\u00fcvenli ve verimli i\u015fletilmesi<\/strong>, piyasa modelinin do\u011fru konumland\u0131r\u0131larak t\u00fcm payda\u015flar\u0131n kazan\u0131mlar\u0131n\u0131n artt\u0131r\u0131lmas\u0131 ve <strong>da\u011f\u0131t\u0131m sisteminde gerekli yat\u0131r\u0131mlar\u0131n<\/strong> verimli bir \u015fekilde yap\u0131labilmesi hedefleniyor.<\/p>\n<p>Proje kapsam\u0131nda <strong>Danimarka, \u0130sve\u00e7 ve Norve\u00e7\u2019ten<\/strong> gelen proje payda\u015flar\u0131yla 5&#8217;incisi ger\u00e7ekle\u015ftirilmi\u015f olan <strong>Optimum Talep y\u00f6netimi (Smart MLA) projesi<\/strong>nin toplant\u0131s\u0131na <strong>AKEDA\u015e<\/strong> ev sahipli\u011fi yapt\u0131.<\/p>","protected":false},"excerpt":{"rendered":"<p>Sorry, this entry is only available in Turkish. For the sake of viewer convenience, the content is shown below in the alternative language. You may click the link to switch the active language. &#8216;AKEDA\u015e Elektrik Da\u011f\u0131t\u0131m A.\u015e.&#8217; y\u00fcksek hizmet performans\u0131 ile t\u00fcketici memnuniyetini art\u0131rma, verimlili\u011fi y\u00fckseltme ve b\u00f6lgenin geli\u015fen ihtiya\u00e7lar\u0131n\u0131 kar\u015f\u0131lamay\u0131 dikkate alan dinamik yat\u0131r\u0131m [&hellip;]<\/p>\n","protected":false},"author":1,"featured_media":108095,"comment_status":"open","ping_status":"open","sticky":false,"template":"","format":"standard","meta":[],"categories":[51,53],"tags":[27027,34602,21548,52674,52259,750,66666,66667,66665,1971],"views":167,"_links":{"self":[{"href":"https:\/\/www.enerjigazetesi.ist\/en\/wp-json\/wp\/v2\/posts\/108093"}],"collection":[{"href":"https:\/\/www.enerjigazetesi.ist\/en\/wp-json\/wp\/v2\/posts"}],"about":[{"href":"https:\/\/www.enerjigazetesi.ist\/en\/wp-json\/wp\/v2\/types\/post"}],"author":[{"embeddable":true,"href":"https:\/\/www.enerjigazetesi.ist\/en\/wp-json\/wp\/v2\/users\/1"}],"replies":[{"embeddable":true,"href":"https:\/\/www.enerjigazetesi.ist\/en\/wp-json\/wp\/v2\/comments?post=108093"}],"version-history":[{"count":0,"href":"https:\/\/www.enerjigazetesi.ist\/en\/wp-json\/wp\/v2\/posts\/108093\/revisions"}],"wp:featuredmedia":[{"embeddable":true,"href":"https:\/\/www.enerjigazetesi.ist\/en\/wp-json\/wp\/v2\/media\/108095"}],"wp:attachment":[{"href":"https:\/\/www.enerjigazetesi.ist\/en\/wp-json\/wp\/v2\/media?parent=108093"}],"wp:term":[{"taxonomy":"category","embeddable":true,"href":"https:\/\/www.enerjigazetesi.ist\/en\/wp-json\/wp\/v2\/categories?post=108093"},{"taxonomy":"post_tag","embeddable":true,"href":"https:\/\/www.enerjigazetesi.ist\/en\/wp-json\/wp\/v2\/tags?post=108093"}],"curies":[{"name":"wp","href":"https:\/\/api.w.org\/{rel}","templated":true}]}}