{"id":108081,"date":"2020-02-08T16:24:20","date_gmt":"2020-02-08T13:24:20","guid":{"rendered":"https:\/\/www.enerjigazetesi.ist\/?p=108081"},"modified":"2020-02-08T16:27:13","modified_gmt":"2020-02-08T13:27:13","slug":"gunes-enerjisinin-gelecegi-satsoda-konusuldu","status":"publish","type":"post","link":"https:\/\/www.enerjigazetesi.ist\/en\/gunes-enerjisinin-gelecegi-satsoda-konusuldu\/","title":{"rendered":"G\u00fcne\u015f Enerjisinin Gelece\u011fi SATSO&#8217;da Konu\u015fuldu"},"content":{"rendered":"<p class=\"qtranxs-available-languages-message qtranxs-available-languages-message-en\">Sorry, this entry is only available in <a href=\"https:\/\/www.enerjigazetesi.ist\/tr\/wp-json\/wp\/v2\/posts\/108081\" class=\"qtranxs-available-language-link qtranxs-available-language-link-tr\" title=\"Turkish\">Turkish<\/a>. For the sake of viewer convenience, the content is shown below in the alternative language. You may click the link to switch the active language.<\/p><p><\/p>\n<h1><strong class=\"klink\">Sakarya Ticaret ve Sanayi Odas\u0131<\/strong>\u00a0(<strong class=\"klink\">SATSO<\/strong>) ile\u00a0<strong class=\"klink\">G\u00fcne\u015f Enerjisi Sanayicileri ve End\u00fcstri Derne\u011fi<\/strong>\u00a0(<strong class=\"klink\">GENSED<\/strong>) taraf\u0131ndan\u00a0<strong class=\"klink\">End\u00fcstriyel \u00c7at\u0131lar<\/strong>da\u00a0<strong class=\"klink\">G\u00fcne\u015f Enerjisi Santrali<\/strong>\u00a0Uygulama F\u0131rsatlar\u0131 Semineri yap\u0131ld\u0131.<\/h1>\n<p><strong>GENSED<\/strong> Genel Sekreteri <strong>Hakan Erkan<\/strong>, mevzuattaki son geli\u015fmeler ve T\u00fcrkiye\u2019nin <strong>g\u00fcne\u015f enerjisindeki ilerleyi\u015fi<\/strong> hakk\u0131nda detayl\u0131 bilgileri kat\u0131l\u0131mc\u0131lara aktard\u0131\u011f\u0131 konu\u015fmas\u0131nda, \u201c GENSED olarak <strong>2009<\/strong> y\u0131l\u0131nda <strong>43 ki\u015fi taraf\u0131ndan<\/strong> sekt\u00f6r\u00fcm\u00fcz ile kamu aras\u0131nda bir <strong>tampon b\u00f6lge <img loading=\"lazy\" class=\"alignright wp-image-108084\" src=\"https:\/\/www.enerjigazetesi.ist\/wp-content\/uploads\/2020\/02\/gunes-enerjisinin-gelecegi-satsoda-konusuldu-1.jpg\" alt=\"\" width=\"320\" height=\"153\" srcset=\"https:\/\/www.enerjigazetesi.ist\/wp-content\/uploads\/2020\/02\/gunes-enerjisinin-gelecegi-satsoda-konusuldu-1.jpg 700w, https:\/\/www.enerjigazetesi.ist\/wp-content\/uploads\/2020\/02\/gunes-enerjisinin-gelecegi-satsoda-konusuldu-1-300x144.jpg 300w, https:\/\/www.enerjigazetesi.ist\/wp-content\/uploads\/2020\/02\/gunes-enerjisinin-gelecegi-satsoda-konusuldu-1-500x239.jpg 500w, https:\/\/www.enerjigazetesi.ist\/wp-content\/uploads\/2020\/02\/gunes-enerjisinin-gelecegi-satsoda-konusuldu-1-80x38.jpg 80w\" sizes=\"(max-width: 320px) 100vw, 320px\" \/>olu\u015fturarak<\/strong> sesimizi duyurmak amac\u0131yla kurulduk.\u00a0Son y\u0131llarda arsalar \u00fczerinde ger\u00e7ekle\u015ftirilen <strong>g\u00fcne\u015f enerjisi yat\u0131r\u0131mlar\u0131nda<\/strong> da\u011f\u0131t\u0131m bedellerinin <strong>0.4 kuru\u015ftan<\/strong> <strong>0.17 kuru\u015flara<\/strong> \u00e7\u0131kmas\u0131 bu alanlara yat\u0131r\u0131mlar\u0131 azaltt\u0131. Ancak bizler de <strong>gelecek \u00e7at\u0131larda olacak<\/strong> dedik ve kollar\u0131 s\u0131vad\u0131k. \u0130nsanlar\u0131n <strong>evlerinin, fabrikalar\u0131n veya tesislerinin \u00e7at\u0131lar\u0131na<\/strong> kurabilece\u011fi <strong>g\u00fcne\u015f enerjisi sistemleri<\/strong> sayesinde <strong>temiz enerji<\/strong> ile bulu\u015fup ayn\u0131 zamanda <strong>bunu yat\u0131r\u0131ma d\u00f6nd\u00fcrmesine<\/strong> yard\u0131mc\u0131 olmaya \u00e7al\u0131\u015f\u0131yoruz.\u201d ifadelerini kullanarak kat\u0131l\u0131mc\u0131lar\u0131 <strong>11-13 Mart 2020<\/strong> tarihlerinde d\u00fczenlenecek olan <strong>SOLAR \u0130stanbul Fuar\u0131\u2019na<\/strong> davet etti.<\/p>\n<p><strong>Siemens Kaco New Energy Sat\u0131\u015f<\/strong> ve <strong>\u0130\u015f Geli\u015ftirme<\/strong> M\u00fcd\u00fcr\u00fc <strong>Altu\u011f Da\u011f<\/strong>, <em>End\u00fcstriyel \u00c7at\u0131larda \u0130nverter Se\u00e7imi<\/em> isimli sunumunda sisteme g\u00f6re <strong>inverter \u00e7e\u015fitleri, do\u011fru inverter se\u00e7imi <\/strong>ve <strong>do\u011fru \u00e7at\u0131ya do\u011fru sistem uygulanmas\u0131<\/strong> ile ilgili bilgiler aktar\u0131rken <strong>Smart Energy<\/strong> \u0130\u015f Geli\u015ftirme M\u00fcd\u00fcr\u00fc <strong>\u00d6mer Kaya<\/strong>, end\u00fcstriyel \u00e7at\u0131larda kullan\u0131lan <strong>g\u00fcne\u015f panellerindeki teknolojik geli\u015fmeleri<\/strong>, <strong>paneli olu\u015fturan bile\u015fenler, panel \u00e7e\u015fitleri ve sistemler \u00f6zellikler<\/strong> hakk\u0131nda kat\u0131l\u0131mc\u0131lara bilgilerini aktard\u0131.<\/p>\n<p>Kaynak: <a href=\"https:\/\/www.sakaryayenihaber.com\/ekonomi\/gunes-enerjisinin-gelecegi-satso-da-anlatildi-h106198.html\" target=\"_blank\" rel=\"noopener\">SakaryaYeniHaber<\/a><\/p>","protected":false},"excerpt":{"rendered":"<p>Sorry, this entry is only available in Turkish. For the sake of viewer convenience, the content is shown below in the alternative language. You may click the link to switch the active language. Sakarya Ticaret ve Sanayi Odas\u0131\u00a0(SATSO) ile\u00a0G\u00fcne\u015f Enerjisi Sanayicileri ve End\u00fcstri Derne\u011fi\u00a0(GENSED) taraf\u0131ndan\u00a0End\u00fcstriyel \u00c7at\u0131larda\u00a0G\u00fcne\u015f Enerjisi Santrali\u00a0Uygulama F\u0131rsatlar\u0131 Semineri yap\u0131ld\u0131. GENSED Genel Sekreteri Hakan [&hellip;]<\/p>\n","protected":false},"author":1,"featured_media":108085,"comment_status":"open","ping_status":"open","sticky":false,"template":"","format":"standard","meta":[],"categories":[51,53,49],"tags":[66656,52362,66660,66655,66659,52259,66654,53157,5982,66653,66658,66657],"views":93,"_links":{"self":[{"href":"https:\/\/www.enerjigazetesi.ist\/en\/wp-json\/wp\/v2\/posts\/108081"}],"collection":[{"href":"https:\/\/www.enerjigazetesi.ist\/en\/wp-json\/wp\/v2\/posts"}],"about":[{"href":"https:\/\/www.enerjigazetesi.ist\/en\/wp-json\/wp\/v2\/types\/post"}],"author":[{"embeddable":true,"href":"https:\/\/www.enerjigazetesi.ist\/en\/wp-json\/wp\/v2\/users\/1"}],"replies":[{"embeddable":true,"href":"https:\/\/www.enerjigazetesi.ist\/en\/wp-json\/wp\/v2\/comments?post=108081"}],"version-history":[{"count":1,"href":"https:\/\/www.enerjigazetesi.ist\/en\/wp-json\/wp\/v2\/posts\/108081\/revisions"}],"predecessor-version":[{"id":108082,"href":"https:\/\/www.enerjigazetesi.ist\/en\/wp-json\/wp\/v2\/posts\/108081\/revisions\/108082"}],"wp:featuredmedia":[{"embeddable":true,"href":"https:\/\/www.enerjigazetesi.ist\/en\/wp-json\/wp\/v2\/media\/108085"}],"wp:attachment":[{"href":"https:\/\/www.enerjigazetesi.ist\/en\/wp-json\/wp\/v2\/media?parent=108081"}],"wp:term":[{"taxonomy":"category","embeddable":true,"href":"https:\/\/www.enerjigazetesi.ist\/en\/wp-json\/wp\/v2\/categories?post=108081"},{"taxonomy":"post_tag","embeddable":true,"href":"https:\/\/www.enerjigazetesi.ist\/en\/wp-json\/wp\/v2\/tags?post=108081"}],"curies":[{"name":"wp","href":"https:\/\/api.w.org\/{rel}","templated":true}]}}