{"id":10799,"date":"2013-05-13T09:33:48","date_gmt":"2013-05-13T06:33:48","guid":{"rendered":"https:\/\/www.enerjigazetesi.ist\/?p=10799"},"modified":"2013-05-13T09:33:48","modified_gmt":"2013-05-13T06:33:48","slug":"3-nukleer-santral-muzakeresine-ara-verildi","status":"publish","type":"post","link":"https:\/\/www.enerjigazetesi.ist\/en\/3-nukleer-santral-muzakeresine-ara-verildi\/","title":{"rendered":"(Turkish) 3. N\u00fckleer Santral M\u00fczakeresine Ara Verildi"},"content":{"rendered":"<p class=\"qtranxs-available-languages-message qtranxs-available-languages-message-en\">Sorry, this entry is only available in <a href=\"https:\/\/www.enerjigazetesi.ist\/tr\/wp-json\/wp\/v2\/posts\/10799\" class=\"qtranxs-available-language-link qtranxs-available-language-link-tr\" title=\"Turkish\">Turkish<\/a>. For the sake of viewer convenience, the content is shown below in the alternative language. You may click the link to switch the active language.<\/p><p><strong>IICEC Geleneksel Uluslararas\u0131 Enerji Forumu\u2019nda gazetecilerin sorular\u0131n\u0131 yan\u0131tlayan Y\u0131ld\u0131z, 3. n\u00fckleer santralle ilgili, \u201cOnun yeri konusunda 2 y\u0131ll\u0131k bir \u00e7al\u0131\u015fma yap\u0131lacak. Biz \u015fu an 3. N\u00fckleer G\u00fc\u00e7 Santrali m\u00fczakeresine ara vermi\u015f bulunuyoruz\u201d dedi.<\/strong><\/p>\n<p>Y\u0131ld\u0131z, \u201cSay\u0131n Ba\u015fbakan\u0131m\u0131z\u2019\u0131n 3. n\u00fckleer g\u00fc\u00e7 santralleriyle alakal\u0131 \u00f6n\u00fcm\u00fcze koydu\u011fu hedef son derece manidar ve \u00f6nemlidir. \u015eu a\u00e7\u0131dan manidar; Sanayile\u015fmenin gelece\u011fi seviye burada vurgulanmaktad\u0131r. 8 \u00fcniteyi yabanc\u0131 ortaklar\u0131yla birlikte ger\u00e7ekle\u015ftiren bir T\u00fcrkiye\u2019nin 9. 10. 12. \u00fcnitelere kadar kendi operat\u00f6rl\u00fc\u011f\u00fcnde ama yine yabanc\u0131lardan ald\u0131\u011f\u0131 bir k\u0131s\u0131m know-how ve teknik hizme<a href=\"https:\/\/www.enerjigazetesi.ist\/wp-content\/uploads\/2013\/05\/ucuncu-3-nukleer-santral-505x388.jpg\"><img loading=\"lazy\" class=\"alignleft size-medium wp-image-10800\" title=\"ucuncu-3-nukleer-santral-505x388\" src=\"https:\/\/www.enerjigazetesi.ist\/wp-content\/uploads\/2013\/05\/ucuncu-3-nukleer-santral-505x388-300x201.jpg\" alt=\"\" width=\"300\" height=\"201\" srcset=\"https:\/\/www.enerjigazetesi.ist\/wp-content\/uploads\/2013\/05\/ucuncu-3-nukleer-santral-505x388-300x201.jpg 300w, https:\/\/www.enerjigazetesi.ist\/wp-content\/uploads\/2013\/05\/ucuncu-3-nukleer-santral-505x388-74x50.jpg 74w, https:\/\/www.enerjigazetesi.ist\/wp-content\/uploads\/2013\/05\/ucuncu-3-nukleer-santral-505x388.jpg 490w\" sizes=\"(max-width: 300px) 100vw, 300px\" \/><\/a>tlerle beraber o projeyi ger\u00e7ekle\u015ftirebilece\u011fine inan\u0131yoruz. Say\u0131n Ba\u015fbakan\u0131m\u0131z\u2019\u0131n \u00f6n\u00fcm\u00fcze koydu\u011fu hedefe ula\u015fabilece\u011fimizi bir m\u00fchendis olarak da inan\u0131yorum.<\/p>\n<p>Bunun teknik olarak yap\u0131labilece\u011fine inan\u0131yorum. Sanayimizin lig atlayaca\u011f\u0131n\u0131 s\u00f6ylemi\u015ftim. Onun yeri konusunda 2 y\u0131ll\u0131k bir \u00e7al\u0131\u015fma yap\u0131lacak. Biz \u015fu an 3. n\u00fckleer g\u00fc\u00e7 santrali m\u00fczakeresine ara vermi\u015f bulunuyoruz. Bu ikisi ile alakal\u0131 anla\u015fmalar\u0131 uygulamalar\u0131 ger\u00e7ekle\u015ftirilecek b\u00fct\u00fcn yap\u0131lar\u0131 ve insan kaynaklar\u0131n\u0131 olu\u015fturuyoruz. Bu 2 y\u0131ll\u0131k \u00e7al\u0131\u015fma \u00f6zellikle Japonya\u2019n\u0131n Sinop i\u00e7in yapaca\u011f\u0131 \u00e7al\u0131\u015fmalar\u0131n aras\u0131na al\u0131nd\u0131 biliyorsunuz.<\/p>\n<p>Yeri ile alakal\u0131, e\u011fer bu 2 y\u0131l i\u00e7erisinde herhangi bir \u015fehir duyarsan\u0131z, \u015fu anda bunun spek\u00fclatif oldu\u011funu s\u00f6ylemem laz\u0131m. Bu \u00e7al\u0131\u015fmalar ciddi \u00e7al\u0131\u015fmalar, zaman al\u0131c\u0131 \u00e7al\u0131\u015fmalar ve b\u00fct\u00fcn jeolojik verilerle beraber. T\u00fcrkiye bir deprem \u00fclkesidir. \u00d6zellikle depremselli\u011fi \u00f6nemsedi\u011fimizi,son derece dikkate ald\u0131\u011f\u0131m\u0131z\u0131 s\u00f6ylemem gerekiyor. Bunla alakal\u0131 \u00e7al\u0131\u015fmalar\u0131 tamamlad\u0131ktan sonra kamuoyuyla payla\u015faca\u011f\u0131z.\u201d<\/p>\n<p>Kaynak: <a href=\"http:\/\/enerjienstitusu.com\/2013\/05\/10\/3-ukleer-muzakeresine-ara-verdik-2-yil-yer-berlileme-calismasi-yapilacak\/?utm_source=dlvr.it&amp;utm_medium=facebook\" target=\"_blank\">Enerji Enstit\u00fcs\u00fc<\/a><\/p>","protected":false},"excerpt":{"rendered":"<p>Sorry, this entry is only available in Turkish. For the sake of viewer convenience, the content is shown below in the alternative language. You may click the link to switch the active language.IICEC Geleneksel Uluslararas\u0131 Enerji Forumu\u2019nda gazetecilerin sorular\u0131n\u0131 yan\u0131tlayan Y\u0131ld\u0131z, 3. n\u00fckleer santralle ilgili, \u201cOnun yeri konusunda 2 y\u0131ll\u0131k bir \u00e7al\u0131\u015fma yap\u0131lacak. Biz \u015fu [&hellip;]<\/p>\n","protected":false},"author":1,"featured_media":10800,"comment_status":"open","ping_status":"open","sticky":false,"template":"","format":"standard","meta":[],"categories":[53,43],"tags":[5254,710,63,67,21,88,667,5255],"views":569,"_links":{"self":[{"href":"https:\/\/www.enerjigazetesi.ist\/en\/wp-json\/wp\/v2\/posts\/10799"}],"collection":[{"href":"https:\/\/www.enerjigazetesi.ist\/en\/wp-json\/wp\/v2\/posts"}],"about":[{"href":"https:\/\/www.enerjigazetesi.ist\/en\/wp-json\/wp\/v2\/types\/post"}],"author":[{"embeddable":true,"href":"https:\/\/www.enerjigazetesi.ist\/en\/wp-json\/wp\/v2\/users\/1"}],"replies":[{"embeddable":true,"href":"https:\/\/www.enerjigazetesi.ist\/en\/wp-json\/wp\/v2\/comments?post=10799"}],"version-history":[{"count":2,"href":"https:\/\/www.enerjigazetesi.ist\/en\/wp-json\/wp\/v2\/posts\/10799\/revisions"}],"predecessor-version":[{"id":10802,"href":"https:\/\/www.enerjigazetesi.ist\/en\/wp-json\/wp\/v2\/posts\/10799\/revisions\/10802"}],"wp:featuredmedia":[{"embeddable":true,"href":"https:\/\/www.enerjigazetesi.ist\/en\/wp-json\/wp\/v2\/media\/10800"}],"wp:attachment":[{"href":"https:\/\/www.enerjigazetesi.ist\/en\/wp-json\/wp\/v2\/media?parent=10799"}],"wp:term":[{"taxonomy":"category","embeddable":true,"href":"https:\/\/www.enerjigazetesi.ist\/en\/wp-json\/wp\/v2\/categories?post=10799"},{"taxonomy":"post_tag","embeddable":true,"href":"https:\/\/www.enerjigazetesi.ist\/en\/wp-json\/wp\/v2\/tags?post=10799"}],"curies":[{"name":"wp","href":"https:\/\/api.w.org\/{rel}","templated":true}]}}