{"id":107960,"date":"2020-02-06T19:02:02","date_gmt":"2020-02-06T16:02:02","guid":{"rendered":"https:\/\/www.enerjigazetesi.ist\/?p=107960"},"modified":"2020-02-06T19:03:45","modified_gmt":"2020-02-06T16:03:45","slug":"aydinlatma-sayaclarinin-osos-kapsamina-dahil-edilmesine-1-yil-erteleme","status":"publish","type":"post","link":"https:\/\/www.enerjigazetesi.ist\/en\/aydinlatma-sayaclarinin-osos-kapsamina-dahil-edilmesine-1-yil-erteleme\/","title":{"rendered":"(Turkish) Ayd\u0131nlatma Saya\u00e7lar\u0131n\u0131n OSOS Kapsam\u0131na Dahil Edilmesine 1 Y\u0131l Erteleme"},"content":{"rendered":"<p class=\"qtranxs-available-languages-message qtranxs-available-languages-message-en\">Sorry, this entry is only available in <a href=\"https:\/\/www.enerjigazetesi.ist\/tr\/wp-json\/wp\/v2\/posts\/107960\" class=\"qtranxs-available-language-link qtranxs-available-language-link-tr\" title=\"Turkish\">Turkish<\/a>. For the sake of viewer convenience, the content is shown below in the alternative language. You may click the link to switch the active language.<\/p><p><\/p>\n<h1><strong>Genel Ayd\u0131nlatma Y\u00f6netmeli\u011finde De\u011fi\u015fiklik Yap\u0131lmas\u0131na Dair Y\u00f6netmelik, Enerji ve Tabii Kaynaklar Bakanl\u0131\u011f\u0131nca yay\u0131mlanarak y\u00fcr\u00fcrl\u00fc\u011fe girdi.<\/strong><\/h1>\n<p>B\u00f6ylece <strong>Otomatik Saya\u00e7 Okuma Sistemleri (OSOS)<\/strong> kapsam\u0131na uygun olmad\u0131\u011f\u0131 tespit edilen <img loading=\"lazy\" class=\"alignright wp-image-107962\" src=\"https:\/\/www.enerjigazetesi.ist\/wp-content\/uploads\/2020\/02\/aydinlatma-sayaclarinin-osos-kapsamina-dahil-edilmesine-1-yil-erteleme.jpg\" alt=\"\" width=\"320\" height=\"181\" srcset=\"https:\/\/www.enerjigazetesi.ist\/wp-content\/uploads\/2020\/02\/aydinlatma-sayaclarinin-osos-kapsamina-dahil-edilmesine-1-yil-erteleme.jpg 810w, https:\/\/www.enerjigazetesi.ist\/wp-content\/uploads\/2020\/02\/aydinlatma-sayaclarinin-osos-kapsamina-dahil-edilmesine-1-yil-erteleme-300x170.jpg 300w, https:\/\/www.enerjigazetesi.ist\/wp-content\/uploads\/2020\/02\/aydinlatma-sayaclarinin-osos-kapsamina-dahil-edilmesine-1-yil-erteleme-768x434.jpg 768w, https:\/\/www.enerjigazetesi.ist\/wp-content\/uploads\/2020\/02\/aydinlatma-sayaclarinin-osos-kapsamina-dahil-edilmesine-1-yil-erteleme-500x283.jpg 500w, https:\/\/www.enerjigazetesi.ist\/wp-content\/uploads\/2020\/02\/aydinlatma-sayaclarinin-osos-kapsamina-dahil-edilmesine-1-yil-erteleme-80x45.jpg 80w\" sizes=\"(max-width: 320px) 100vw, 320px\" \/>saya\u00e7lar haricinde, <strong>genel ayd\u0131nlatma saya\u00e7lar\u0131n\u0131n tamam\u0131n\u0131n<\/strong> OSOS kapsam\u0131na al\u0131nmas\u0131 i\u015fleminin tamamlanaca\u011f\u0131 tarih, <strong>31 Aral\u0131k 2019<\/strong>\u2019dan <strong>31 Aral\u0131k 2020<\/strong> tarihine ertelendi.<\/p>\n<p>De\u011fi\u015fiklik kapsam\u0131nda\u00a0\u201c<strong>Genel ayd\u0131nlatma saya\u00e7lar\u0131na<\/strong> ili\u015fkin olarak <strong>TEDA\u015e<\/strong> taraf\u0131ndan <strong>anl\u0131k ve(ya) \u00e7evrimi\u00e7i izlenemeyen<\/strong> saya\u00e7lar\u0131n <strong>t\u00fcketim giderlerinin \u00f6demesi<\/strong> yap\u0131lmaz\u201d h\u00fckm\u00fc <strong>01 Ocak 2021<\/strong>&#8216;de y\u00fcr\u00fcrl\u00fc\u011fe girecek.<\/p>\n<h2><strong>Da\u011f\u0131t\u0131m \u0130\u00e7in Kombi Saya\u00e7 Kullanma Zorunlulu\u011fu da Kalkt\u0131<\/strong><\/h2>\n<p>Bakanl\u0131k taraf\u0131ndan\u00a0<strong>Genel Ayd\u0131nlatma Tebli\u011fi\u2019nde<\/strong> de bir de\u011fi\u015fiklik yaparken <strong>da\u011f\u0131t\u0131m \u015firketlerinin<\/strong>; <strong>genel ayd\u0131nlatmaya y\u00f6nelik<\/strong> yap\u0131lacak <strong>yeni tesislerde ve saya\u00e7 de\u011fi\u015fimlerinde<\/strong> <strong>kombi saya\u00e7 kullanma zorunlulu\u011fu<\/strong>\u00a0y\u00fcr\u00fcrl\u00fckten kald\u0131r\u0131ld\u0131.<\/p>","protected":false},"excerpt":{"rendered":"<p>Sorry, this entry is only available in Turkish. For the sake of viewer convenience, the content is shown below in the alternative language. You may click the link to switch the active language. Genel Ayd\u0131nlatma Y\u00f6netmeli\u011finde De\u011fi\u015fiklik Yap\u0131lmas\u0131na Dair Y\u00f6netmelik, Enerji ve Tabii Kaynaklar Bakanl\u0131\u011f\u0131nca yay\u0131mlanarak y\u00fcr\u00fcrl\u00fc\u011fe girdi. B\u00f6ylece Otomatik Saya\u00e7 Okuma Sistemleri (OSOS) kapsam\u0131na [&hellip;]<\/p>\n","protected":false},"author":1,"featured_media":107962,"comment_status":"open","ping_status":"open","sticky":false,"template":"","format":"standard","meta":[],"categories":[51,53],"tags":[52674,52259,1972,66568,66569,66571,66567,66570,1216,66572],"views":166,"_links":{"self":[{"href":"https:\/\/www.enerjigazetesi.ist\/en\/wp-json\/wp\/v2\/posts\/107960"}],"collection":[{"href":"https:\/\/www.enerjigazetesi.ist\/en\/wp-json\/wp\/v2\/posts"}],"about":[{"href":"https:\/\/www.enerjigazetesi.ist\/en\/wp-json\/wp\/v2\/types\/post"}],"author":[{"embeddable":true,"href":"https:\/\/www.enerjigazetesi.ist\/en\/wp-json\/wp\/v2\/users\/1"}],"replies":[{"embeddable":true,"href":"https:\/\/www.enerjigazetesi.ist\/en\/wp-json\/wp\/v2\/comments?post=107960"}],"version-history":[{"count":0,"href":"https:\/\/www.enerjigazetesi.ist\/en\/wp-json\/wp\/v2\/posts\/107960\/revisions"}],"wp:featuredmedia":[{"embeddable":true,"href":"https:\/\/www.enerjigazetesi.ist\/en\/wp-json\/wp\/v2\/media\/107962"}],"wp:attachment":[{"href":"https:\/\/www.enerjigazetesi.ist\/en\/wp-json\/wp\/v2\/media?parent=107960"}],"wp:term":[{"taxonomy":"category","embeddable":true,"href":"https:\/\/www.enerjigazetesi.ist\/en\/wp-json\/wp\/v2\/categories?post=107960"},{"taxonomy":"post_tag","embeddable":true,"href":"https:\/\/www.enerjigazetesi.ist\/en\/wp-json\/wp\/v2\/tags?post=107960"}],"curies":[{"name":"wp","href":"https:\/\/api.w.org\/{rel}","templated":true}]}}