{"id":107938,"date":"2020-02-06T17:54:06","date_gmt":"2020-02-06T14:54:06","guid":{"rendered":"https:\/\/www.enerjigazetesi.ist\/?p=107938"},"modified":"2020-02-06T17:54:06","modified_gmt":"2020-02-06T14:54:06","slug":"uedas-marmara-adasini-elektrigine-kavusturdu","status":"publish","type":"post","link":"https:\/\/www.enerjigazetesi.ist\/en\/uedas-marmara-adasini-elektrigine-kavusturdu\/","title":{"rendered":"(Turkish) &#8217;UEDA\u015e&#8217; Marmara Adas\u0131\u2019n\u0131 Elektri\u011fine Kavu\u015fturdu"},"content":{"rendered":"<p class=\"qtranxs-available-languages-message qtranxs-available-languages-message-en\">Sorry, this entry is only available in <a href=\"https:\/\/www.enerjigazetesi.ist\/tr\/wp-json\/wp\/v2\/posts\/107938\" class=\"qtranxs-available-language-link qtranxs-available-language-link-tr\" title=\"Turkish\">Turkish<\/a>. For the sake of viewer convenience, the content is shown below in the alternative language. You may click the link to switch the active language.<\/p><p><\/p>\n<h1><strong>Limak Enerji\u00a0<\/strong><strong>b\u00fcnyesinde elektrik da\u011f\u0131t\u0131m hizmeti veren UEDA\u015e\u2019\u0131n Marmara Adas\u0131\u2019nda y\u00fcr\u00fctt\u00fc\u011f\u00fc zorlu \u00e7al\u0131\u015fma tamamland\u0131. 29 Aral\u0131k 2019\u2019da meydana gelen kesinti sonras\u0131 deniz alt\u0131nda y\u00fcr\u00fct\u00fclen \u00e7al\u0131\u015fmalar\u0131n sonunda Marmara Adas\u0131 elektri\u011fine kavu\u015ftu. \u00c7al\u0131\u015fmalar\u0131n ilk faz\u0131nda Marmara Adas\u0131 sakinlerinin yeni y\u0131la karanl\u0131kta girmelerinin \u00f6n\u00fcne ge\u00e7en UEDA\u015e, aday\u0131 dev jenerat\u00f6rler ile ayd\u0131nlatm\u0131\u015ft\u0131.<\/strong><\/h1>\n<p>Bursa ba\u015fta olmak \u00fczere, <strong>Bal\u0131kesir, \u00c7anakkale ve Yalova&#8217;da<\/strong> toplamda <strong>4 \u015fehirde 5 milyonun<\/strong> \u00fczerinde ki\u015fiye hizmet veren <strong>UEDA\u015e<\/strong>, <em>denizalt\u0131 kablolar\u0131n\u0131n kopmas\u0131<\/em> sonucunda <strong>Marmara <img loading=\"lazy\" class=\"alignright wp-image-107940\" src=\"https:\/\/www.enerjigazetesi.ist\/wp-content\/uploads\/2020\/02\/uedas-marmara-adasini-elektrigine-kavusturdu-1.jpg\" alt=\"\" width=\"320\" height=\"278\" srcset=\"https:\/\/www.enerjigazetesi.ist\/wp-content\/uploads\/2020\/02\/uedas-marmara-adasini-elektrigine-kavusturdu-1.jpg 561w, https:\/\/www.enerjigazetesi.ist\/wp-content\/uploads\/2020\/02\/uedas-marmara-adasini-elektrigine-kavusturdu-1-300x261.jpg 300w, https:\/\/www.enerjigazetesi.ist\/wp-content\/uploads\/2020\/02\/uedas-marmara-adasini-elektrigine-kavusturdu-1-460x400.jpg 460w, https:\/\/www.enerjigazetesi.ist\/wp-content\/uploads\/2020\/02\/uedas-marmara-adasini-elektrigine-kavusturdu-1-57x50.jpg 57w\" sizes=\"(max-width: 320px) 100vw, 320px\" \/>Adas\u0131\u2019nda<\/strong> ya\u015fanan kesinti ile ilgili \u00e7al\u0131\u015fmalar\u0131n\u0131 tamamlad\u0131. Yeni y\u0131l \u00f6ncesinde ada ve \u00e7evresine <strong>yerle\u015ftirilen dev jenarat\u00f6rle<\/strong>r ile ayd\u0131nlanan <strong>Marmara Adas\u0131<\/strong> art\u0131k tamamen \u0131\u015f\u0131klar\u0131na kavu\u015ftu. <strong>UEDA\u015e ekipleri<\/strong> zorlu hava \u015fartlar\u0131na ra\u011fmen <strong>yo\u011fun ve titiz \u00e7al\u0131\u015fmalar\u0131n\u0131n<\/strong> sonucunda <strong>denizalt\u0131 kablolar\u0131n\u0131 onararak<\/strong> ada halk\u0131n\u0131n ma\u011fduriyetini giderdi.<\/p>\n<p>Bal\u0131kesir\u2019de <strong>29 Aral\u0131k 2019<\/strong>, Pazar g\u00fcn\u00fc bir geminin deniz alt\u0131ndan ge\u00e7en <strong>elektrik kablolar\u0131na zarar vermesi<\/strong> sonucu meydana gelen kesintide, <strong>Marmara Adas\u0131<\/strong> halk\u0131 elektriksiz kalm\u0131\u015ft\u0131. <strong>UEDA\u015e ekiplerince<\/strong> k\u0131\u015f \u015fartlar\u0131nda onar\u0131m\u0131 uzun s\u00fcren <strong>denizalt\u0131 kablolar\u0131n\u0131n tekrar enerjili hale getirilmesi<\/strong> i\u00e7in yo\u011fun bir \u00e7al\u0131\u015fma y\u00fcr\u00fct\u00fcld\u00fc. Deniz alt\u0131nda \u00e7al\u0131\u015fmalar s\u00fcrerken <strong>ada halk\u0131n\u0131n elektriksiz kalmamas\u0131 i\u00e7in<\/strong> adaya 8 t\u0131r malzeme ile <strong>dev jenerat\u00f6rler<\/strong> ta\u015f\u0131nm\u0131\u015f, ada ayd\u0131nlat\u0131lm\u0131\u015ft\u0131. <strong>UEDA\u015e ekipleri<\/strong> bu s\u00fcre i\u00e7inde 3 farkl\u0131 noktada, <strong>10 ayr\u0131 ekibi<\/strong> taraf\u0131ndan y\u00fcr\u00fct\u00fclen \u00e7al\u0131\u015fmalar\u0131yla denizalt\u0131 kablolar\u0131 onararak <strong>Marmara Adas\u0131\u2019na<\/strong> tekrar elektrik verilmesini sa\u011flad\u0131.<\/p>\n<h2><strong>25 ki\u015filik ekibin zorlu \u00e7al\u0131\u015fmas\u0131 <\/strong><\/h2>\n<p><strong>Marmara Adas\u0131\u2019nda<\/strong> y\u00fcr\u00fct\u00fclen \u00e7al\u0131\u015fmalar hakk\u0131nda bilgi veren <strong>UEDA\u015e Genel M\u00fcd\u00fcr\u00fc G\u00f6kay Fatih Danac\u0131<\/strong>, <strong>\u201c29 Aral\u0131k 2019<\/strong>, Pazar g\u00fcn\u00fc saat <strong>16:00<\/strong> civar\u0131nda <strong>adada elektrik kesintisi<\/strong> ile ilgili <strong>SCADA sistemine<\/strong> bilgi geldi ve k\u0131sa s\u00fcrede olaya <strong>hemen m\u00fcdahale<\/strong> edildi. Yap\u0131lan \u00e7al\u0131\u015fmalar sonucu b\u00f6lgeden ge\u00e7en bir geminin \u00e7apa atmas\u0131 sonucu <strong>Av\u015fa ve anakaradan Marmara Adas\u0131\u2019na<\/strong> giden denizin alt\u0131ndaki toplamda <strong>3 kablomuzda<\/strong> hasar olu\u015ftu\u011funu tespit ettik. Herhangi bir ma\u011fduriyet ya\u015fanmamas\u0131 i\u00e7in sevkiyat\u0131n\u0131 ger\u00e7ekle\u015ftirdi\u011fimiz jenerat\u00f6rlerle <strong>31 Aral\u0131k g\u00fcn\u00fc<\/strong> adaya enerji verdik\u201d dedi.<\/p>\n<p><strong>G\u00f6kay Fatih Danac\u0131<\/strong>, \u201cT\u00fcm bu s\u00fcre\u00e7te hava ve deniz ko\u015fullar\u0131n\u0131n uygun hale gelmesiyle birlikte \u00f6zel ekipmanlar ve <strong>25 ki\u015filik ekibimizle<\/strong> kablolar\u0131n onar\u0131m i\u015flemine ba\u015flad\u0131k. \u0130lk tamirimizi <strong>13 Ocak\u2019ta<\/strong> ger\u00e7ekle\u015ftirerek, <strong>normal jenerat\u00f6rlerin d\u0131\u015f\u0131nda<\/strong> adan\u0131n tamam\u0131na <strong>ana karadan enerjiyi<\/strong> temin ettik. 3 \u015eubat itibariyle <strong>3 kablomuzun da tamirini<\/strong> ger\u00e7ekle\u015ftirerek, <strong>onar\u0131m i\u015flemlerini<\/strong> tamamlam\u0131\u015f olduk. Bu s\u00fcre\u00e7te ba\u015fta Enerji ve Tabii Kaynaklar Bakanl\u0131\u011f\u0131m\u0131za, Kaymakaml\u0131\u011fa ,Belediyeye, y\u00f6re halk\u0131na ve t\u00fcm ekibimize yard\u0131mlar\u0131ndan ve katk\u0131lar\u0131ndan dolay\u0131 te\u015fekk\u00fcrlerimizi sunuyoruz\u201d ifadelerini kulland\u0131.<\/p>","protected":false},"excerpt":{"rendered":"<p>Sorry, this entry is only available in Turkish. For the sake of viewer convenience, the content is shown below in the alternative language. You may click the link to switch the active language. Limak Enerji\u00a0b\u00fcnyesinde elektrik da\u011f\u0131t\u0131m hizmeti veren UEDA\u015e\u2019\u0131n Marmara Adas\u0131\u2019nda y\u00fcr\u00fctt\u00fc\u011f\u00fc zorlu \u00e7al\u0131\u015fma tamamland\u0131. 29 Aral\u0131k 2019\u2019da meydana gelen kesinti sonras\u0131 deniz alt\u0131nda [&hellip;]<\/p>\n","protected":false},"author":1,"featured_media":107941,"comment_status":"open","ping_status":"open","sticky":false,"template":"","format":"standard","meta":[],"categories":[51,53],"tags":[52566,52674,52259,54987,2497,66558,2227,66559],"views":152,"_links":{"self":[{"href":"https:\/\/www.enerjigazetesi.ist\/en\/wp-json\/wp\/v2\/posts\/107938"}],"collection":[{"href":"https:\/\/www.enerjigazetesi.ist\/en\/wp-json\/wp\/v2\/posts"}],"about":[{"href":"https:\/\/www.enerjigazetesi.ist\/en\/wp-json\/wp\/v2\/types\/post"}],"author":[{"embeddable":true,"href":"https:\/\/www.enerjigazetesi.ist\/en\/wp-json\/wp\/v2\/users\/1"}],"replies":[{"embeddable":true,"href":"https:\/\/www.enerjigazetesi.ist\/en\/wp-json\/wp\/v2\/comments?post=107938"}],"version-history":[{"count":0,"href":"https:\/\/www.enerjigazetesi.ist\/en\/wp-json\/wp\/v2\/posts\/107938\/revisions"}],"wp:featuredmedia":[{"embeddable":true,"href":"https:\/\/www.enerjigazetesi.ist\/en\/wp-json\/wp\/v2\/media\/107941"}],"wp:attachment":[{"href":"https:\/\/www.enerjigazetesi.ist\/en\/wp-json\/wp\/v2\/media?parent=107938"}],"wp:term":[{"taxonomy":"category","embeddable":true,"href":"https:\/\/www.enerjigazetesi.ist\/en\/wp-json\/wp\/v2\/categories?post=107938"},{"taxonomy":"post_tag","embeddable":true,"href":"https:\/\/www.enerjigazetesi.ist\/en\/wp-json\/wp\/v2\/tags?post=107938"}],"curies":[{"name":"wp","href":"https:\/\/api.w.org\/{rel}","templated":true}]}}