{"id":107932,"date":"2020-02-06T17:19:38","date_gmt":"2020-02-06T14:19:38","guid":{"rendered":"https:\/\/www.enerjigazetesi.ist\/?p=107932"},"modified":"2020-02-06T17:24:09","modified_gmt":"2020-02-06T14:24:09","slug":"english-murat-savci-izocam-genel-direktoru-oldu","status":"publish","type":"post","link":"https:\/\/www.enerjigazetesi.ist\/en\/english-murat-savci-izocam-genel-direktoru-oldu\/","title":{"rendered":"(Turkish) &#8217;Murat Savc\u0131&#8217; \u0130zocam Genel Direkt\u00f6r\u00fc Oldu"},"content":{"rendered":"<p class=\"qtranxs-available-languages-message qtranxs-available-languages-message-en\">Sorry, this entry is only available in <a href=\"https:\/\/www.enerjigazetesi.ist\/tr\/wp-json\/wp\/v2\/posts\/107932\" class=\"qtranxs-available-language-link qtranxs-available-language-link-tr\" title=\"Turkish\">Turkish<\/a>. For the sake of viewer convenience, the content is shown below in the alternative language. You may click the link to switch the active language.<\/p><p><\/p>\n<h1>T\u00fcrkiye\u2019de 1965 y\u0131l\u0131ndan bu yana yal\u0131t\u0131m sekt\u00f6r\u00fcnde faaliyet g\u00f6steren, 2006 y\u0131l\u0131ndan beri Frans\u0131z Saint-Gobain Grubu ve Kuveyt Alghanim Grubu ortakl\u0131\u011f\u0131 ile faaliyetlerini s\u00fcrd\u00fcren \u0130zocam Ticaret ve Sanayi A.\u015e.\u2019nin Genel Direkt\u00f6rl\u00fck g\u00f6revine 03.02.2020 itibariyle Murat Savc\u0131 atand\u0131.<img loading=\"lazy\" class=\"alignright wp-image-107934\" src=\"https:\/\/www.enerjigazetesi.ist\/wp-content\/uploads\/2020\/02\/murat-savci-izocam-genel-direktoru-oldu.jpg\" alt=\"\" width=\"320\" height=\"299\" srcset=\"https:\/\/www.enerjigazetesi.ist\/wp-content\/uploads\/2020\/02\/murat-savci-izocam-genel-direktoru-oldu.jpg 523w, https:\/\/www.enerjigazetesi.ist\/wp-content\/uploads\/2020\/02\/murat-savci-izocam-genel-direktoru-oldu-300x280.jpg 300w, https:\/\/www.enerjigazetesi.ist\/wp-content\/uploads\/2020\/02\/murat-savci-izocam-genel-direktoru-oldu-429x400.jpg 429w, https:\/\/www.enerjigazetesi.ist\/wp-content\/uploads\/2020\/02\/murat-savci-izocam-genel-direktoru-oldu-54x50.jpg 54w\" sizes=\"(max-width: 320px) 100vw, 320px\" \/><\/h1>\n<p><strong>1967 y\u0131l\u0131nda<\/strong> Adana\u2019da do\u011fan <em>Murat Savc\u0131<\/em>, <strong>1985\u2019de<\/strong> <strong>Tarsus Amerikan Koleji<\/strong>\u2019nden ve <strong>1990\u2019da<\/strong> \u0130T\u00dc <strong>\u0130n\u015faat M\u00fchendisli\u011fi<\/strong> b\u00f6l\u00fcm\u00fcnden mezun oldu. <strong>1991-1994 y\u0131llar\u0131<\/strong> aras\u0131nda <strong>Almanya Dortmund Teknik \u00dcniversitesi\u2019nde<\/strong> in\u015faat ekonomisi ve hukuku konular\u0131nda master yapt\u0131 ve ayn\u0131 d\u00f6nemde \u00dcniversite\u2019de <strong>in\u015faat fizi\u011fi alan\u0131nda asistan<\/strong> olarak g\u00f6rev ald\u0131.<\/p>\n<p><strong>1994 y\u0131l\u0131nda<\/strong> Almanya\u2019da i\u015f hayat\u0131na ba\u015flayan <strong>Murat Savc\u0131<\/strong>, <strong>1994 &#8211; 2005 y\u0131llar\u0131<\/strong> aras\u0131nda \u00e7e\u015fitli Alman \u015firketlerinde ve in\u015faat gruplar\u0131nda <strong>Proje M\u00fcd\u00fcrl\u00fc\u011f\u00fc<\/strong> g\u00f6revini \u00fcstlendi. Savc\u0131, <strong>2005 y\u0131l\u0131nda<\/strong> T\u00fcrkiye\u2019ye d\u00f6nerek kurucusu oldu\u011fu in\u015faat \u015firketinde <strong>2005-2007 y\u0131llar\u0131<\/strong> aras\u0131nda <strong>Genel M\u00fcd\u00fcr<\/strong> olarak g\u00f6rev yapt\u0131. <strong>2007-2012 y\u0131llar\u0131<\/strong> aras\u0131nda ise Avusturya merkezli <strong>Baumit firmas\u0131n\u0131n<\/strong> T\u00fcrkiye <strong>Genel M\u00fcd\u00fcrl\u00fc\u011f\u00fc<\/strong> g\u00f6revini \u00fcstlendi.<\/p>\n<p>2012-2019 y\u0131llar\u0131 aras\u0131nda <strong>Koramic Yap\u0131 Kimyasallar\u0131 A.\u015e.<\/strong>\u2019de Y\u00f6netim Kurulu Ba\u015fkan\u0131 olarak g\u00f6rev alan Savc\u0131, ayn\u0131 d\u00f6nemde <strong>Bel\u00e7ika merkezli<\/strong> global end\u00fcstri grubu <strong>Koramic Chemicals NV<\/strong>\u2019de Y\u00f6netim Kurulu \u00fcyesi ve Grup \u015eirketlerinden Sorumlu Ba\u015fkan Yard\u0131mc\u0131s\u0131 g\u00f6revlerini ba\u015far\u0131 ile y\u00fcr\u00fctt\u00fc.<\/p>\n<p><strong>2009 \u2013 2017 y\u0131llar\u0131<\/strong> aras\u0131nda <strong>\u0130ZODER<\/strong> Y\u00f6netim Kurulu \u00fcyeli\u011fi yapm\u0131\u015f olan <strong>Murat Savc\u0131<\/strong>, evli ve 1 \u00e7ocuk babas\u0131d\u0131r. \u00c7ok iyi derecede <strong>\u0130ngilizce <\/strong>ve<strong> Almanca<\/strong> bilmektedir.<\/p>","protected":false},"excerpt":{"rendered":"<p>Sorry, this entry is only available in Turkish. For the sake of viewer convenience, the content is shown below in the alternative language. You may click the link to switch the active language. T\u00fcrkiye\u2019de 1965 y\u0131l\u0131ndan bu yana yal\u0131t\u0131m sekt\u00f6r\u00fcnde faaliyet g\u00f6steren, 2006 y\u0131l\u0131ndan beri Frans\u0131z Saint-Gobain Grubu ve Kuveyt Alghanim Grubu ortakl\u0131\u011f\u0131 ile faaliyetlerini [&hellip;]<\/p>\n","protected":false},"author":1,"featured_media":107934,"comment_status":"open","ping_status":"open","sticky":false,"template":"","format":"standard","meta":[],"categories":[53,52],"tags":[66555,52259,58103,66556,6254,66551,675,66553,66554,66550,66557,66552,66549,52464],"views":135,"_links":{"self":[{"href":"https:\/\/www.enerjigazetesi.ist\/en\/wp-json\/wp\/v2\/posts\/107932"}],"collection":[{"href":"https:\/\/www.enerjigazetesi.ist\/en\/wp-json\/wp\/v2\/posts"}],"about":[{"href":"https:\/\/www.enerjigazetesi.ist\/en\/wp-json\/wp\/v2\/types\/post"}],"author":[{"embeddable":true,"href":"https:\/\/www.enerjigazetesi.ist\/en\/wp-json\/wp\/v2\/users\/1"}],"replies":[{"embeddable":true,"href":"https:\/\/www.enerjigazetesi.ist\/en\/wp-json\/wp\/v2\/comments?post=107932"}],"version-history":[{"count":3,"href":"https:\/\/www.enerjigazetesi.ist\/en\/wp-json\/wp\/v2\/posts\/107932\/revisions"}],"predecessor-version":[{"id":107936,"href":"https:\/\/www.enerjigazetesi.ist\/en\/wp-json\/wp\/v2\/posts\/107932\/revisions\/107936"}],"wp:featuredmedia":[{"embeddable":true,"href":"https:\/\/www.enerjigazetesi.ist\/en\/wp-json\/wp\/v2\/media\/107934"}],"wp:attachment":[{"href":"https:\/\/www.enerjigazetesi.ist\/en\/wp-json\/wp\/v2\/media?parent=107932"}],"wp:term":[{"taxonomy":"category","embeddable":true,"href":"https:\/\/www.enerjigazetesi.ist\/en\/wp-json\/wp\/v2\/categories?post=107932"},{"taxonomy":"post_tag","embeddable":true,"href":"https:\/\/www.enerjigazetesi.ist\/en\/wp-json\/wp\/v2\/tags?post=107932"}],"curies":[{"name":"wp","href":"https:\/\/api.w.org\/{rel}","templated":true}]}}