{"id":107877,"date":"2020-02-05T21:23:58","date_gmt":"2020-02-05T18:23:58","guid":{"rendered":"https:\/\/www.enerjigazetesi.ist\/?p=107877"},"modified":"2020-02-05T21:29:18","modified_gmt":"2020-02-05T18:29:18","slug":"toyota-enerji-uretimi-ni-yenilenebilir-den-yana-kullandi","status":"publish","type":"post","link":"https:\/\/www.enerjigazetesi.ist\/en\/toyota-enerji-uretimi-ni-yenilenebilir-den-yana-kullandi\/","title":{"rendered":"(Turkish) &#8217;Toyota&#8217; Enerji \u00dcretimini Yenilenebilir&#8217;den Yana Kulland\u0131!"},"content":{"rendered":"<p class=\"qtranxs-available-languages-message qtranxs-available-languages-message-en\">Sorry, this entry is only available in <a href=\"https:\/\/www.enerjigazetesi.ist\/tr\/wp-json\/wp\/v2\/posts\/107877\" class=\"qtranxs-available-language-link qtranxs-available-language-link-tr\" title=\"Turkish\">Turkish<\/a>. For the sake of viewer convenience, the content is shown below in the alternative language. You may click the link to switch the active language.<\/p><p><\/p>\n<h1>Toyota 2019 y\u0131l\u0131 \u00fcretimlerinde tercihini % 100 yenilenebilir enerjiden yana kulland\u0131.<\/h1>\n<p>2050 vizyonu &#8216;Do\u011fa Dostu&#8217; \u00fczerine kurulu olan Toyota, 2019 Avrupa \u00fcretimlerinde; <strong>9<\/strong> \u00fcretim tesisi,<strong> 29<\/strong> distrib\u00fct\u00f6r\u00fc, <strong>4 ofis<\/strong>, <strong>1 AR-GE merkezi<\/strong> ile <strong>21 lojistik<\/strong> biriminde <strong>%100 yenilenebilir enerji kullan\u0131m\u0131<\/strong> ger\u00e7ekle\u015ftirdi. Bu proje ile\u00a0<strong>g\u00fcne\u015f panelleri, r\u00fczgar g\u00fclleri, yel de\u011firmenlerinden\u00a0<\/strong>sa\u011flanan enerji kullan\u0131ld\u0131.<\/p>\n<p><strong><img loading=\"lazy\" class=\"alignright wp-image-107912\" src=\"https:\/\/www.enerjigazetesi.ist\/wp-content\/uploads\/2020\/02\/toyota-enerji-uretimi-ni-yenilenebilir-den-yana-kullandi.jpg\" alt=\"\" width=\"320\" height=\"197\" srcset=\"https:\/\/www.enerjigazetesi.ist\/wp-content\/uploads\/2020\/02\/toyota-enerji-uretimi-ni-yenilenebilir-den-yana-kullandi.jpg 827w, https:\/\/www.enerjigazetesi.ist\/wp-content\/uploads\/2020\/02\/toyota-enerji-uretimi-ni-yenilenebilir-den-yana-kullandi-300x185.jpg 300w, https:\/\/www.enerjigazetesi.ist\/wp-content\/uploads\/2020\/02\/toyota-enerji-uretimi-ni-yenilenebilir-den-yana-kullandi-768x474.jpg 768w, https:\/\/www.enerjigazetesi.ist\/wp-content\/uploads\/2020\/02\/toyota-enerji-uretimi-ni-yenilenebilir-den-yana-kullandi-500x308.jpg 500w, https:\/\/www.enerjigazetesi.ist\/wp-content\/uploads\/2020\/02\/toyota-enerji-uretimi-ni-yenilenebilir-den-yana-kullandi-80x50.jpg 80w\" sizes=\"(max-width: 320px) 100vw, 320px\" \/>Toyota Motor Europe<\/strong> Ba\u015fkan\u0131 ve CEO&#8217;su <strong>Dr. Johan van Zyl<\/strong>, Avrupa\u00a0 \u00fcretimlerinde % 100 <strong>yenilenebilir enerji kullan\u0131m\u0131<\/strong>n\u0131n Toyota&#8217;n\u0131n<strong> 2050 \u00c7evre Hedefi<\/strong> i\u00e7in b\u00fcy\u00fck \u00f6nem ta\u015f\u0131d\u0131\u011f\u0131n\u0131 vurgulayarak, &#8220;\u0130nsanlar\u0131n ve t\u00fcketicilerin <strong>Toyota&#8217;y\u0131 desteklemeye devam etmesini\u00a0<\/strong>istiyorsak Avrupa&#8217;da bu tarz s\u00fcrd\u00fcr\u00fclebilir operasyonlara sahip\u00a0 olmam\u0131z \u00e7ok \u00f6nemli. <strong>Hibrit ara\u00e7lar<\/strong>\u0131m\u0131z\u0131n pazardaki ba\u015far\u0131s\u0131 sayesinde, <strong>Avrupa Birli\u011fi&#8217;nin<\/strong> direktifi olan <strong>CO2 emisyon hedeflerini<\/strong> kar\u015f\u0131lamak\u00a0 \u00fczereyiz. \u00c7evre s\u00f6z konusu oldu\u011funda <strong>360 derece bir yakla\u015f\u0131m\u0131\u00a0<\/strong>benimsiyoruz ve <strong>ara\u00e7 emisyonlar\u0131n\u0131n \u00f6tesine ge\u00e7meyi<\/strong> hedefliyoruz.&#8221;dedi.<\/p>\n<p>Toyota, \u00fcretimlerindeki <strong>toplam enerji t\u00fcketimini d\u00fc\u015f\u00fcrme<\/strong> amac\u0131 ile birlikte elektrik talebindeki <strong>karbon t\u00fcketimini de azaltmak<\/strong> i\u00e7in \u00e7al\u0131\u015fmalar\u0131na devam ediyor. <strong>2013&#8217;ten g\u00fcn\u00fcm\u00fcze<\/strong> ara\u00e7lar\u0131ndaki harcanan enerji miktar\u0131n\u0131 <strong>% 18<\/strong> azaltan Toyota, \u00fcretilen ara\u00e7 ba\u015f\u0131na <strong>2,3 MWh enerji t\u00fcketimi<\/strong> ile sekt\u00f6r ortalamas\u0131n\u0131n <strong>% 48 alt\u0131nda<\/strong> kalmay\u0131 ba\u015fard\u0131. \u0130laveten; Toyota <strong>% 100<\/strong> yenilenebilir elektrik elde etmeye ve (\u015firketin destek operasyonlar\u0131 ve \u00fcretim tesislerini de kapsayarak ) t\u00fcm ara\u00e7 ya\u015fam d\u00f6ng\u00fcs\u00fcn\u00fcn <strong>CO2 emisyonlar\u0131n\u0131 ortadan kald\u0131rmay\u0131<\/strong> ama\u00e7layan <strong>2&#8217;inci A\u015fama<\/strong> (Ya\u015fam D\u00f6ng\u00fcs\u00fc S\u0131f\u0131r CO2 Emisyonlar\u0131) ve<strong> 3&#8217;\u00fcnc\u00fc A\u015fama<\/strong> (\u00dcretim Tesisi S\u0131f\u0131r CO2 Emisyonlar\u0131) hedeflerine katk\u0131da bulunuyor.<\/p>\n<p><strong>Toyota<\/strong> yenilenebilir enerji hedefine y\u00f6nelik <strong>Kartal&#8217;daki Genel M\u00fcd\u00fcrl\u00fck<\/strong> yerle\u015fkesi ve<strong> Orhanl\u0131&#8217;da\u00a0 bulunan Yedek Par\u00e7a ve E\u011fitim Merkezi&#8217;nde<\/strong> uluslararas\u0131<strong> I-REC (Go0)<\/strong> sertifikal\u0131 <strong>% 100 yenilenebilir enerji kullan\u0131m\u0131na<\/strong> ba\u015flayarak sekt\u00f6r\u00fcnde bir ilke imzas\u0131n\u0131 atm\u0131\u015f oldu.<\/p>\n<p>G\u00f6k\u00e7e USLU \u2013\u00a0Mu\u011fla S\u0131tk\u0131 Ko\u00e7man \u00dcniversitesi \u2013 Enerji Sis. M\u00fchendisli\u011fi \u2013\u00a0<a href=\"mailto:gkce315@gmail.com\" target=\"_blank\" rel=\"noopener\">gkce315@gmail.com<\/a><\/p>","protected":false},"excerpt":{"rendered":"<p>Sorry, this entry is only available in Turkish. For the sake of viewer convenience, the content is shown below in the alternative language. You may click the link to switch the active language. Toyota 2019 y\u0131l\u0131 \u00fcretimlerinde tercihini % 100 yenilenebilir enerjiden yana kulland\u0131. 2050 vizyonu &#8216;Do\u011fa Dostu&#8217; \u00fczerine kurulu olan Toyota, 2019 Avrupa \u00fcretimlerinde; [&hellip;]<\/p>\n","protected":false},"author":19,"featured_media":107912,"comment_status":"open","ping_status":"open","sticky":false,"template":"","format":"standard","meta":[],"categories":[51,53,52,49],"tags":[66529,52259,2384,66289,53157,66531,66539,66532,54920,53282,66536,57125,66535,66534,66538,66533,66537,66530,56304],"views":209,"_links":{"self":[{"href":"https:\/\/www.enerjigazetesi.ist\/en\/wp-json\/wp\/v2\/posts\/107877"}],"collection":[{"href":"https:\/\/www.enerjigazetesi.ist\/en\/wp-json\/wp\/v2\/posts"}],"about":[{"href":"https:\/\/www.enerjigazetesi.ist\/en\/wp-json\/wp\/v2\/types\/post"}],"author":[{"embeddable":true,"href":"https:\/\/www.enerjigazetesi.ist\/en\/wp-json\/wp\/v2\/users\/19"}],"replies":[{"embeddable":true,"href":"https:\/\/www.enerjigazetesi.ist\/en\/wp-json\/wp\/v2\/comments?post=107877"}],"version-history":[{"count":0,"href":"https:\/\/www.enerjigazetesi.ist\/en\/wp-json\/wp\/v2\/posts\/107877\/revisions"}],"wp:featuredmedia":[{"embeddable":true,"href":"https:\/\/www.enerjigazetesi.ist\/en\/wp-json\/wp\/v2\/media\/107912"}],"wp:attachment":[{"href":"https:\/\/www.enerjigazetesi.ist\/en\/wp-json\/wp\/v2\/media?parent=107877"}],"wp:term":[{"taxonomy":"category","embeddable":true,"href":"https:\/\/www.enerjigazetesi.ist\/en\/wp-json\/wp\/v2\/categories?post=107877"},{"taxonomy":"post_tag","embeddable":true,"href":"https:\/\/www.enerjigazetesi.ist\/en\/wp-json\/wp\/v2\/tags?post=107877"}],"curies":[{"name":"wp","href":"https:\/\/api.w.org\/{rel}","templated":true}]}}