{"id":107821,"date":"2020-02-04T18:56:42","date_gmt":"2020-02-04T15:56:42","guid":{"rendered":"https:\/\/www.enerjigazetesi.ist\/?p=107821"},"modified":"2020-02-04T18:56:42","modified_gmt":"2020-02-04T15:56:42","slug":"abp-artik-komur-yerine-yenilenebilir-enerjiye-yatirim-yapacak","status":"publish","type":"post","link":"https:\/\/www.enerjigazetesi.ist\/en\/abp-artik-komur-yerine-yenilenebilir-enerjiye-yatirim-yapacak\/","title":{"rendered":"(Turkish) ABP Art\u0131k K\u00f6m\u00fcr Yerine Yenilenebilir Enerjiye Yat\u0131r\u0131m Yapacak"},"content":{"rendered":"<p class=\"qtranxs-available-languages-message qtranxs-available-languages-message-en\">Sorry, this entry is only available in <a href=\"https:\/\/www.enerjigazetesi.ist\/tr\/wp-json\/wp\/v2\/posts\/107821\" class=\"qtranxs-available-language-link qtranxs-available-language-link-tr\" title=\"Turkish\">Turkish<\/a>. For the sake of viewer convenience, the content is shown below in the alternative language. You may click the link to switch the active language.<\/p><p><\/p>\n<h1>Hollanda&#8217;l\u0131 emeklilik fonu ABP taraf\u0131ndan \u00f6n\u00fcm\u00fczdeki 5 y\u0131l i\u00e7inde k\u00f6m\u00fcr ve katranl\u0131 kum yat\u0131r\u0131mlar\u0131ndan \u00e7\u0131k\u0131larak temiz ve <em><img loading=\"lazy\" class=\"alignright wp-image-107824\" src=\"https:\/\/www.enerjigazetesi.ist\/wp-content\/uploads\/2020\/02\/abp-artik-komur-yerine-yenilenebilir-enerjiye-yatirim-yapacak.jpg\" alt=\"\" width=\"320\" height=\"188\" srcset=\"https:\/\/www.enerjigazetesi.ist\/wp-content\/uploads\/2020\/02\/abp-artik-komur-yerine-yenilenebilir-enerjiye-yatirim-yapacak.jpg 512w, https:\/\/www.enerjigazetesi.ist\/wp-content\/uploads\/2020\/02\/abp-artik-komur-yerine-yenilenebilir-enerjiye-yatirim-yapacak-300x176.jpg 300w, https:\/\/www.enerjigazetesi.ist\/wp-content\/uploads\/2020\/02\/abp-artik-komur-yerine-yenilenebilir-enerjiye-yatirim-yapacak-500x293.jpg 500w, https:\/\/www.enerjigazetesi.ist\/wp-content\/uploads\/2020\/02\/abp-artik-komur-yerine-yenilenebilir-enerjiye-yatirim-yapacak-80x47.jpg 80w\" sizes=\"(max-width: 320px) 100vw, 320px\" \/><\/em>yenilenebilir enerji firmalar\u0131na 5 milyar dolarl\u0131k bir yat\u0131r\u0131m ger\u00e7ekle\u015ftirilecek.<\/h1>\n<p><em>Varl\u0131k portf\u00f6y\u00fcn\u00fcn<\/em><strong> karbon ayak izini<\/strong> 2025 y\u0131l\u0131na kadar <strong>2015 y\u0131l\u0131na<\/strong> g\u00f6re <strong>% 40<\/strong> azaltma hedefine sahip <strong>Hollanda&#8217;n\u0131n emeklilik fonu<\/strong> olan ABP, bu \u00e7er\u00e7evede <strong>fosil yak\u0131t yat\u0131r\u0131mlar\u0131n\u0131<\/strong> azaltacak. Daha \u00f6nceden yap\u0131lan a\u00e7\u0131klamada, <strong>varl\u0131k portf\u00f6y\u00fcn\u00fcn ayak izini<\/strong> bu y\u0131l <strong>2015 y\u0131l\u0131na<\/strong>\u00a0g\u00f6re<strong> % 25 azaltma<\/strong> hedefi belirlediklerini a\u00e7\u0131klayan ABP, <strong>2030 y\u0131l\u0131na kadar<\/strong> <em>k\u00f6m\u00fcr ve katranl\u0131 kum yat\u0131r\u0131mlar\u0131<\/em>ndan \u00e7\u0131kacak.<\/p>\n<p><strong>ABP<\/strong>, gelecek <strong>5 y\u0131l i\u00e7inde<\/strong> ise <em>s\u00fcrd\u00fcr\u00fclebilir enerji \u015firketlerine<\/em> <strong>5 milyar dolar yat\u0131r\u0131m<\/strong> yapmay\u0131 ama\u00e7larken \u015fu anda ise\u00a0<strong>10 milyar dolar yat\u0131r\u0131m<\/strong> yapm\u0131\u015f durumda olup <b>\u015fu anda<\/b>\u00a0Hollandal\u0131 memurlar\u0131n <strong>465 milyar euro b\u00fcy\u00fckl\u00fc\u011f\u00fcndeki<\/strong> varl\u0131klar\u0131n\u0131 y\u00f6netiyor.<\/p>","protected":false},"excerpt":{"rendered":"<p>Sorry, this entry is only available in Turkish. For the sake of viewer convenience, the content is shown below in the alternative language. You may click the link to switch the active language. Hollanda&#8217;l\u0131 emeklilik fonu ABP taraf\u0131ndan \u00f6n\u00fcm\u00fczdeki 5 y\u0131l i\u00e7inde k\u00f6m\u00fcr ve katranl\u0131 kum yat\u0131r\u0131mlar\u0131ndan \u00e7\u0131k\u0131larak temiz ve yenilenebilir enerji firmalar\u0131na 5 milyar [&hellip;]<\/p>\n","protected":false},"author":1,"featured_media":107824,"comment_status":"open","ping_status":"open","sticky":false,"template":"","format":"standard","meta":[],"categories":[51,53,49,24649,50],"tags":[66402,66409,66400,66401,37486,10842,66403,66405,66404,66407,61665,66399,66410,66406],"views":114,"_links":{"self":[{"href":"https:\/\/www.enerjigazetesi.ist\/en\/wp-json\/wp\/v2\/posts\/107821"}],"collection":[{"href":"https:\/\/www.enerjigazetesi.ist\/en\/wp-json\/wp\/v2\/posts"}],"about":[{"href":"https:\/\/www.enerjigazetesi.ist\/en\/wp-json\/wp\/v2\/types\/post"}],"author":[{"embeddable":true,"href":"https:\/\/www.enerjigazetesi.ist\/en\/wp-json\/wp\/v2\/users\/1"}],"replies":[{"embeddable":true,"href":"https:\/\/www.enerjigazetesi.ist\/en\/wp-json\/wp\/v2\/comments?post=107821"}],"version-history":[{"count":0,"href":"https:\/\/www.enerjigazetesi.ist\/en\/wp-json\/wp\/v2\/posts\/107821\/revisions"}],"wp:featuredmedia":[{"embeddable":true,"href":"https:\/\/www.enerjigazetesi.ist\/en\/wp-json\/wp\/v2\/media\/107824"}],"wp:attachment":[{"href":"https:\/\/www.enerjigazetesi.ist\/en\/wp-json\/wp\/v2\/media?parent=107821"}],"wp:term":[{"taxonomy":"category","embeddable":true,"href":"https:\/\/www.enerjigazetesi.ist\/en\/wp-json\/wp\/v2\/categories?post=107821"},{"taxonomy":"post_tag","embeddable":true,"href":"https:\/\/www.enerjigazetesi.ist\/en\/wp-json\/wp\/v2\/tags?post=107821"}],"curies":[{"name":"wp","href":"https:\/\/api.w.org\/{rel}","templated":true}]}}