{"id":107768,"date":"2020-02-04T15:22:05","date_gmt":"2020-02-04T12:22:05","guid":{"rendered":"https:\/\/www.enerjigazetesi.ist\/?p=107768"},"modified":"2020-02-04T15:22:34","modified_gmt":"2020-02-04T12:22:34","slug":"legrand-turkiye-lise-ve-universite-ogrencilerini-is-hayatina-hazirliyor","status":"publish","type":"post","link":"https:\/\/www.enerjigazetesi.ist\/en\/legrand-turkiye-lise-ve-universite-ogrencilerini-is-hayatina-hazirliyor\/","title":{"rendered":"(Turkish) &#8217;Legrand T\u00fcrkiye&#8217; Lise ve \u00dcniversite \u00d6\u011frencilerini \u0130\u015f Hayat\u0131na Haz\u0131rl\u0131yor"},"content":{"rendered":"<p class=\"qtranxs-available-languages-message qtranxs-available-languages-message-en\">Sorry, this entry is only available in <a href=\"https:\/\/www.enerjigazetesi.ist\/tr\/wp-json\/wp\/v2\/posts\/107768\" class=\"qtranxs-available-language-link qtranxs-available-language-link-tr\" title=\"Turkish\">Turkish<\/a>. For the sake of viewer convenience, the content is shown below in the alternative language. You may click the link to switch the active language.<\/p><p><\/p>\n<h1><strong>Legrand T\u00fcrkiye, her y<\/strong><strong>\u0131<\/strong><strong>l pazarlama b<\/strong><strong>\u00f6<\/strong><strong>l<\/strong><strong>\u00fc<\/strong><strong>m<\/strong><strong>\u00fc<\/strong><strong> olarak meslek lisesi ve <\/strong><strong>\u00fc<\/strong><strong>niversite <\/strong><strong>\u00f6<\/strong><strong>\u011f<\/strong><strong>rencilerine <\/strong><strong>\u201c<\/strong><strong>Teknik E<\/strong><strong>\u011f<\/strong><strong>itime Destek<\/strong><strong>\u201d<\/strong><strong> projesi kapsam<\/strong><strong>\u0131<\/strong><strong>nda teknik e<\/strong><strong>\u011f<\/strong><strong>itimler ve <\/strong><strong>\u00fc<\/strong><strong>r<\/strong><strong>\u00fc<\/strong><strong>n deste<\/strong><strong>\u011f<\/strong><strong>i sa<\/strong><strong>\u011f<\/strong><strong>l<\/strong><strong>\u0131<\/strong><strong>yor. Bu e<\/strong><strong>\u011f<\/strong><strong>itimler ve destekler \u00f6<\/strong><strong>\u011f<\/strong><strong>rencilerin yeni geli<\/strong><strong>\u015f<\/strong><strong>en teknolojiyi tan<\/strong><strong>\u0131<\/strong><strong>mas<\/strong><strong>\u0131<\/strong><strong>n<\/strong><strong>\u0131<\/strong><strong>, kullanmas<\/strong><strong>\u0131<\/strong><strong>n<\/strong><strong>\u0131<\/strong><strong> ve i<\/strong><strong>\u015f<\/strong><strong> hayatlar<\/strong><strong>\u0131<\/strong><strong>nda daha donan<\/strong><strong>\u0131<\/strong><strong>ml<\/strong><strong>\u0131<\/strong><strong> bireyler olmas<\/strong><strong>\u0131<\/strong><strong>n<\/strong><strong>\u0131<\/strong><strong> kolayla<\/strong><strong>\u015f<\/strong><strong>t<\/strong><strong>\u0131<\/strong><strong>r<\/strong><strong>\u0131<\/strong><strong>yor.<img loading=\"lazy\" class=\"alignright wp-image-107773\" src=\"https:\/\/www.enerjigazetesi.ist\/wp-content\/uploads\/2020\/02\/legrand-turkiye-lise-ve-universite-ogrencilerini-is-hayatina-hazirliyor-2-1024x1024.jpg\" alt=\"\" width=\"320\" height=\"320\" srcset=\"https:\/\/www.enerjigazetesi.ist\/wp-content\/uploads\/2020\/02\/legrand-turkiye-lise-ve-universite-ogrencilerini-is-hayatina-hazirliyor-2-1024x1024.jpg 1024w, https:\/\/www.enerjigazetesi.ist\/wp-content\/uploads\/2020\/02\/legrand-turkiye-lise-ve-universite-ogrencilerini-is-hayatina-hazirliyor-2-150x150.jpg 150w, https:\/\/www.enerjigazetesi.ist\/wp-content\/uploads\/2020\/02\/legrand-turkiye-lise-ve-universite-ogrencilerini-is-hayatina-hazirliyor-2-300x300.jpg 300w, https:\/\/www.enerjigazetesi.ist\/wp-content\/uploads\/2020\/02\/legrand-turkiye-lise-ve-universite-ogrencilerini-is-hayatina-hazirliyor-2-768x768.jpg 768w, https:\/\/www.enerjigazetesi.ist\/wp-content\/uploads\/2020\/02\/legrand-turkiye-lise-ve-universite-ogrencilerini-is-hayatina-hazirliyor-2-400x400.jpg 400w, https:\/\/www.enerjigazetesi.ist\/wp-content\/uploads\/2020\/02\/legrand-turkiye-lise-ve-universite-ogrencilerini-is-hayatina-hazirliyor-2-50x50.jpg 50w, https:\/\/www.enerjigazetesi.ist\/wp-content\/uploads\/2020\/02\/legrand-turkiye-lise-ve-universite-ogrencilerini-is-hayatina-hazirliyor-2-100x100.jpg 100w, https:\/\/www.enerjigazetesi.ist\/wp-content\/uploads\/2020\/02\/legrand-turkiye-lise-ve-universite-ogrencilerini-is-hayatina-hazirliyor-2.jpg 1080w\" sizes=\"(max-width: 320px) 100vw, 320px\" \/><\/strong><\/h1>\n<p><strong>Elektrik altyap\u0131 ve tesisat\u0131nda<\/strong> d\u00fcnya lideri olan<strong> Legrand<\/strong>, yenilik\u00e7i \u00e7\u00f6z\u00fcmleriyle her alanda kolayl\u0131k ve ayr\u0131cal\u0131k sa\u011fl\u0131yor. Her y\u0131l oldu\u011fu gibi bu y\u0131l da <strong>\u201cTeknik E\u011fitime Destek\u201d projesi<\/strong> ile <strong>meslek lisesi ve \u00fcniversite \u00f6\u011frencilerini<\/strong> gelece\u011fe haz\u0131rlayan Legrand T\u00fcrkiye, <strong>3\u2019\u00fc<\/strong> \u00fcniversite <strong>12\u2019si<\/strong> meslek lisesi olmak \u00fczere <strong>15 okula<\/strong> e\u011fitim vererek toplamda <strong>516 \u00f6\u011frenciye<\/strong> ula\u015ft\u0131. Yap\u0131lan bu e\u011fitimler ile birlikte \u00f6\u011frencilerin <strong>pratik ve teorik a\u00e7\u0131dan<\/strong><em> e\u011fitilmesi ve i\u015f hayatlar\u0131nda<\/em> daha <strong>donan\u0131ml\u0131 bireyler<\/strong> olmalar\u0131 hedefleniyor.<\/p>\n<p><strong>E\u011fitimler, okul ve \u00fcniversiteleri<\/strong>n kendi yerle\u015fkelerinde ve \u0130nnoval e\u011fitim merkezi olmak \u00fczere farkl\u0131 lokasyonlarda ger\u00e7ekle\u015ftirdi\u011fini s\u00f6yleyen <strong>Legrand T\u00fcrkiye \u00dclke Pazarlama Direkt\u00f6r\u00fc G\u00fclsevin\u00e7 Sel\u00e7uk<\/strong>; \u201c<strong><em>Legrand T\u00fcrkiye E<\/em><\/strong><em><strong>\u011fitim Departman\u0131<\/strong> olarak \u00f6\u011frenciler ile <strong>teorik ve pratik \u00e7al\u0131\u015fmalar<\/strong>\u0131n\u0131n yan\u0131 s\u0131ra fabrika turlar\u0131 da yaparak \u00f6\u011frencileri i\u015f hayat\u0131na haz\u0131rl\u0131yor<u>uz. Ayr<\/u><u>\u0131ca bu teknik e\u011fitimler ile gelece\u011fin <strong>teknisyen ve m\u00fchendislerine<\/strong>, \u00fcr\u00fcnleri ve yeni geli\u015fen teknolojiyi tan\u0131t\u0131yoruz. B\u00f6ylelikle \u00f6\u011frenciler kat\u0131ld\u0131\u011f\u0131 e\u011fitimlerde, <strong>Legrand T\u00fcrkiye<\/strong> \u00fcr\u00fcn ve sistemleri ba\u015fl\u0131\u011f\u0131 alt\u0131nda <strong>al\u00e7ak gerilim koruma pazar\u0131 \u00fcr\u00fcn ve \u00e7\u00f6z\u00fcmleri, ev otomasyonu, interkom sistemleri ve yap\u0131sal kablolama<\/strong> \u00fcst\u00fcne bilgile<\/u>r ediniyor. Bu bilgiler sayesinde <strong>\u00f6\u011frenciler, i\u015f hayatlar\u0131nda daha deneyimli ve ba\u015far\u0131ya<\/strong> \u00f6nceden imza atm\u0131\u015f oluyor.\u201d<\/em><\/p>","protected":false},"excerpt":{"rendered":"<p>Sorry, this entry is only available in Turkish. For the sake of viewer convenience, the content is shown below in the alternative language. You may click the link to switch the active language. Legrand T\u00fcrkiye, her y\u0131l pazarlama b\u00f6l\u00fcm\u00fc olarak meslek lisesi ve \u00fcniversite \u00f6\u011frencilerine \u201cTeknik E\u011fitime Destek\u201d projesi kapsam\u0131nda teknik e\u011fitimler ve \u00fcr\u00fcn deste\u011fi [&hellip;]<\/p>\n","protected":false},"author":1,"featured_media":107774,"comment_status":"open","ping_status":"open","sticky":false,"template":"","format":"standard","meta":[],"categories":[51,53],"tags":[66344,66348,66345,52259,39269,51680,66349,64710,66342,1884,66350,66343,66347,66346],"views":128,"_links":{"self":[{"href":"https:\/\/www.enerjigazetesi.ist\/en\/wp-json\/wp\/v2\/posts\/107768"}],"collection":[{"href":"https:\/\/www.enerjigazetesi.ist\/en\/wp-json\/wp\/v2\/posts"}],"about":[{"href":"https:\/\/www.enerjigazetesi.ist\/en\/wp-json\/wp\/v2\/types\/post"}],"author":[{"embeddable":true,"href":"https:\/\/www.enerjigazetesi.ist\/en\/wp-json\/wp\/v2\/users\/1"}],"replies":[{"embeddable":true,"href":"https:\/\/www.enerjigazetesi.ist\/en\/wp-json\/wp\/v2\/comments?post=107768"}],"version-history":[{"count":0,"href":"https:\/\/www.enerjigazetesi.ist\/en\/wp-json\/wp\/v2\/posts\/107768\/revisions"}],"wp:featuredmedia":[{"embeddable":true,"href":"https:\/\/www.enerjigazetesi.ist\/en\/wp-json\/wp\/v2\/media\/107774"}],"wp:attachment":[{"href":"https:\/\/www.enerjigazetesi.ist\/en\/wp-json\/wp\/v2\/media?parent=107768"}],"wp:term":[{"taxonomy":"category","embeddable":true,"href":"https:\/\/www.enerjigazetesi.ist\/en\/wp-json\/wp\/v2\/categories?post=107768"},{"taxonomy":"post_tag","embeddable":true,"href":"https:\/\/www.enerjigazetesi.ist\/en\/wp-json\/wp\/v2\/tags?post=107768"}],"curies":[{"name":"wp","href":"https:\/\/api.w.org\/{rel}","templated":true}]}}