{"id":107736,"date":"2020-02-03T20:21:41","date_gmt":"2020-02-03T17:21:41","guid":{"rendered":"https:\/\/www.enerjigazetesi.ist\/?p=107736"},"modified":"2020-02-03T20:27:09","modified_gmt":"2020-02-03T17:27:09","slug":"2019-da-enerji-sektoru-yurt-ici-uretici-fiyat-endeksindeki-artis-yuzde-13-75-oldu","status":"publish","type":"post","link":"https:\/\/www.enerjigazetesi.ist\/en\/2019-da-enerji-sektoru-yurt-ici-uretici-fiyat-endeksindeki-artis-yuzde-13-75-oldu\/","title":{"rendered":"(Turkish) 2019&#8217;da Enerji&#8217;de Yurt \u0130\u00e7i \u00dcretici Fiyat Endeksindeki Art\u0131\u015f % 13,75 Oldu"},"content":{"rendered":"<p class=\"qtranxs-available-languages-message qtranxs-available-languages-message-en\">Sorry, this entry is only available in <a href=\"https:\/\/www.enerjigazetesi.ist\/tr\/wp-json\/wp\/v2\/posts\/107736\" class=\"qtranxs-available-language-link qtranxs-available-language-link-tr\" title=\"Turkish\">Turkish<\/a>. For the sake of viewer convenience, the content is shown below in the alternative language. You may click the link to switch the active language.<\/p><p><\/p>\n<h1><strong>T\u00fcrkiye \u0130statistik Kurumu (T\u00dc\u0130K) taraf\u0131ndan Yurt i\u00e7i \u00fcretici fiyat endeksi (Y\u0130-\u00dcFE) 2020 Ocak verilerini yay\u0131nland\u0131. \u0130statistiklerde ayl\u0131k ve 2019 y\u0131l\u0131 verileri de <img loading=\"lazy\" class=\"alignright wp-image-107738\" src=\"https:\/\/www.enerjigazetesi.ist\/wp-content\/uploads\/2020\/02\/2019-da-enerji-sektoru-yurt-ici-uretici-fiyat-endeksindeki-artis-yuzde-13-75-oldu.jpg\" alt=\"\" width=\"320\" height=\"180\" srcset=\"https:\/\/www.enerjigazetesi.ist\/wp-content\/uploads\/2020\/02\/2019-da-enerji-sektoru-yurt-ici-uretici-fiyat-endeksindeki-artis-yuzde-13-75-oldu.jpg 600w, https:\/\/www.enerjigazetesi.ist\/wp-content\/uploads\/2020\/02\/2019-da-enerji-sektoru-yurt-ici-uretici-fiyat-endeksindeki-artis-yuzde-13-75-oldu-300x169.jpg 300w, https:\/\/www.enerjigazetesi.ist\/wp-content\/uploads\/2020\/02\/2019-da-enerji-sektoru-yurt-ici-uretici-fiyat-endeksindeki-artis-yuzde-13-75-oldu-500x281.jpg 500w, https:\/\/www.enerjigazetesi.ist\/wp-content\/uploads\/2020\/02\/2019-da-enerji-sektoru-yurt-ici-uretici-fiyat-endeksindeki-artis-yuzde-13-75-oldu-80x45.jpg 80w\" sizes=\"(max-width: 320px) 100vw, 320px\" \/>bulunmaktad\u0131r.<\/strong><\/h1>\n<p><strong>Yurt i\u00e7i \u00fcretici fiyat endeksi (Y\u0130-\u00dcFE)\u00a0<\/strong>(2003=100) <strong>2020 y\u0131l\u0131 Ocak<\/strong> ay\u0131nda bir \u00f6nceki aya g\u00f6re <strong>%1,84<\/strong>, bir \u00f6nceki y\u0131l\u0131n <strong>Aral\u0131k ay\u0131na<\/strong> g\u00f6re <strong>%1,84<\/strong>, bir \u00f6nceki y\u0131l\u0131n ayn\u0131 ay\u0131na g\u00f6re <strong>%8,84<\/strong> ve <strong>12 ayl\u0131k<\/strong> ortalamalara g\u00f6re <strong>%15,71<\/strong> art\u0131\u015f kaydetti.<\/p>\n<h2><em>Sanayinin d\u00f6rt ana sekt\u00f6r\u00fcnden elektrik ve gaz \u00fcretimi %13,07 artt\u0131<\/em><\/h2>\n<p>Sanayinin <strong>4 sekt\u00f6r\u00fcn\u00fcn<\/strong> y\u0131ll\u0131k de\u011fi\u015fimleri; <strong>madencilik ve ta\u015focak\u00e7\u0131l\u0131\u011f\u0131nda<\/strong> <em>%12,76<\/em>, imalatta <strong>%8,45<\/strong>,<strong> elektrik, gaz \u00fcretimi<\/strong> ve <strong>da\u011f\u0131t\u0131m\u0131nda<\/strong> <strong>%13,07<\/strong>, su temininde <strong>%4,27<\/strong> art\u0131\u015f olarak ger\u00e7ekle\u015fti.<\/p>\n<p><strong>Detayl\u0131 Bilgi \u0130\u00e7in:<\/strong><a href=\"http:\/\/www.tuik.gov.tr\/PreHaberBultenleri.do?id=33756\" target=\"_blank\" rel=\"noopener\">\u00a0http:\/\/www.tuik.gov.tr\/PreHaberBultenleri.do?id=33756<\/a> adresini ziyaret edebilirsiniz.<\/p>","protected":false},"excerpt":{"rendered":"<p>Sorry, this entry is only available in Turkish. For the sake of viewer convenience, the content is shown below in the alternative language. You may click the link to switch the active language. T\u00fcrkiye \u0130statistik Kurumu (T\u00dc\u0130K) taraf\u0131ndan Yurt i\u00e7i \u00fcretici fiyat endeksi (Y\u0130-\u00dcFE) 2020 Ocak verilerini yay\u0131nland\u0131. \u0130statistiklerde ayl\u0131k ve 2019 y\u0131l\u0131 verileri de [&hellip;]<\/p>\n","protected":false},"author":1,"featured_media":107738,"comment_status":"open","ping_status":"open","sticky":false,"template":"","format":"standard","meta":[],"categories":[46,51,53],"tags":[66310,12589,54036,52674,66311,52259,24907,54690,66312,66309],"views":151,"_links":{"self":[{"href":"https:\/\/www.enerjigazetesi.ist\/en\/wp-json\/wp\/v2\/posts\/107736"}],"collection":[{"href":"https:\/\/www.enerjigazetesi.ist\/en\/wp-json\/wp\/v2\/posts"}],"about":[{"href":"https:\/\/www.enerjigazetesi.ist\/en\/wp-json\/wp\/v2\/types\/post"}],"author":[{"embeddable":true,"href":"https:\/\/www.enerjigazetesi.ist\/en\/wp-json\/wp\/v2\/users\/1"}],"replies":[{"embeddable":true,"href":"https:\/\/www.enerjigazetesi.ist\/en\/wp-json\/wp\/v2\/comments?post=107736"}],"version-history":[{"count":0,"href":"https:\/\/www.enerjigazetesi.ist\/en\/wp-json\/wp\/v2\/posts\/107736\/revisions"}],"wp:featuredmedia":[{"embeddable":true,"href":"https:\/\/www.enerjigazetesi.ist\/en\/wp-json\/wp\/v2\/media\/107738"}],"wp:attachment":[{"href":"https:\/\/www.enerjigazetesi.ist\/en\/wp-json\/wp\/v2\/media?parent=107736"}],"wp:term":[{"taxonomy":"category","embeddable":true,"href":"https:\/\/www.enerjigazetesi.ist\/en\/wp-json\/wp\/v2\/categories?post=107736"},{"taxonomy":"post_tag","embeddable":true,"href":"https:\/\/www.enerjigazetesi.ist\/en\/wp-json\/wp\/v2\/tags?post=107736"}],"curies":[{"name":"wp","href":"https:\/\/api.w.org\/{rel}","templated":true}]}}