{"id":107654,"date":"2020-02-03T00:54:48","date_gmt":"2020-02-02T21:54:48","guid":{"rendered":"https:\/\/www.enerjigazetesi.ist\/?p=107654"},"modified":"2020-02-03T00:54:48","modified_gmt":"2020-02-02T21:54:48","slug":"turkiye-nin-enerji-bagimsizligindaki-anahtarin-yolu-gunes-enerjisi-nde","status":"publish","type":"post","link":"https:\/\/www.enerjigazetesi.ist\/en\/turkiye-nin-enerji-bagimsizligindaki-anahtarin-yolu-gunes-enerjisi-nde\/","title":{"rendered":"(Turkish) T\u00fcrkiye\u2019nin Enerji Ba\u011f\u0131ms\u0131zl\u0131\u011f\u0131ndaki Anahtar\u0131n Yolu &#8216;G\u00fcne\u015f Enerjisi&#8217;nde!"},"content":{"rendered":"<p class=\"qtranxs-available-languages-message qtranxs-available-languages-message-en\">Sorry, this entry is only available in <a href=\"https:\/\/www.enerjigazetesi.ist\/tr\/wp-json\/wp\/v2\/posts\/107654\" class=\"qtranxs-available-language-link qtranxs-available-language-link-tr\" title=\"Turkish\">Turkish<\/a>. For the sake of viewer convenience, the content is shown below in the alternative language. You may click the link to switch the active language.<\/p><p><\/p>\n<h1><strong>Enerji Ekonomisi ve Finansal Analiz Enstit\u00fcs\u00fc (IEEFA) taraf\u0131ndan bug\u00fcn yay\u0131mlanan rapora g\u00f6re, T\u00fcrkiye ek te\u015fviklerle mevcut destek mekanizmas\u0131n\u0131 g\u00fc\u00e7lendirerek g\u00fcne\u015f enerjisi sistemlerinin geri \u00f6deme s\u00fcresini bug\u00fcn 7 y\u0131la, 2030 y\u0131l\u0131 itibar\u0131yla ise 2 y\u0131la gerileyebilir.<\/strong><\/h1>\n<p><strong>Yeni Te\u015fvikler<\/strong> T\u00fcrkiye\u2019nin <strong>\u00c7at\u0131 Tipi G\u00fcne\u015f Enerjisi Sekt\u00f6r\u00fc<\/strong>n\u00fc Ayd\u0131nlat\u0131yor raporuna g\u00f6re, \u00e7at\u0131 pazar\u0131nda kurulum <strong>har\u00e7lar\u0131n\u0131n ve katma de\u011fer vergisinin<\/strong> kald\u0131r\u0131lmas\u0131 enerji ba\u011f\u0131ms\u0131zl\u0131\u011f\u0131na giden yolun \u00f6n\u00fcn\u00fc a\u00e7abilir. Ge\u00e7ti\u011fimiz y\u0131l <strong>saha tipi g\u00fcne\u015f kurulumlar\u0131nda<\/strong> h\u0131zl\u0131 bir art\u0131\u015f ya\u015fayan <strong>T\u00fcrkiye\u2019nin<\/strong> g\u00fcne\u015f enerjisi potansiyeli, <strong>Avrupa pazar\u0131n\u0131n<\/strong> \u00f6nde gelen \u00fclkeleri <strong>Almanya ve \u0130ngiltere<\/strong>\u2019nin olduk\u00e7a \u00fczerinde.<\/p>\n<p><strong><img loading=\"lazy\" class=\"alignright wp-image-107657\" src=\"https:\/\/www.enerjigazetesi.ist\/wp-content\/uploads\/2020\/02\/turkiye-nin-enerji-bagimsizligindaki-anahtarin-yolu-gunes-enerjisi-nde.jpg\" alt=\"\" width=\"320\" height=\"180\" srcset=\"https:\/\/www.enerjigazetesi.ist\/wp-content\/uploads\/2020\/02\/turkiye-nin-enerji-bagimsizligindaki-anahtarin-yolu-gunes-enerjisi-nde.jpg 869w, https:\/\/www.enerjigazetesi.ist\/wp-content\/uploads\/2020\/02\/turkiye-nin-enerji-bagimsizligindaki-anahtarin-yolu-gunes-enerjisi-nde-300x168.jpg 300w, https:\/\/www.enerjigazetesi.ist\/wp-content\/uploads\/2020\/02\/turkiye-nin-enerji-bagimsizligindaki-anahtarin-yolu-gunes-enerjisi-nde-768x431.jpg 768w, https:\/\/www.enerjigazetesi.ist\/wp-content\/uploads\/2020\/02\/turkiye-nin-enerji-bagimsizligindaki-anahtarin-yolu-gunes-enerjisi-nde-500x281.jpg 500w, https:\/\/www.enerjigazetesi.ist\/wp-content\/uploads\/2020\/02\/turkiye-nin-enerji-bagimsizligindaki-anahtarin-yolu-gunes-enerjisi-nde-80x45.jpg 80w\" sizes=\"(max-width: 320px) 100vw, 320px\" \/>May\u0131s ay\u0131nda<\/strong> y\u00fcr\u00fcrl\u00fc\u011fe giren <strong>ulusal mahsupla\u015fma d\u00fczenlemesi<\/strong> T\u00fcrkiye\u2019de <strong>\u00e7at\u0131 tipi g\u00fcne\u015f enerjisi sistemlerinin<\/strong> \u00e7o\u011falmas\u0131 i\u00e7in kap\u0131y\u0131 aralad\u0131. Ancak rapora g\u00f6re, bu sistemlerin kullan\u0131m\u0131n\u0131n \u00fclke \u00e7ap\u0131nda <strong>daha h\u0131zla yayg\u0131nla\u015fabilmesi i\u00e7in<\/strong> ek te\u015fviklere ihtiya\u00e7 var.<\/p>\n<p>Raporun yazarlar\u0131ndan <em>IEEFA Enerji Finansman\u0131 Analisti<\/em><strong> Gerard Wynn<\/strong> \u201cT\u00fcrkiye b\u00fcy\u00fck \u00e7apl\u0131 <strong>g\u00fcne\u015f enerjisi sistemlerinde<\/strong> d\u00fcnyan\u0131n en h\u0131zl\u0131 b\u00fcy\u00fcyen pazarlar\u0131ndan biri. H\u00fck\u00fcmet \u00e7at\u0131 pazar\u0131nda da benzer bir b\u00fcy\u00fcmenin ya\u015fanabilmesi i\u00e7in temelleri att\u0131. Haneler <strong>bu teknolojiyi kullanmak i\u00e7in<\/strong> hevesli, ancak \u00f6ncelikle <strong>biraz daha fazla finansal deste\u011fe<\/strong> ihtiya\u00e7lar\u0131 var,\u201d dedi.<\/p>\n<p>\u201cT\u00fcrkiye\u2019de <strong>g\u00fcne\u015f enerjisinden elektrik \u00fcretmenin<\/strong> g\u00fczelli\u011fi, \u00fclkenin hem di\u011fer \u00fclkelere nazaran \u00e7ok daha avantajl\u0131 oldu\u011fu <strong>do\u011fal bir enerji kayna\u011f\u0131ndan<\/strong> yararlan\u0131yor olmas\u0131, hem de olduk\u00e7a<strong> pahal\u0131 olan k\u00f6m\u00fcr ithalat\u0131n\u0131<\/strong> bu sayede azaltabilecek olmas\u0131 &#8211; T\u00fcrkiye <strong>2018 y\u0131l\u0131nda k\u00f6m\u00fcr ithalat\u0131na<\/strong> bir \u00f6nceki y\u0131la g\u00f6re <strong>%12<\/strong> art\u0131\u015fla toplam <strong>4,4 milyar ABD dolar\u0131<\/strong> \u00f6dedi.\u201d diye s\u00f6zlerini s\u00fcrd\u00fcrd\u00fc.<\/p>\n<p>Rapor, <strong>h\u00fck\u00fcmetin mahsupla\u015fma d\u00fczenlemesini<\/strong> \u00e7at\u0131 tipi g\u00fcne\u015f enerjisi sistemlerinin geli\u015fmesi i\u00e7in \u00f6nemli bir ad\u0131m olarak <strong>de\u011ferlendiriyor ve yeni te\u015fvikler sayesinde<\/strong> hanelerin, <strong>g\u00fcne\u015f enerjisi panelleri<\/strong> i\u00e7in yapt\u0131klar\u0131 <strong>ilk yat\u0131r\u0131m maliyetlerini<\/strong> elektrik faturalar\u0131nda sa\u011flad\u0131klar\u0131 tasarrufla kar\u015f\u0131layabileceklerini ortaya koyuyor.<\/p>\n<p>Raporun yazarlar\u0131ndan Ekonomist <strong>Bengisu \u00d6zen\u00e7<\/strong> yap\u0131lan modellemelerin sonu\u00e7lar\u0131n\u0131 payla\u015ft\u0131:<br \/>\n\u201cG\u00fcncel piyasa verileri \u0131\u015f\u0131\u011f\u0131nda yapt\u0131\u011f\u0131m\u0131z hesaplamalar, <strong>\u00e7at\u0131 \u00fcst\u00fc kurulumlar\u0131nda<\/strong> <strong>geri \u00f6deme s\u00fcresinin<\/strong> bug\u00fcn <strong>11 y\u0131la indi\u011fini<\/strong> g\u00f6steriyor. Ancak yat\u0131r\u0131mlar\u0131n h\u0131zlanmas\u0131 i\u00e7in bu d\u00fc\u015f\u00fc\u015f elbette yeterli de\u011fil. Raporda de\u011findi\u011fimiz ek te\u015fvikler geri \u00f6deme s\u00fcresini<strong> 7 y\u0131la kadar<\/strong> k\u0131saltabilir,\u201d<\/p>\n<p>Rapor, <strong>\u00e7at\u0131 tipi g\u00fcne\u015f enerjisi sistemlerinin<\/strong> t\u00fcketiciler aras\u0131nda yayg\u0131nla\u015fmas\u0131 i\u00e7in ek ad\u0131mlar\u0131n at\u0131lmas\u0131n\u0131 \u00f6neriyor. Bu ad\u0131mlar \u015f\u00f6yle; <strong>ilk yat\u0131r\u0131m maliyetlerini d\u00fc\u015f\u00fcrmek<\/strong> i\u00e7in g\u00fcne\u015f enerjisi panellerine uygulanan <strong>KDV\u2019nin kald\u0131r\u0131lmas\u0131<\/strong>; g\u00fcne\u015f enerjisi panel kurulumu i\u00e7in al\u0131nan <strong>kredinin geri \u00f6demelerinin<\/strong> ev kredisine veya elektrik <strong>faturas\u0131na entegre edilmesi<\/strong> ve \u015febekeye verilen elektrik i\u00e7in te\u015fviklerin <strong>Avrupa \u00fclkelerinde uygulanan seviyelere<\/strong> \u00e7ekilmesi.<\/p>\n<p><strong>G\u00fcne\u015f enerjisi teknolojilerindeki<\/strong> ilerlemenin getirece\u011fi maliyet d\u00fc\u015f\u00fc\u015flerinin <strong>geri \u00f6deme s\u00fcresini<\/strong> daha da k\u0131saltaca\u011f\u0131na dikkat \u00e7eken Wynn, \u201c<strong>G\u00fcne\u015f enerjisi sistemleri maliyetlerinin<\/strong> \u00f6n\u00fcm\u00fczdeki y\u0131llarda da d\u00fc\u015fmeye devam edece\u011fini hesaba katt\u0131\u011f\u0131m\u0131zda, <strong>geri \u00f6deme s\u00fcresinin<\/strong> 2030 y\u0131l\u0131nda <strong>2 y\u0131la kadar<\/strong> inebilece\u011fini g\u00f6r\u00fcyoruz,\u201d dedi.<\/p>\n<p>\u00d6zen\u00e7 ise s\u00f6zlerini \u015f\u00f6yle tamamlad\u0131: \u201cT\u00fcrkiye\u2019de <strong>g\u00fcne\u015f enerjisi kapasitesi<\/strong>, yaln\u0131zca son <strong>3-4 y\u0131l<\/strong> i\u00e7inde g\u00f6sterdi\u011fi y\u00fcksek performansla bug\u00fcn itibar\u0131yla <strong>6 GW s\u0131n\u0131r\u0131n\u0131<\/strong> ge\u00e7mi\u015f durumda. \u00c7at\u0131larda <strong>4 GW seviyesinde oldu\u011fu<\/strong> tahmin edilen ek kapasite ise \u00f6nemli bir potansiyel te\u015fkil ediyor. Bu y\u0131l\u0131n May\u0131s ay\u0131nda y\u00fcr\u00fcrl\u00fc\u011fe giren <strong>ayl\u0131k mahsupla\u015fma d\u00fczenlemesini<\/strong> s\u00f6z konusu potansiyeli harekete ge\u00e7irmek \u00fczere \u00f6nemli bir ad\u0131m olarak de\u011ferlendiriyoruz ve <strong>ek te\u015fviklerle<\/strong> bu d\u00fczenlemenin \u00e7ok daha fazla g\u00fc\u00e7lendirilebilece\u011fine inan\u0131yoruz,\u201d dedi.<\/p>\n<p><strong>Raporun Tamam\u0131 \u0130\u00e7in:\u00a0<\/strong><a href=\"https:\/\/ieefa.org\/wp-content\/uploads\/2019\/12\/TR_New-Incentives-Brighten-Turkey-Rooftop-Solar-Sector_December-2019.pdf\" target=\"_blank\" rel=\"noopener\">https:\/\/ieefa.org\/wp-content\/uploads\/2019\/12\/TR_New-Incentives-Brighten-Turkey-Rooftop-Solar-Sector_December-2019.pdf<\/a>\u00a0adresini ziyaret edebilirsiniz.<\/p>\n<p><strong>\u0130leti\u015fim \u0130\u00e7in:<\/strong><\/p>\n<p>Vivienne Heston (<a href=\"mailto:vheston@ieefa.org\">vheston@ieefa.org<\/a>) +1 914 439 8921<\/p>\n<p><strong>Yazarlarla \u0130leti\u015fim Kurmak \u0130\u00e7in:<\/strong><\/p>\n<p>Gerard Wynn, IEEFA Enerji Finansman\u0131 Analisti (<a href=\"mailto:gwynn@ieefa.org\" target=\"_blank\" rel=\"noopener\">gwynn@ieefa.org<\/a>)<br \/>\nArjun Flora, Enerji Analisti (<a href=\"mailto:asflora16@gmail.com\" target=\"_blank\" rel=\"noopener\">asflora16@gmail.com<\/a>)<br \/>\nBengisu O\u0308zenc\u0327, Ekonomist (<a href=\"mailto:bengisuoezenc@gmail.com\" target=\"_blank\" rel=\"noopener\">bengisuoezenc@gmail.com<\/a>)<\/p>","protected":false},"excerpt":{"rendered":"<p>Sorry, this entry is only available in Turkish. For the sake of viewer convenience, the content is shown below in the alternative language. You may click the link to switch the active language. Enerji Ekonomisi ve Finansal Analiz Enstit\u00fcs\u00fc (IEEFA) taraf\u0131ndan bug\u00fcn yay\u0131mlanan rapora g\u00f6re, T\u00fcrkiye ek te\u015fviklerle mevcut destek mekanizmas\u0131n\u0131 g\u00fc\u00e7lendirerek g\u00fcne\u015f enerjisi sistemlerinin [&hellip;]<\/p>\n","protected":false},"author":1,"featured_media":107657,"comment_status":"open","ping_status":"open","sticky":false,"template":"","format":"standard","meta":[],"categories":[51,53,49],"tags":[66194,64267,61120,66193,38826,63296,53114,54177,63295,63300,59916,28399,9501,53157,1876,66196,66195,56730,63299],"views":185,"_links":{"self":[{"href":"https:\/\/www.enerjigazetesi.ist\/en\/wp-json\/wp\/v2\/posts\/107654"}],"collection":[{"href":"https:\/\/www.enerjigazetesi.ist\/en\/wp-json\/wp\/v2\/posts"}],"about":[{"href":"https:\/\/www.enerjigazetesi.ist\/en\/wp-json\/wp\/v2\/types\/post"}],"author":[{"embeddable":true,"href":"https:\/\/www.enerjigazetesi.ist\/en\/wp-json\/wp\/v2\/users\/1"}],"replies":[{"embeddable":true,"href":"https:\/\/www.enerjigazetesi.ist\/en\/wp-json\/wp\/v2\/comments?post=107654"}],"version-history":[{"count":0,"href":"https:\/\/www.enerjigazetesi.ist\/en\/wp-json\/wp\/v2\/posts\/107654\/revisions"}],"wp:featuredmedia":[{"embeddable":true,"href":"https:\/\/www.enerjigazetesi.ist\/en\/wp-json\/wp\/v2\/media\/107657"}],"wp:attachment":[{"href":"https:\/\/www.enerjigazetesi.ist\/en\/wp-json\/wp\/v2\/media?parent=107654"}],"wp:term":[{"taxonomy":"category","embeddable":true,"href":"https:\/\/www.enerjigazetesi.ist\/en\/wp-json\/wp\/v2\/categories?post=107654"},{"taxonomy":"post_tag","embeddable":true,"href":"https:\/\/www.enerjigazetesi.ist\/en\/wp-json\/wp\/v2\/tags?post=107654"}],"curies":[{"name":"wp","href":"https:\/\/api.w.org\/{rel}","templated":true}]}}