{"id":107603,"date":"2020-02-01T15:40:55","date_gmt":"2020-02-01T12:40:55","guid":{"rendered":"https:\/\/www.enerjigazetesi.ist\/?p=107603"},"modified":"2020-02-01T15:48:07","modified_gmt":"2020-02-01T12:48:07","slug":"tarimin-alternatif-gelecegi-biyogazdan-enerji-uretimi-ile-masaya-yatirilacak","status":"publish","type":"post","link":"https:\/\/www.enerjigazetesi.ist\/en\/tarimin-alternatif-gelecegi-biyogazdan-enerji-uretimi-ile-masaya-yatirilacak\/","title":{"rendered":"(Turkish) &#8217;Tar\u0131m\u0131n Alternatif Gelece\u011fi&#8217; Biyogaz&#8217;dan Enerji \u00dcretimi ile Masaya Yat\u0131r\u0131lacak"},"content":{"rendered":"<p class=\"qtranxs-available-languages-message qtranxs-available-languages-message-en\">Sorry, this entry is only available in <a href=\"https:\/\/www.enerjigazetesi.ist\/tr\/wp-json\/wp\/v2\/posts\/107603\" class=\"qtranxs-available-language-link qtranxs-available-language-link-tr\" title=\"Turkish\">Turkish<\/a>. For the sake of viewer convenience, the content is shown below in the alternative language. You may click the link to switch the active language.<\/p><p><\/p>\n<h1>D\u00fcnyan\u0131n farkl\u0131 disiplinlerinden \u00fcnl\u00fc isimleri \u0130stanbul\u2019da tar\u0131m\u0131n alternatif gelece\u011fi i\u00e7in 18 \u015eubat 2020 bir araya gelecek<\/h1>\n<p>&nbsp;<\/p>\n<h2><strong>G\u00fcn\u00fcm\u00fczde kentlerdeki n\u00fcfusun d\u00fcnya \u00e7ap<\/strong><strong>\u0131<\/strong><strong>nda et ve s<\/strong><strong>\u00fc<\/strong><strong>t <\/strong><strong>\u00fc<\/strong><strong>r<\/strong><strong>\u00fc<\/strong><strong>nleri <\/strong><strong>\u00fc<\/strong><strong>zerinde s<\/strong><strong>\u00fc<\/strong><strong>rekli artan talep bask<\/strong><strong>\u0131<\/strong><strong>s<\/strong><strong>\u0131<\/strong><strong>, <\/strong><strong>\u00e7<\/strong><strong>iftlik y<\/strong><strong>\u00f6<\/strong><strong>netimi ve tar<\/strong><strong>\u0131<\/strong><strong>m uygulamas<\/strong><strong>\u0131<\/strong><strong> konular<\/strong><strong>\u0131<\/strong><strong>nda yeni bir s<\/strong><strong>\u00fc<\/strong><strong>rd<\/strong><strong>\u00fc<\/strong><strong>r<\/strong><strong>\u00fc<\/strong><strong>lebilir y<\/strong><strong>\u00f6<\/strong><strong>ntem bulma konusunu <\/strong><strong>\u00f6<\/strong><strong>ne <\/strong><strong>\u00e7<\/strong><strong>\u0131<\/strong><strong>kar<\/strong><strong>\u0131<\/strong><strong>yor. <\/strong><strong>\u00c7<\/strong><strong>iftlikten sofraya ula<\/strong><strong>\u015f<\/strong><strong>an <\/strong><strong>\u00fc<\/strong><strong>retim s<\/strong><strong>\u00fc<\/strong><strong>recinde hayvan refah<\/strong><strong>\u0131<\/strong><strong>, beslenme <\/strong><strong>\u015f<\/strong><strong>ekilleri, do<\/strong><strong>\u011f<\/strong><strong>an<\/strong><strong>\u0131<\/strong><strong>n korunmas<\/strong><strong>\u0131<\/strong><strong>, yap<\/strong><strong>\u0131<\/strong><strong>la<\/strong><strong>\u015f<\/strong><strong>ma ve iklim ile tasar<\/strong><strong>\u0131<\/strong><strong>mlar<\/strong><strong>\u0131<\/strong><strong>n acil olarak ele al<\/strong><strong>\u0131<\/strong><strong>nmas<\/strong><strong>\u0131<\/strong><strong> gerekiyor.\u00a0<\/strong><strong>\u201cFarm to Fork\u201d konferans<\/strong><strong>\u0131<\/strong><strong>, bu konular<\/strong><strong>\u0131<\/strong><strong> masaya yat<\/strong><strong>\u0131<\/strong><strong>rmak <\/strong><strong>\u00fc<\/strong><strong>zere 18 <\/strong><strong>\u015e<\/strong><strong>ubat<\/strong><strong>\u2019<\/strong><strong>ta uluslararas<\/strong><strong>\u0131<\/strong><strong> ve lokal isimleri bir araya getirmeye haz<\/strong><strong>\u0131<\/strong><strong>rlan<\/strong><strong>\u0131<\/strong><strong>yor.<\/strong><\/h2>\n<p>&nbsp;<\/p>\n<h2><strong>Yeni nesil \u00e7ift\u00e7ilik, bilim toplulu<\/strong><strong>\u011f<\/strong><strong>u, enerji m<\/strong><strong>\u00fc<\/strong><strong>hendisli<\/strong><strong>\u011f<\/strong><strong>i, tar<\/strong><strong>\u0131<\/strong><strong>m ve hayvan refah<\/strong><strong>\u0131<\/strong><strong> gibi konularla yenilik<\/strong><strong>\u00e7<\/strong><strong>i bireyler aras<\/strong><strong>\u0131<\/strong><strong>nda daha g<\/strong><strong>\u00fc\u00e7<\/strong><strong>l<\/strong><strong>\u00fc<\/strong><strong> ba<\/strong><strong>\u011f<\/strong><strong>lant<\/strong><strong>\u0131<\/strong><strong>lar sa<\/strong><strong>\u011f<\/strong><strong>lanmas<\/strong><strong>\u0131<\/strong><strong> hedeflenen konferansta alan<\/strong><strong>\u0131<\/strong><strong>nda uzman mimarlar, tasar<\/strong><strong>\u0131<\/strong><strong>mc<\/strong><strong>\u0131<\/strong><strong>lar, <\/strong><strong>\u015f<\/strong><strong>efler ve giri<\/strong><strong>\u015f<\/strong><strong>imciler bir araya gelecek.<img loading=\"lazy\" class=\"alignright wp-image-107607\" src=\"https:\/\/www.enerjigazetesi.ist\/wp-content\/uploads\/2020\/02\/tarimin-alternatif-gelecegi-biyogazdan-enerji-uretimi-ile-masaya-yatirilacak-1.jpg\" alt=\"\" width=\"325\" height=\"460\" srcset=\"https:\/\/www.enerjigazetesi.ist\/wp-content\/uploads\/2020\/02\/tarimin-alternatif-gelecegi-biyogazdan-enerji-uretimi-ile-masaya-yatirilacak-1.jpg 345w, https:\/\/www.enerjigazetesi.ist\/wp-content\/uploads\/2020\/02\/tarimin-alternatif-gelecegi-biyogazdan-enerji-uretimi-ile-masaya-yatirilacak-1-212x300.jpg 212w, https:\/\/www.enerjigazetesi.ist\/wp-content\/uploads\/2020\/02\/tarimin-alternatif-gelecegi-biyogazdan-enerji-uretimi-ile-masaya-yatirilacak-1-283x400.jpg 283w, https:\/\/www.enerjigazetesi.ist\/wp-content\/uploads\/2020\/02\/tarimin-alternatif-gelecegi-biyogazdan-enerji-uretimi-ile-masaya-yatirilacak-1-35x50.jpg 35w\" sizes=\"(max-width: 325px) 100vw, 325px\" \/> <\/strong><\/h2>\n<p>&nbsp;<br \/>\nYap\u0131lan son ara\u015ft\u0131rmalara g\u00f6re d\u00fcnya g\u0131da ihtiyac\u0131 <strong>30 y\u0131l<\/strong> sonra<strong> 60 kat artm\u0131\u015f<\/strong> olacak. 2030 y\u0131l\u0131na geldi\u011fimizde ise <strong>122 milyon<\/strong> insan a\u00e7l\u0131kla y\u00fcz y\u00fcze gelecek. T\u00fcrkiye\u2019de ise son 10 y\u0131lda, Hollanda\u2019n\u0131n y\u00fcz \u00f6l\u00e7\u00fcm\u00fcn\u00fcn yar\u0131s\u0131 kadar tar\u0131m topra\u011f\u0131 kaybedildi. Gelece\u011fi tasarlamak i\u00e7in <strong>\u00e7iftliklere entegre ve s\u00fcrd\u00fcr\u00fclebilir sistemler dizayn etmek<\/strong> her ge\u00e7en g\u00fcn daha \u00e7ok \u00f6nem kazan\u0131yor. Bu ger\u00e7eklikten yola \u00e7\u0131karak T\u00fcrkiye ve Hollanda\u2019dan mimarlar, sanat\u00e7\u0131lar, bilim insanlar\u0131, sosyologlar, ara\u015ft\u0131rmac\u0131lar ve \u015fehir planlamac\u0131lar\u0131 ile \u015fefler, <strong><u>\u201cFarm to Fork\u201d<\/u> konferans\u0131nda<\/strong> bir araya gelerek, <strong>tar\u0131m\u0131n alternatif gelece\u011fini<\/strong> tart\u0131\u015facak. <strong>18 \u015eubat 2020<\/strong> tarihinde <strong>Mimar Sinan G\u00fczel Sanatlar \u00dcniversitesi<\/strong> <strong>Mimarl\u0131k Fak\u00fcltesi\u2019nde<\/strong> ger\u00e7ekle\u015ftirilecek olan konferans\u0131n ana temas\u0131 <strong>\u201c\u00c7iftlikten Sofraya\u201d<\/strong> olacak. IND [Inter.National.Design] taraf\u0131ndan d\u00fczenlenen, Hollanda <strong>Stimulerings Fond<\/strong> ve <strong>Mimar Sinan \u00dcniversitesi\u2019nin<\/strong> deste\u011fi ile organize edilen etkinlik, <strong>18 \u015eubat 2020<\/strong> tarihinde saat <strong>09:30\u2019da<\/strong> ba\u015flayacak ve <strong>19:30\u2019da<\/strong> sonlanacak.<\/p>\n<h2><strong>D\u00fcnyaya \u00f6rnek &#8216;alternatif \u00e7iftlik&#8217;lerin sahipleri <\/strong><strong>\u0130<\/strong><strong>stanbul<\/strong><strong>\u2019<\/strong><strong>a geliyor<\/strong><\/h2>\n<p>Tar\u0131m alanlar\u0131nda d\u00fcnyaya \u00f6rnek te\u015fkil eden uygulamalar\u0131n sahibi <strong>Hollanda<\/strong>, konferansa ilham veren ana ba\u015fl\u0131klardan biri olacak. Hollanda\u2019n\u0131n tar\u0131m alan\u0131nda en yenilik\u00e7i deneylerinden <strong>Wageningen \u00dcniversitesi<\/strong> taraf\u0131ndan geli\u015ftirilen <strong>Amsterdam\u2019\u0131n<\/strong> kuzeyinde Almere \u015fehri <strong>\u201cOosterwold\u201d<\/strong> yerle\u015fkesinin kentsel tar\u0131m planlama tekni\u011fi ile <strong>Goldsmith Company<\/strong> taraf\u0131ndan geli\u015ftirilen Rotterdam\u2019daki <strong>\u201cY\u00fczen \u00c7iftlik\u201d projeleri<\/strong> kat\u0131l\u0131mc\u0131lara ilham verecek.<\/p>\n<p>Bir g\u00fcn boyunca s\u00fcrecek olan organizasyonda, akademisyen <strong>Prof. G\u00fczin Konuk<\/strong>, <strong>Do\u00e7ent Kaya S\u00f6nmezler, Prof. Hasan Hayri Tok ve Prof. Paul Kaldjan<\/strong>\u2019\u0131n sunumlar\u0131 ile kat\u0131l\u0131mc\u0131larla payla\u015f\u0131lacak. Ayr\u0131ca, <strong>s\u00fcrd\u00fcr\u00fclebilir g\u0131da \u015fehirlerinin imkanlar\u0131<\/strong> ve \u0130stanbul\u2019da <strong>kentsel \u00e7ift\u00e7ili\u011fin \u00f6n\u00fcndeki zorluklar\u0131n<\/strong> masaya yat\u0131r\u0131laca\u011f\u0131 seansta,<strong> Biyogaz Uzman\u0131<\/strong> ve <strong>Makine M\u00fchendisi<\/strong> <em>Bar\u0131\u015f Samir<\/em> ise Anadolu\u2019daki \u015fehirlerde ve k\u0131rsal alanlarda <strong>enerji \u00fcretimi ve kullan\u0131m\u0131<\/strong> ile ilgili bilgi verecek.<\/p>\n<h2><strong>Kutlu<\/strong><strong>\u011f<\/strong><strong> Ataman<\/strong><strong>\u2019<\/strong><strong>\u0131<\/strong><strong>n Erzincan<\/strong><strong>\u2019<\/strong><strong>daki <\/strong><strong>\u00f6<\/strong><strong>d<\/strong><strong>\u00fc<\/strong><strong>ll<\/strong><strong>\u00fc<\/strong><strong> tar<\/strong><strong>\u0131<\/strong><strong>m uygulamas<\/strong><strong>\u0131<\/strong><strong> nas<\/strong><strong>\u0131<\/strong><strong>l <\/strong><strong>\u00f6<\/strong><strong>rnek al<\/strong><strong>\u0131<\/strong><strong>nabilir?<\/strong><\/h2>\n<p>Konferansta, ayr\u0131ca T\u00fcrkiye\u2019den \u00f6rnek proje ile ge\u00e7ti\u011fimiz hafta Arkitera i\u015fveren \u00f6d\u00fcl\u00fc alan \u201cPalanga\u201d isimli proje \u00f6rne\u011fi \u00fczerinden Palanga Sanat ve Mimarl\u0131k \u00c7iftli\u011fi (PAAF) kurucusu ve sanat\u00e7\u0131 Kutlu\u011f Ataman konu\u015fma yapacak.<\/p>\n<h2><strong>Tarladan sofraya, mekanlar<\/strong><strong>\u0131<\/strong><strong> tasarlayan t<\/strong><strong>\u00fc<\/strong><strong>m oyuncular sahnede<\/strong><\/h2>\n<p>Palanga Projesine farkl\u0131 fonksiyonlarda mekanlar tasarlayarak katk\u0131 sa\u011flayan mimar ve sanat\u00e7\u0131 kadrosu Nevzat Say\u0131n, Hasan \u00c7al\u0131\u015flar, Han T\u00fcmertekin, Arman Akdo\u011fan, Cem Sorgu\u00e7, Kerem Piker, Selin Maner,Sevince Bayrak,Oral G\u00f6kta\u015f, Giovanni Bellotti, Mevce ve Eren \u00c7iraci, Dilara Demiralp ve d\u00fcnyaca \u00fcnl\u00fc \u015fef Mehmet G\u00fcrs de konuyla ilgili g\u00f6r\u00fc\u015flerini payla\u015facak.<\/p>\n<h2><strong>\u201cYemek ve tasar<\/strong><strong>\u0131<\/strong><strong>m <\/strong><strong>\u00fc<\/strong><strong>zerine ara<\/strong><strong>\u015f<\/strong><strong>t<\/strong><strong>\u0131<\/strong><strong>rmalar<\/strong><strong>\u201d<\/strong><\/h2>\n<p>Konferansta ayr\u0131ca Bo\u011fazi\u00e7i \u00dcniversitesi Profes\u00f6r\u00fc \u00fcnl\u00fc sosyolog Zafer Yenal da \u201cYemek, tasar\u0131m ve gelece\u011fi\u201d\u201d isimli sunumu ile kat\u0131l\u0131mc\u0131larla sosyolojik ara\u015ft\u0131rma ve \u00e7al\u0131\u015fmalar\u0131n\u0131 payla\u015facak.<\/p>\n<p><strong>Etkinli\u011fe Kay\u0131t Olmak \u0130\u00e7in:\u00a0<\/strong><a href=\"https:\/\/www.farmtoforkconference.com\/events\/farm-to-fork-conference\" target=\"_blank\" rel=\"noopener\">https:\/\/www.farmtoforkconference.com\/events\/farm-to-fork-conference<\/a>\u00a0adresini ziyaret edebilirsiniz.<\/p>\n<p><strong>Tarih:<\/strong> 18 \u015eubat 2020 \/ Sal\u0131<\/p>\n<p><strong>Etkinlik Mekan\u0131:<\/strong> MSGS\u00dc, Sedad Hakk\u0131 Eldem Oditoryumu<\/p>","protected":false},"excerpt":{"rendered":"<p>Sorry, this entry is only available in Turkish. For the sake of viewer convenience, the content is shown below in the alternative language. You may click the link to switch the active language. D\u00fcnyan\u0131n farkl\u0131 disiplinlerinden \u00fcnl\u00fc isimleri \u0130stanbul\u2019da tar\u0131m\u0131n alternatif gelece\u011fi i\u00e7in 18 \u015eubat 2020 bir araya gelecek &nbsp; G\u00fcn\u00fcm\u00fczde kentlerdeki n\u00fcfusun d\u00fcnya \u00e7ap\u0131nda [&hellip;]<\/p>\n","protected":false},"author":1,"featured_media":107605,"comment_status":"open","ping_status":"open","sticky":false,"template":"","format":"standard","meta":[],"categories":[22893,51,53],"tags":[66162,66158,66169,66171,66170,66173,66163,66165,52259,66161,1287,1967,42937,66164,66166,66167,66168,62862,66159,66157,66172,54979,846,66160],"views":268,"_links":{"self":[{"href":"https:\/\/www.enerjigazetesi.ist\/en\/wp-json\/wp\/v2\/posts\/107603"}],"collection":[{"href":"https:\/\/www.enerjigazetesi.ist\/en\/wp-json\/wp\/v2\/posts"}],"about":[{"href":"https:\/\/www.enerjigazetesi.ist\/en\/wp-json\/wp\/v2\/types\/post"}],"author":[{"embeddable":true,"href":"https:\/\/www.enerjigazetesi.ist\/en\/wp-json\/wp\/v2\/users\/1"}],"replies":[{"embeddable":true,"href":"https:\/\/www.enerjigazetesi.ist\/en\/wp-json\/wp\/v2\/comments?post=107603"}],"version-history":[{"count":0,"href":"https:\/\/www.enerjigazetesi.ist\/en\/wp-json\/wp\/v2\/posts\/107603\/revisions"}],"wp:featuredmedia":[{"embeddable":true,"href":"https:\/\/www.enerjigazetesi.ist\/en\/wp-json\/wp\/v2\/media\/107605"}],"wp:attachment":[{"href":"https:\/\/www.enerjigazetesi.ist\/en\/wp-json\/wp\/v2\/media?parent=107603"}],"wp:term":[{"taxonomy":"category","embeddable":true,"href":"https:\/\/www.enerjigazetesi.ist\/en\/wp-json\/wp\/v2\/categories?post=107603"},{"taxonomy":"post_tag","embeddable":true,"href":"https:\/\/www.enerjigazetesi.ist\/en\/wp-json\/wp\/v2\/tags?post=107603"}],"curies":[{"name":"wp","href":"https:\/\/api.w.org\/{rel}","templated":true}]}}