{"id":10756,"date":"2013-05-11T17:37:16","date_gmt":"2013-05-11T14:37:16","guid":{"rendered":"https:\/\/www.enerjigazetesi.ist\/?p=10756"},"modified":"2013-05-11T17:37:16","modified_gmt":"2013-05-11T14:37:16","slug":"atostan-gelecegin-enerji-cozumleri","status":"publish","type":"post","link":"https:\/\/www.enerjigazetesi.ist\/en\/atostan-gelecegin-enerji-cozumleri\/","title":{"rendered":"(Turkish) Atos\u2019tan Gelece\u011fin Enerji \u00c7\u00f6z\u00fcmleri"},"content":{"rendered":"<p class=\"qtranxs-available-languages-message qtranxs-available-languages-message-en\">Sorry, this entry is only available in <a href=\"https:\/\/www.enerjigazetesi.ist\/tr\/wp-json\/wp\/v2\/posts\/10756\" class=\"qtranxs-available-language-link qtranxs-available-language-link-tr\" title=\"Turkish\">Turkish<\/a>. For the sake of viewer convenience, the content is shown below in the alternative language. You may click the link to switch the active language.<\/p><p><strong>9-10 May\u0131s tarihleri aras\u0131nda Bilim, Sanayi ve Teknoloji Bakanl\u0131\u011f\u0131 taraf\u0131ndan d\u00fczenlenen \u201cUluslararas\u0131 \u0130stanbul Ak\u0131ll\u0131 \u015eebekeler Kongre ve Sergisi\u201dnde elektrik ve enerjinin gelece\u011fi masaya yat\u0131r\u0131ld\u0131.<\/strong><\/p>\n<p>Avrupa\u2019n\u0131n lider IT hizmetleri \u015firketi Atos\u2019un da sponsor oldu\u011fu etkinli\u011fe, Ba\u015fbakan Recep Tayyip Erdo\u011fan, Bilim, Sanayi ve Teknoloji Bakan\u0131 Nihat Erg\u00fcn, Enerji ve Tabii Kaynaklar Bakan\u0131 Taner Y\u0131ld\u0131z\u2019\u0131n yan\u0131 s\u0131ra yerli ve yabanc\u0131 sekt\u00f6r yetkilileri kat\u0131ld\u0131.<\/p>\n<p>Elektrik t\u00fcketimi talep art\u0131\u015f\u0131nda d\u00fcnyada \u00c7in\u2019den sonra ikinci s\u0131rada bulunan ve enerjide y\u00fczde 76 oran\u0131nda d\u0131\u015fa ba\u011f\u0131ml\u0131 olan T\u00fcrkiye, gelece\u011fin enerji altyap\u0131s\u0131na haz\u0131rlan\u0131yor. Bu konuda politika ve stratejiler \u00fcreterek \u00e7\u00f6z\u00fcm aray\u0131\u015f\u0131na giren \u00fclkemiz, 2023 vizyonu \u00e7er\u00e7evesinde, yenilenebilir enerji kaynaklar\u0131 ve ak\u0131ll\u0131 \u015febekelere (Smart Grid) ge\u00e7i\u015f s\u00fcrecini h\u0131zland\u0131r\u0131yor.<br \/>\n<a href=\"https:\/\/www.enerjigazetesi.ist\/wp-content\/uploads\/2013\/05\/atos-gelecegin-enerji-cozumleri.jpg\"><img loading=\"lazy\" class=\"alignleft size-medium wp-image-10757\" title=\"atos-gelecegin-enerji-cozumleri\" src=\"https:\/\/www.enerjigazetesi.ist\/wp-content\/uploads\/2013\/05\/atos-gelecegin-enerji-cozumleri-300x181.jpg\" alt=\"\" width=\"300\" height=\"181\" srcset=\"https:\/\/www.enerjigazetesi.ist\/wp-content\/uploads\/2013\/05\/atos-gelecegin-enerji-cozumleri-300x181.jpg 300w, https:\/\/www.enerjigazetesi.ist\/wp-content\/uploads\/2013\/05\/atos-gelecegin-enerji-cozumleri-80x48.jpg 80w, https:\/\/www.enerjigazetesi.ist\/wp-content\/uploads\/2013\/05\/atos-gelecegin-enerji-cozumleri.jpg 480w\" sizes=\"(max-width: 300px) 100vw, 300px\" \/><\/a><br \/>\n<strong>&#8220;Verimli enerjinin yolu teknolojiden ge\u00e7iyor&#8221;<\/strong><\/p>\n<p>Atos Y\u00f6netim Kurulu Ba\u015fkan\u0131 ve CEO\u2019su Orhan Akbulut, Atos\u2019un hedefini, \u201cTeknolojiyle enerji sekt\u00f6r\u00fcn\u00fcn verimlili\u011fini art\u0131rmak\u201d olarak \u00f6zetledi. \u201cT\u00fcrkiye\u2019de b\u00fcy\u00fck yat\u0131r\u0131mlarla enerji projeleri hayata ge\u00e7iriliyor. Bunlar\u0131n s\u00fcrd\u00fcr\u00fclebilir ve verimli bir yap\u0131ya sahip olmas\u0131n\u0131n tek yolu, teknolojiyi etkin kullanmak\u201d diyen Akbulut, \u201cAtos T\u00fcrkiye olarak, enerji sekt\u00f6r\u00fcndeki \u015firketlerin operasyonel m\u00fckemmeli\u011fe ula\u015fmak i\u00e7in ihtiya\u00e7 duyduklar\u0131 teknolojik altyap\u0131y\u0131 sa\u011fl\u0131yor ve y\u00f6netimini m\u00fcmk\u00fcn k\u0131l\u0131yoruz\u201d dedi.<\/p>\n<p><strong>&#8220;Fransa&#8217;da 35 milyon sayac\u0131 y\u00f6netiyoruz&#8221;<\/strong><\/p>\n<p>Toplant\u0131da konu\u015fma yapan Atos K\u0131demli Ba\u015fkan Yard\u0131mc\u0131s\u0131 Dr. Wolfgang Domann ise, Atos\u2019un Avrupa\u2019da ak\u0131ll\u0131 saya\u00e7 sistemine ge\u00e7i\u015fte edindi\u011fi tecr\u00fcbeleri \u0130stanbul\u2019da aktard\u0131. Enerji da\u011f\u0131t\u0131m sekt\u00f6r\u00fcndeki firmalara b\u00fct\u00fcnle\u015fik altyap\u0131 hizmetleri sunduklar\u0131n\u0131 belirten Domann, enerji sekt\u00f6r\u00fcne y\u00f6nelik t\u00fcm hizmetleri portf\u00f6y\u00fcnde bulunduran Atos\u2019un milyonlarca sayac\u0131 ve kullan\u0131c\u0131y\u0131 kapsayan verimlilik odakl\u0131 hizmetleriyle sekt\u00f6r\u00fcn yan\u0131nda yer ald\u0131\u011f\u0131na de\u011findi.<\/p>\n<p>\u201cAtos\u2019un Smart Grid \u00e7\u00f6z\u00fcm\u00fc, \u00e7ok say\u0131da abonenin kullan\u0131m\u0131nda olan saya\u00e7lar\u0131n tek bir merkezden y\u00f6netilmesini sa\u011fl\u0131yor\u201d diyen Domann, Frans\u0131z elektrik da\u011f\u0131t\u0131m \u015firketi Electricite de France (EDF) taraf\u0131ndan kullan\u0131lan bu \u00e7\u00f6z\u00fcmle 35 milyon sayac\u0131n y\u00f6netimin m\u00fcmk\u00fcn olabilece\u011fini belirtti. \u201cBu referans ayn\u0131 zamanda, toplam 35 milyon kay\u0131tl\u0131 elektrik t\u00fcketicisi bulunan T\u00fcrkiye i\u00e7in de Atos\u2019un yetkinli\u011fi ve \u00e7\u00f6z\u00fcmlerinin yeterli oldu\u011funu g\u00f6steriyor\u201d diye ekledi.<\/p>\n<p>Kaynak: <a href=\"http:\/\/www.energyworld.com.tr\/root.vol?title=atostan-gelecegin-enerji-cozumleri&amp;exec=page&amp;nid=535985\" target=\"_blank\">Energy World<\/a><\/p>","protected":false},"excerpt":{"rendered":"<p>Sorry, this entry is only available in Turkish. For the sake of viewer convenience, the content is shown below in the alternative language. You may click the link to switch the active language.9-10 May\u0131s tarihleri aras\u0131nda Bilim, Sanayi ve Teknoloji Bakanl\u0131\u011f\u0131 taraf\u0131ndan d\u00fczenlenen \u201cUluslararas\u0131 \u0130stanbul Ak\u0131ll\u0131 \u015eebekeler Kongre ve Sergisi\u201dnde elektrik ve enerjinin gelece\u011fi masaya [&hellip;]<\/p>\n","protected":false},"author":1,"featured_media":10757,"comment_status":"open","ping_status":"open","sticky":false,"template":"","format":"standard","meta":[],"categories":[51,53],"tags":[1603,5228,68,130,63,5229,67,148,5230,5231,508],"views":707,"_links":{"self":[{"href":"https:\/\/www.enerjigazetesi.ist\/en\/wp-json\/wp\/v2\/posts\/10756"}],"collection":[{"href":"https:\/\/www.enerjigazetesi.ist\/en\/wp-json\/wp\/v2\/posts"}],"about":[{"href":"https:\/\/www.enerjigazetesi.ist\/en\/wp-json\/wp\/v2\/types\/post"}],"author":[{"embeddable":true,"href":"https:\/\/www.enerjigazetesi.ist\/en\/wp-json\/wp\/v2\/users\/1"}],"replies":[{"embeddable":true,"href":"https:\/\/www.enerjigazetesi.ist\/en\/wp-json\/wp\/v2\/comments?post=10756"}],"version-history":[{"count":2,"href":"https:\/\/www.enerjigazetesi.ist\/en\/wp-json\/wp\/v2\/posts\/10756\/revisions"}],"predecessor-version":[{"id":10759,"href":"https:\/\/www.enerjigazetesi.ist\/en\/wp-json\/wp\/v2\/posts\/10756\/revisions\/10759"}],"wp:featuredmedia":[{"embeddable":true,"href":"https:\/\/www.enerjigazetesi.ist\/en\/wp-json\/wp\/v2\/media\/10757"}],"wp:attachment":[{"href":"https:\/\/www.enerjigazetesi.ist\/en\/wp-json\/wp\/v2\/media?parent=10756"}],"wp:term":[{"taxonomy":"category","embeddable":true,"href":"https:\/\/www.enerjigazetesi.ist\/en\/wp-json\/wp\/v2\/categories?post=10756"},{"taxonomy":"post_tag","embeddable":true,"href":"https:\/\/www.enerjigazetesi.ist\/en\/wp-json\/wp\/v2\/tags?post=10756"}],"curies":[{"name":"wp","href":"https:\/\/api.w.org\/{rel}","templated":true}]}}