{"id":107543,"date":"2020-01-31T15:07:28","date_gmt":"2020-01-31T12:07:28","guid":{"rendered":"https:\/\/www.enerjigazetesi.ist\/?p=107543"},"modified":"2020-01-31T15:08:54","modified_gmt":"2020-01-31T12:08:54","slug":"gunes-enerjisi-son-3-yilda-yuzde-75-buyuyerek-kurulu-gucte-6-gwa-ulasti","status":"publish","type":"post","link":"https:\/\/www.enerjigazetesi.ist\/en\/gunes-enerjisi-son-3-yilda-yuzde-75-buyuyerek-kurulu-gucte-6-gwa-ulasti\/","title":{"rendered":"(Turkish) &#8217;G\u00fcne\u015f Enerjisi&#8217; Son 3 Y\u0131lda %75 B\u00fcy\u00fcyerek Kurulu G\u00fc\u00e7te 6 GW&#8217;a Ula\u015ft\u0131"},"content":{"rendered":"<p class=\"qtranxs-available-languages-message qtranxs-available-languages-message-en\">Sorry, this entry is only available in <a href=\"https:\/\/www.enerjigazetesi.ist\/tr\/wp-json\/wp\/v2\/posts\/107543\" class=\"qtranxs-available-language-link qtranxs-available-language-link-tr\" title=\"Turkish\">Turkish<\/a>. For the sake of viewer convenience, the content is shown below in the alternative language. You may click the link to switch the active language.<\/p><p><\/p>\n<h1><strong>T\u00fcrkiye\u2019de ge\u00e7mi\u015fi ancak 2014 y\u0131l\u0131na kadar uzanan g\u00fcne\u015f enerjisi sekt\u00f6r\u00fc, 40 MW kurulu g\u00fc\u00e7 ile ba\u015flayan yat\u0131r\u0131mlar\u0131n\u0131 art\u0131rarak b\u00fcy\u00fcmesini s\u00fcrd\u00fcr\u00fcyor. G\u00fcne\u015f Enerjisi Sanayicileri ve End\u00fcstrisi Derne\u011fi (GENSED) Ba\u015fkan\u0131 Halil Demirda\u011f, ya\u015fanan geli\u015fmeler, elde edilen sonu\u00e7lar ve yap\u0131lan projeksiyonlar \u0131\u015f\u0131\u011f\u0131nda sekt\u00f6r\u00fcn 2020 y\u0131l\u0131na iyi bir ba\u015flang\u0131\u00e7 yapt\u0131\u011f\u0131n\u0131 s\u00f6yledi. T\u00fcrkiye&#8217;nin g\u00fcne\u015fte 6,000 MW kapasiteye ula\u015ft\u0131\u011f\u0131n\u0131 belirten Demirda\u011f, sadece son 3 y\u0131ll\u0131k d\u00f6nemde kurulu g\u00fcc\u00fcn yakla\u015f\u0131k %75 art\u0131\u015f g\u00f6sterdi\u011fine dikkat \u00e7ekti.<\/strong><\/h1>\n<h2><strong>Y\u0131l\u0131n 2&#8217;nci Yar\u0131s\u0131 Hareketlendi<\/strong><\/h2>\n<p><img loading=\"lazy\" class=\"alignright wp-image-107545\" src=\"https:\/\/www.enerjigazetesi.ist\/wp-content\/uploads\/2020\/01\/gunes-enerjisi-son-3-yilda-yuzde-75-buyuyerek-kurulu-gucte-6-gwa-ulasti.jpg\" alt=\"\" width=\"320\" height=\"240\" srcset=\"https:\/\/www.enerjigazetesi.ist\/wp-content\/uploads\/2020\/01\/gunes-enerjisi-son-3-yilda-yuzde-75-buyuyerek-kurulu-gucte-6-gwa-ulasti.jpg 651w, https:\/\/www.enerjigazetesi.ist\/wp-content\/uploads\/2020\/01\/gunes-enerjisi-son-3-yilda-yuzde-75-buyuyerek-kurulu-gucte-6-gwa-ulasti-300x225.jpg 300w, https:\/\/www.enerjigazetesi.ist\/wp-content\/uploads\/2020\/01\/gunes-enerjisi-son-3-yilda-yuzde-75-buyuyerek-kurulu-gucte-6-gwa-ulasti-500x375.jpg 500w, https:\/\/www.enerjigazetesi.ist\/wp-content\/uploads\/2020\/01\/gunes-enerjisi-son-3-yilda-yuzde-75-buyuyerek-kurulu-gucte-6-gwa-ulasti-67x50.jpg 67w\" sizes=\"(max-width: 320px) 100vw, 320px\" \/>Sekt\u00f6r\u00fcn<strong> 2019 y\u0131l\u0131n\u0131n<\/strong> ilk yar\u0131s\u0131nda <strong>mevcut lisansl\u0131 projelerin<\/strong> azalm\u0131\u015f olmas\u0131 ve a<strong>z say\u0131da lisansl\u0131 projenin<\/strong> hayata ge\u00e7mesi nedeniyle s\u0131n\u0131rl\u0131 b\u00fcy\u00fcd\u00fc\u011f\u00fcne i\u015faret eden Demirda\u011f, \u015fu <span style=\"text-decoration: underline;\">de\u011ferlendirmelerde bulundu:<\/span><\/p>\n<p>\u201cG\u00fcne\u015f enerjisi sekt\u00f6r\u00fc, y\u0131l\u0131n <strong>2&#8217;inci yar\u0131s\u0131nda<\/strong> \u00e7at\u0131 uygulamalar\u0131n\u0131 kapsayan <strong>yeni lisanss\u0131z y\u00f6netmeli\u011finin<\/strong> yay\u0131nlanmas\u0131, <strong>elektrik tarifelerindeki art\u0131\u015flar<\/strong> ve s\u00fcresi <strong>biten lisanss\u0131z projelere<\/strong> ilave 3 ayl\u0131k s\u00fcre verilmesi ile hareketlendi. <strong>YEKA GES-3<\/strong> (10 MW\u2019l\u0131k par\u00e7alar halinde yakla\u015f\u0131k <strong>40 ilde<\/strong> yerli mal\u0131 kullan\u0131m kar\u015f\u0131l\u0131\u011f\u0131 <strong>1,000 MW<\/strong> kapasite tahsisi) ihale \u015fartnamesinin \u00e7ok k\u0131sa s\u00fcre i\u00e7inde yay\u0131nlanmas\u0131 bekleniyor.\u201d<\/p>\n<h2><strong>Kurulu G\u00fc\u00e7 2019 Sonu \u0130tibariyle 6 GW\u2018\u0131 G\u00f6rd\u00fc!<\/strong><\/h2>\n<p>G\u00fcne\u015f enerjisi sekt\u00f6r\u00fcn\u00fcn 2014 y\u0131l\u0131nda yakla\u015f\u0131k 40 MW kurulumla hareketlenmeye ba\u015flad\u0131\u011f\u0131n\u0131 hat\u0131rlatan Demirda\u011f, 6 y\u0131ll\u0131k <span style=\"text-decoration: underline;\">geli\u015fmeyi \u015f\u00f6yle \u00f6zetledi:<\/span><\/p>\n<p>\u201cSekt\u00f6r\u00fcm\u00fcz 2017 y\u0131l\u0131nda yakalad\u0131\u011f\u0131 ivmeyi s\u00fcrd\u00fcr\u00fcyor. <strong>2019 y\u0131l\u0131nda<\/strong> yakla\u015f\u0131k <strong>1,100 MW GES<\/strong> kurulum ile sene sonu toplam <strong>GES kurulu<\/strong> g\u00fcc\u00fcn\u00fcn<strong> 6 MW\u2019a<\/strong> ula\u015ft\u0131. T\u00fcrkiye neredeyse s\u0131f\u0131rdan ba\u015flad\u0131\u011f\u0131 g\u00fcne\u015f enerjisi sekt\u00f6r\u00fcnde \u015firketlerin, devletin ve di\u011fer t\u00fcm payda\u015flar\u0131n katk\u0131lar\u0131yla b\u00fcy\u00fcyor. Biliyoruz ki daha yolun \u00e7ok ba\u015f\u0131nday\u0131z. Gidecek uzun bir yolumuzun oldu\u011funu s\u00f6ylemek gerekiyor. T\u00fcrkiye\u2019nin <strong>100\u2019\u00fcnc\u00fc<\/strong> y\u0131l hedefi <strong>15 GW\u2019a<\/strong> ula\u015fmak. G\u00fcne\u015f enerjisi sekt\u00f6r\u00fc altyap\u0131s\u0131yla, deneyimiyle buna haz\u0131r, biz bu hedefi yakalayabiliriz. Sekt\u00f6r\u00fcm\u00fcz\u00fcn beklentisi, g\u00fcne\u015f enerjisine yat\u0131r\u0131mlar\u0131n devam ederek, her y\u0131l d\u00fczenli olarak <strong>1.5-2 GW<\/strong> aras\u0131 <strong>GES kurulumunun<\/strong> ger\u00e7ekle\u015fmesi ve ilerleyen y\u0131llarda da bu <strong>kurulum kapasitesinin s\u00fcreklili\u011finin<\/strong> sa\u011flayacak bir pazar\u0131n olu\u015fmas\u0131. Sekt\u00f6r\u00fcn beklentileri ger\u00e7ekle\u015firse <strong>bu ivme h\u0131z kesmeden<\/strong> devam eder.\u201d<\/p>\n<p>\u201cG\u00fcne\u015fin <strong>T\u00fcrkiye\u2019deki<\/strong> toplam <strong>elektrik \u00fcretimi<\/strong> i\u00e7indeki pay\u0131n\u0131n artmas\u0131na y\u00f6nelik her hamle, \u00fclkemizin refah\u0131 a\u00e7\u0131s\u0131ndan gerekli\u201d diyen Demirda\u011f, \u015funlar\u0131 s\u00f6yledi: \u201c<strong>Yerli ve milli enerji kayna\u011f\u0131<\/strong>m\u0131z olan g\u00fcne\u015fe yap\u0131lan her yat\u0131r\u0131m, ekonomimizi g\u00fc\u00e7lendirecektir. Bunun i\u00e7in yeni kapasiteler a\u00e7\u0131larak <strong>GES yat\u0131r\u0131mlar\u0131n\u0131n desteklenmesi<\/strong> gerekti\u011fini d\u00fc\u015f\u00fcn\u00fcyoruz. Mevcut kurulu g\u00fc\u00e7 sayesinde T\u00fcrkiye, ithal do\u011falgaza harcayaca\u011f\u0131 <strong>600 milyon dolarl\u0131k b\u00fct\u00e7eyi<\/strong> ekonomisine katt\u0131. G\u00fcne\u015f sistemlerinin yakla\u015f\u0131k <strong>30 y\u0131l \u00f6mr\u00fc<\/strong> oldu\u011fu d\u00fc\u015f\u00fcn\u00fcl\u00fcrse, bu da <strong>18 milyar dolarl\u0131k tasarruf edilmesi<\/strong> ve b\u00f6yle bir mebla\u011f\u0131n <strong>T\u00fcrkiye b\u00fct\u00e7esine kazand\u0131r\u0131lmas\u0131<\/strong> demek.\u201d<\/p>\n<p>T\u00fcrkiye\u2019nin <strong>g\u00fcne\u015f enerjisinde<\/strong> sahip oldu\u011fu potansiyelin yan\u0131 s\u0131ra \u015firketlerin \u00e7ok do\u011fru yat\u0131r\u0131mlar yapmas\u0131 ve <strong>g\u00fcne\u015f m\u00fchendisli\u011finin<\/strong> \u00e7ok ilerlemesi gibi avantajlar\u0131 da bulundu\u011funu vurgulayan Demirda\u011f, s\u00f6zlerini \u015f\u00f6yle sonland\u0131rd\u0131: &#8220;\u00d6nemli olan elde etti\u011fimiz bu <strong>ba\u015far\u0131n\u0131n devaml\u0131l\u0131\u011f\u0131n\u0131n<\/strong> sa\u011flanabilmesi. T\u00fcrkiye b\u00fcy\u00fck potansiyelinin daha iyi fark\u0131na vararak, g\u00f6ky\u00fcz\u00fcn\u00fc g\u00f6rebildi\u011fi her yerde, <strong>tar\u0131m yap\u0131lmayan arazilerini, fabrika, mesken, \u015firket \u00e7at\u0131lar\u0131n\u0131<\/strong> ekonomisine dahil ederek <strong>kendi g\u00fcne\u015finden enerjisini<\/strong> \u00fcretmeli.\u201d<\/p>","protected":false},"excerpt":{"rendered":"<p>Sorry, this entry is only available in Turkish. For the sake of viewer convenience, the content is shown below in the alternative language. You may click the link to switch the active language. T\u00fcrkiye\u2019de ge\u00e7mi\u015fi ancak 2014 y\u0131l\u0131na kadar uzanan g\u00fcne\u015f enerjisi sekt\u00f6r\u00fc, 40 MW kurulu g\u00fc\u00e7 ile ba\u015flayan yat\u0131r\u0131mlar\u0131n\u0131 art\u0131rarak b\u00fcy\u00fcmesini s\u00fcrd\u00fcr\u00fcyor. G\u00fcne\u015f Enerjisi [&hellip;]<\/p>\n","protected":false},"author":1,"featured_media":107545,"comment_status":"open","ping_status":"open","sticky":false,"template":"","format":"standard","meta":[],"categories":[51,53,49],"tags":[53114,66117,52259,47806,53157,65641,34862,29282,48945,846,61445,65639,65640],"views":111,"_links":{"self":[{"href":"https:\/\/www.enerjigazetesi.ist\/en\/wp-json\/wp\/v2\/posts\/107543"}],"collection":[{"href":"https:\/\/www.enerjigazetesi.ist\/en\/wp-json\/wp\/v2\/posts"}],"about":[{"href":"https:\/\/www.enerjigazetesi.ist\/en\/wp-json\/wp\/v2\/types\/post"}],"author":[{"embeddable":true,"href":"https:\/\/www.enerjigazetesi.ist\/en\/wp-json\/wp\/v2\/users\/1"}],"replies":[{"embeddable":true,"href":"https:\/\/www.enerjigazetesi.ist\/en\/wp-json\/wp\/v2\/comments?post=107543"}],"version-history":[{"count":0,"href":"https:\/\/www.enerjigazetesi.ist\/en\/wp-json\/wp\/v2\/posts\/107543\/revisions"}],"wp:featuredmedia":[{"embeddable":true,"href":"https:\/\/www.enerjigazetesi.ist\/en\/wp-json\/wp\/v2\/media\/107545"}],"wp:attachment":[{"href":"https:\/\/www.enerjigazetesi.ist\/en\/wp-json\/wp\/v2\/media?parent=107543"}],"wp:term":[{"taxonomy":"category","embeddable":true,"href":"https:\/\/www.enerjigazetesi.ist\/en\/wp-json\/wp\/v2\/categories?post=107543"},{"taxonomy":"post_tag","embeddable":true,"href":"https:\/\/www.enerjigazetesi.ist\/en\/wp-json\/wp\/v2\/tags?post=107543"}],"curies":[{"name":"wp","href":"https:\/\/api.w.org\/{rel}","templated":true}]}}