{"id":107431,"date":"2020-01-30T12:11:24","date_gmt":"2020-01-30T09:11:24","guid":{"rendered":"https:\/\/www.enerjigazetesi.ist\/?p=107431"},"modified":"2020-01-30T12:11:48","modified_gmt":"2020-01-30T09:11:48","slug":"kalite-den-odun-vermeyen-demirdokum-spqm-odulune-layik-goruldu","status":"publish","type":"post","link":"https:\/\/www.enerjigazetesi.ist\/en\/kalite-den-odun-vermeyen-demirdokum-spqm-odulune-layik-goruldu\/","title":{"rendered":"(Turkish) Kaliteden \u00d6d\u00fcn Vermeyen &#8216;DemirD\u00f6k\u00fcm&#8217; SPQM \u00d6d\u00fcl\u00fcne Lay\u0131k G\u00f6r\u00fcld\u00fc"},"content":{"rendered":"<p class=\"qtranxs-available-languages-message qtranxs-available-languages-message-en\">Sorry, this entry is only available in <a href=\"https:\/\/www.enerjigazetesi.ist\/tr\/wp-json\/wp\/v2\/posts\/107431\" class=\"qtranxs-available-language-link qtranxs-available-language-link-tr\" title=\"Turkish\">Turkish<\/a>. For the sake of viewer convenience, the content is shown below in the alternative language. You may click the link to switch the active language.<\/p><p><\/p>\n<h1><strong>\u0130klimlendirme sekt\u00f6r\u00fcn\u00fcn \u00f6nc\u00fc markalar\u0131ndan DemirD\u00f6k\u00fcm&#8217;\u00fcn \u00fcr\u00fcn ve \u00fcretimde kaliteden \u00f6d\u00fcn vermeyen s\u00fcre\u00e7leri \u00f6d\u00fcllendirildi. Vaillant Group&#8217;un t\u00fcm fabrikalar\u0131nda s\u00fcrd\u00fcr\u00fclebilir m\u00fckemmelli\u011fi sa\u011flamak i\u00e7in \u00fcretim haz\u0131rl\u0131\u011f\u0131ndan, s\u00fcre\u00e7 y\u00f6netimi ve \u00fcr\u00fcn kalitesine kadar 14 kategoride ger\u00e7ekle\u015ftirdi\u011fi SPQM (Standart Fabrika Kalite Y\u00f6netimi) uygulamas\u0131nda DemirD\u00f6k\u00fcm, de\u011ferlendirmeye al\u0131nan 10 fabrika aras\u0131nda 1&#8217;inci oldu.<img loading=\"lazy\" class=\"alignright wp-image-107433\" src=\"https:\/\/www.enerjigazetesi.ist\/wp-content\/uploads\/2020\/01\/kalite-den-odun-vermeyen-demirdokum-spqm-odulune-layik-goruldu.jpg\" alt=\"\" width=\"320\" height=\"240\" srcset=\"https:\/\/www.enerjigazetesi.ist\/wp-content\/uploads\/2020\/01\/kalite-den-odun-vermeyen-demirdokum-spqm-odulune-layik-goruldu.jpg 651w, https:\/\/www.enerjigazetesi.ist\/wp-content\/uploads\/2020\/01\/kalite-den-odun-vermeyen-demirdokum-spqm-odulune-layik-goruldu-300x225.jpg 300w, https:\/\/www.enerjigazetesi.ist\/wp-content\/uploads\/2020\/01\/kalite-den-odun-vermeyen-demirdokum-spqm-odulune-layik-goruldu-500x375.jpg 500w, https:\/\/www.enerjigazetesi.ist\/wp-content\/uploads\/2020\/01\/kalite-den-odun-vermeyen-demirdokum-spqm-odulune-layik-goruldu-67x50.jpg 67w\" sizes=\"(max-width: 320px) 100vw, 320px\" \/><\/strong><\/h1>\n<p>T\u00fcrkiye iklimlendirme sekt\u00f6r\u00fcne<strong> 66 y\u0131ld\u0131r bir\u00e7ok<\/strong> ilki kazand\u0131ran <strong>DemirD\u00f6k\u00fcm<\/strong>, 2020&#8217;ye \u00fcr\u00fcn ve \u00fcretim s\u00fcre\u00e7lerinde <strong>kalite \u00f6d\u00fcl\u00fc<\/strong>yle ba\u015flad\u0131. <strong>Vaillant Group<\/strong>&#8216;un t\u00fcm s\u00fcre\u00e7lerde <strong>m\u00fckemmellik modeli<\/strong> yakla\u015f\u0131m\u0131yla hayata ge\u00e7irdi\u011fi<strong> SPQM (Standart Fabrika Kalite Y\u00f6netimi) uygulamas\u0131<\/strong> kapsam\u0131nda DemirD\u00f6k\u00fcm&#8217;\u00fcn <strong>Boz\u00fcy\u00fck fabrikas\u0131<\/strong> en y\u00fcksek puan\u0131 ald\u0131. DemirD\u00f6k\u00fcm Boz\u00fcy\u00fck tesisleri standart fabrika <em>kalite y\u00f6netim, operasyon ve destek s\u00fcre\u00e7leri<\/em> <strong>SPQM uygulamas\u0131<\/strong> kapsam\u0131nda ayr\u0131 ayr\u0131 de\u011ferlendirildi.<\/p>\n<p>D\u00fcnyan\u0131n 50\u2019yi a\u015fk\u0131n \u00fclkesinde \u0131s\u0131 konforu sunan <strong>DemirD\u00f6k\u00fcm&#8217;\u00fcn<\/strong> <strong>Boz\u00fcy\u00fck tesisleri<\/strong>, seri \u00fcretim \u00f6ncesindeki <strong>\u00fcr\u00fcn ve proses kalite planlamas\u0131<\/strong>ndan ba\u015flayarak, seri \u00fcretim s\u00fcrecindeki t\u00fcm girdi ve \u00e7\u0131kt\u0131lar\u0131n\u0131n kalitesi kapsam\u0131nda de\u011ferlendirildi. <strong>Kalite de\u011ferlendirme s\u00fcreci<\/strong>, grubun 10 fabrikas\u0131nda <strong>4 ana<\/strong> ba\u015fl\u0131k, <strong>14 kategoride<\/strong> ger\u00e7ekle\u015ftirildi ve <strong>DemirD\u00f6k\u00fcm Boz\u00fcy\u00fck Fabrikas\u0131<\/strong> \u00f6d\u00fcl almaya lay\u0131k g\u00f6r\u00fclen ilk fabrika oldu.<\/p>","protected":false},"excerpt":{"rendered":"<p>Sorry, this entry is only available in Turkish. For the sake of viewer convenience, the content is shown below in the alternative language. You may click the link to switch the active language. \u0130klimlendirme sekt\u00f6r\u00fcn\u00fcn \u00f6nc\u00fc markalar\u0131ndan DemirD\u00f6k\u00fcm&#8217;\u00fcn \u00fcr\u00fcn ve \u00fcretimde kaliteden \u00f6d\u00fcn vermeyen s\u00fcre\u00e7leri \u00f6d\u00fcllendirildi. Vaillant Group&#8217;un t\u00fcm fabrikalar\u0131nda s\u00fcrd\u00fcr\u00fclebilir m\u00fckemmelli\u011fi sa\u011flamak i\u00e7in \u00fcretim [&hellip;]<\/p>\n","protected":false},"author":1,"featured_media":107433,"comment_status":"open","ping_status":"open","sticky":false,"template":"","format":"standard","meta":[],"categories":[46,53],"tags":[39222,66005,869,66008,52259,53499,66007,66004,66009,66010,66002,37032,66006,66003,38205],"views":133,"_links":{"self":[{"href":"https:\/\/www.enerjigazetesi.ist\/en\/wp-json\/wp\/v2\/posts\/107431"}],"collection":[{"href":"https:\/\/www.enerjigazetesi.ist\/en\/wp-json\/wp\/v2\/posts"}],"about":[{"href":"https:\/\/www.enerjigazetesi.ist\/en\/wp-json\/wp\/v2\/types\/post"}],"author":[{"embeddable":true,"href":"https:\/\/www.enerjigazetesi.ist\/en\/wp-json\/wp\/v2\/users\/1"}],"replies":[{"embeddable":true,"href":"https:\/\/www.enerjigazetesi.ist\/en\/wp-json\/wp\/v2\/comments?post=107431"}],"version-history":[{"count":0,"href":"https:\/\/www.enerjigazetesi.ist\/en\/wp-json\/wp\/v2\/posts\/107431\/revisions"}],"wp:featuredmedia":[{"embeddable":true,"href":"https:\/\/www.enerjigazetesi.ist\/en\/wp-json\/wp\/v2\/media\/107433"}],"wp:attachment":[{"href":"https:\/\/www.enerjigazetesi.ist\/en\/wp-json\/wp\/v2\/media?parent=107431"}],"wp:term":[{"taxonomy":"category","embeddable":true,"href":"https:\/\/www.enerjigazetesi.ist\/en\/wp-json\/wp\/v2\/categories?post=107431"},{"taxonomy":"post_tag","embeddable":true,"href":"https:\/\/www.enerjigazetesi.ist\/en\/wp-json\/wp\/v2\/tags?post=107431"}],"curies":[{"name":"wp","href":"https:\/\/api.w.org\/{rel}","templated":true}]}}