{"id":107297,"date":"2020-01-28T20:08:45","date_gmt":"2020-01-28T17:08:45","guid":{"rendered":"https:\/\/www.enerjigazetesi.ist\/?p=107297"},"modified":"2020-01-28T20:08:45","modified_gmt":"2020-01-28T17:08:45","slug":"kordsa-karbon-saydamlik-projesi-iklim-degisikligi-raporu-notu-3-kademe-artti","status":"publish","type":"post","link":"https:\/\/www.enerjigazetesi.ist\/en\/kordsa-karbon-saydamlik-projesi-iklim-degisikligi-raporu-notu-3-kademe-artti\/","title":{"rendered":"(Turkish) Kordsa &#8216;Karbon Saydaml\u0131k Projesi \u0130klim De\u011fi\u015fikli\u011fi Raporu&#8217; Notu 3 Kademe Artt\u0131"},"content":{"rendered":"<p class=\"qtranxs-available-languages-message qtranxs-available-languages-message-en\">Sorry, this entry is only available in <a href=\"https:\/\/www.enerjigazetesi.ist\/tr\/wp-json\/wp\/v2\/posts\/107297\" class=\"qtranxs-available-language-link qtranxs-available-language-link-tr\" title=\"Turkish\">Turkish<\/a>. For the sake of viewer convenience, the content is shown below in the alternative language. You may click the link to switch the active language.<\/p><p><\/p>\n<h1><strong>Halka a\u00e7\u0131k \u015firketlerin iklim de\u011fi\u015fikli\u011fi ile ilgili risklerini nas\u0131l y\u00f6nettiklerini yat\u0131r\u0131mc\u0131lara raporlamalar\u0131na arac\u0131l\u0131k eden d\u00fcnya \u00fczerindeki ilk ve tek sivil toplum kurulu\u015fu olan Karbon Saydaml\u0131k Projesi\u2019nin 2019 y\u0131l\u0131 raporlama d\u00f6neminde KORDSA, rapor notunu C-\u2018den B\u2019ye y\u00fckseltti.\u00a0<\/strong><strong>D\u00fcnya ve Avrupa ortalamas\u0131n\u0131n C oldu\u011fu 2019 y\u0131l\u0131 raporlama d\u00f6neminde, KORDSA ortalaman\u0131n \u00fczerindeki performans\u0131 ile iklim de\u011fi\u015fikli\u011fi ile ilgili risklerini y\u00f6netme konusunda \u00f6nc\u00fc \u015firketler aras\u0131na girdi.<\/strong><\/h1>\n<p><strong>Sabanc\u0131 Holding<\/strong> i\u015ftiraklerinden Kordsa,<strong> s\u00fcrd\u00fcr\u00fclebilir<\/strong> bir gelecek in\u015fa etme vizyonu do\u011frultusunda <strong>\u00e7evre dostu teknolojiler<\/strong> \u00fcreterek <strong>T\u00fcrkiye ekonomisi<\/strong> i\u00e7in <strong>s\u00fcrd\u00fcr\u00fclebilir de\u011fer yaratma<\/strong>ya devam ediyor.<\/p>\n<p><img loading=\"lazy\" class=\"alignright wp-image-107301\" src=\"https:\/\/www.enerjigazetesi.ist\/wp-content\/uploads\/2020\/01\/kordsa-karbon-saydamlik-projesi-iklim-degisikligi-raporu-notu-3-kademe-artti-1.jpg\" alt=\"\" width=\"320\" height=\"240\" srcset=\"https:\/\/www.enerjigazetesi.ist\/wp-content\/uploads\/2020\/01\/kordsa-karbon-saydamlik-projesi-iklim-degisikligi-raporu-notu-3-kademe-artti-1.jpg 651w, https:\/\/www.enerjigazetesi.ist\/wp-content\/uploads\/2020\/01\/kordsa-karbon-saydamlik-projesi-iklim-degisikligi-raporu-notu-3-kademe-artti-1-300x225.jpg 300w, https:\/\/www.enerjigazetesi.ist\/wp-content\/uploads\/2020\/01\/kordsa-karbon-saydamlik-projesi-iklim-degisikligi-raporu-notu-3-kademe-artti-1-500x375.jpg 500w, https:\/\/www.enerjigazetesi.ist\/wp-content\/uploads\/2020\/01\/kordsa-karbon-saydamlik-projesi-iklim-degisikligi-raporu-notu-3-kademe-artti-1-67x50.jpg 67w\" sizes=\"(max-width: 320px) 100vw, 320px\" \/>Kordsa, <strong>iklim de\u011fi\u015fikli\u011fi<\/strong> ile ilgili <strong>risk ve f\u0131rsatlar\u0131n\u0131 y\u00f6netmeye<\/strong> y\u00f6nelik ger\u00e7ekle\u015ftirdi\u011fi \u00e7al\u0131\u015fmalar sonucu, \u015firketlerin <strong>karbon kaynakl\u0131 piyasa riskini<\/strong> k\u00fcresel <strong>\u00e7apta raporlayan tek ba\u011f\u0131ms\u0131z kurulu\u015f<\/strong> olan <strong>Karbon Saydaml\u0131k Projesi 2019<\/strong> raporlama d\u00f6neminde notunu <strong>Fark\u0131ndal\u0131k seviyesinin 1&#8217;inci ve alt basama\u011f\u0131<\/strong> olan <strong>C-\u2018den \u00fc\u00e7 basamak<\/strong> y\u00fckselterek Y\u00f6netim seviyesinin 2&#8217;nci ve en \u00fcst basama\u011f\u0131 olan <strong>B notuna<\/strong> ula\u015ft\u0131.<\/p>\n<p><strong>D\u00fcnya ve Avrupa<\/strong> ortalamas\u0131n\u0131n C oldu\u011fu <strong>2019 y\u0131l\u0131 raporlama<\/strong> d\u00f6neminde, <strong>KORDSA ortalaman\u0131n<\/strong> \u00fczerindeki performans\u0131 ile <strong>iklim de\u011fi\u015fikli\u011fi ile ilgili risklerini<\/strong> y\u00f6netme konusunda \u00f6nc\u00fc \u015firketler aras\u0131na girdi.<\/p>\n<p>Ge\u00e7en y\u0131l <strong>5&#8217;inci s\u00fcrd\u00fcr\u00fclebilirlik raporu<\/strong>nu yay\u0131mlayan Kordsa\u2019n\u0131n <strong>2018 S\u00fcrd\u00fcr\u00fclebilirlik Raporu\u2019nda<\/strong>, \u00f6nceki y\u0131llardan farkl\u0131 olarak <strong>lastik g\u00fc\u00e7lendirme<\/strong> ile <strong>kompozit teknolojileri<\/strong> i\u015f kollar\u0131n\u0131n <strong>de\u011fer zincirlerine ve s\u00fcrd\u00fcr\u00fclebilirlik etkilerine<\/strong> \u015femalarla yer verildi. Daha <strong>az enerji ve malzeme ile daha hafif ve dayan\u0131kl\u0131 lastik ve kompozit malzemeler \u00fcretmek i\u00e7in<\/strong> yapt\u0131\u011f\u0131 \u00e7al\u0131\u015fmalar sonucunda <strong>Kordsa\u2019n\u0131n<\/strong> 2018 y\u0131l sonu itibariyle, patent ba\u015fvurusu say\u0131s\u0131 <strong>670\u2019e<\/strong>, bulu\u015f say\u0131s\u0131 ise <strong>183\u2019e<\/strong> ula\u015ft\u0131. <strong>Global g\u00fc\u00e7lendirme lideri<\/strong>, att\u0131\u011f\u0131 yeniden kazan\u0131m ad\u0131mlar\u0131yla <strong>yakla\u015f\u0131k 3 milyon bobini<\/strong> yeniden kullanarak <strong>1,82 milyon ABD dolar\u0131<\/strong> tasarruf etti. <strong>Emisyon y\u00f6netimi, at\u0131k y\u00f6netimi ve e\u011fitimler<\/strong> ile<strong> 790 bin ABD dolar\u0131<\/strong> de\u011ferinde \u00e7evresel yat\u0131r\u0131m ger\u00e7ekle\u015ftirdi.<\/p>","protected":false},"excerpt":{"rendered":"<p>Sorry, this entry is only available in Turkish. For the sake of viewer convenience, the content is shown below in the alternative language. You may click the link to switch the active language. Halka a\u00e7\u0131k \u015firketlerin iklim de\u011fi\u015fikli\u011fi ile ilgili risklerini nas\u0131l y\u00f6nettiklerini yat\u0131r\u0131mc\u0131lara raporlamalar\u0131na arac\u0131l\u0131k eden d\u00fcnya \u00fczerindeki ilk ve tek sivil toplum kurulu\u015fu [&hellip;]<\/p>\n","protected":false},"author":1,"featured_media":107299,"comment_status":"open","ping_status":"open","sticky":false,"template":"","format":"standard","meta":[],"categories":[53,52],"tags":[65874,2314,52259,65873,41159,5719,29783,1048,37032],"views":165,"_links":{"self":[{"href":"https:\/\/www.enerjigazetesi.ist\/en\/wp-json\/wp\/v2\/posts\/107297"}],"collection":[{"href":"https:\/\/www.enerjigazetesi.ist\/en\/wp-json\/wp\/v2\/posts"}],"about":[{"href":"https:\/\/www.enerjigazetesi.ist\/en\/wp-json\/wp\/v2\/types\/post"}],"author":[{"embeddable":true,"href":"https:\/\/www.enerjigazetesi.ist\/en\/wp-json\/wp\/v2\/users\/1"}],"replies":[{"embeddable":true,"href":"https:\/\/www.enerjigazetesi.ist\/en\/wp-json\/wp\/v2\/comments?post=107297"}],"version-history":[{"count":0,"href":"https:\/\/www.enerjigazetesi.ist\/en\/wp-json\/wp\/v2\/posts\/107297\/revisions"}],"wp:featuredmedia":[{"embeddable":true,"href":"https:\/\/www.enerjigazetesi.ist\/en\/wp-json\/wp\/v2\/media\/107299"}],"wp:attachment":[{"href":"https:\/\/www.enerjigazetesi.ist\/en\/wp-json\/wp\/v2\/media?parent=107297"}],"wp:term":[{"taxonomy":"category","embeddable":true,"href":"https:\/\/www.enerjigazetesi.ist\/en\/wp-json\/wp\/v2\/categories?post=107297"},{"taxonomy":"post_tag","embeddable":true,"href":"https:\/\/www.enerjigazetesi.ist\/en\/wp-json\/wp\/v2\/tags?post=107297"}],"curies":[{"name":"wp","href":"https:\/\/api.w.org\/{rel}","templated":true}]}}