{"id":107085,"date":"2020-01-23T23:14:45","date_gmt":"2020-01-23T20:14:45","guid":{"rendered":"https:\/\/www.enerjigazetesi.ist\/?p=107085"},"modified":"2020-01-23T23:15:25","modified_gmt":"2020-01-23T20:15:25","slug":"english-yeni-nesil-gunes-enerjisiyle-aydinlaniyor","status":"publish","type":"post","link":"https:\/\/www.enerjigazetesi.ist\/en\/english-yeni-nesil-gunes-enerjisiyle-aydinlaniyor\/","title":{"rendered":"(Turkish) &#8221;Yeni Nesil G\u00fcne\u015f Enerjisiyle Ayd\u0131nlan\u0131yor&#8221;"},"content":{"rendered":"<p class=\"qtranxs-available-languages-message qtranxs-available-languages-message-en\">Sorry, this entry is only available in <a href=\"https:\/\/www.enerjigazetesi.ist\/tr\/wp-json\/wp\/v2\/posts\/107085\" class=\"qtranxs-available-language-link qtranxs-available-language-link-tr\" title=\"Turkish\">Turkish<\/a>. For the sake of viewer convenience, the content is shown below in the alternative language. You may click the link to switch the active language.<\/p><p><\/p>\n<h1>Ege \u00dcniversitesi G\u00fcne\u015f Enerjisi Enstit\u00fcs\u00fc&#8217;nde &#8220;Yeni Nesil G\u00fcne\u015f Enerjisiyle Ayd\u0131nlan\u0131yor&#8221; isimli sosyal sorumluluk projesi kapsam\u0131nda tan\u0131t\u0131m etkinli\u011fi d\u00fczenlendi.<\/h1>\n<p class=\"selectionShareable\">Etkinlikte, <strong>\u00d6zel Bily\u00f6n Koleji<\/strong> \u00f6\u011frencilerine <strong>G\u00fcne\u015f Enerjisi Enstit\u00fcs\u00fc<\/strong> M\u00fcd\u00fcr\u00fc <strong>Prof. Dr. \u015eule Erten<\/strong> Ela ve M\u00fcd\u00fcr Yard\u0131mc\u0131s\u0131 <strong>Dr. \u00d6\u011fr. \u00dcyesi Burak G\u00fcltekin<\/strong> taraf\u0131ndan, g\u00fcne\u015f enerjisi ve yenilebilir enerji teknolojileri hakk\u0131nda \u00f6nemli bilgiler verildi.<\/p>\n<p class=\"selectionShareable\"><strong>Ege \u00dcniversitesi<\/strong> G\u00fcne\u015f Enerjisi Enstit\u00fcs\u00fc M\u00fcd\u00fcr\u00fc <strong>Prof. Dr. \u015eule Erten Ela<\/strong>, &#8220;Bug\u00fcn burada &#8216;Yeni Nesil G\u00fcne\u015f Enerjisiyle Ayd\u0131nlan\u0131yor&#8217; isimli <strong>sosyal sorumluluk projesi<\/strong> i\u00e7in topland\u0131k. G\u00fcne\u015f Enerjisi <img loading=\"lazy\" class=\"alignright wp-image-107087\" src=\"https:\/\/www.enerjigazetesi.ist\/wp-content\/uploads\/2020\/01\/yeni-nesil-gunes-enerjisiyle-aydinlaniyor.jpg\" alt=\"\" width=\"320\" height=\"212\" srcset=\"https:\/\/www.enerjigazetesi.ist\/wp-content\/uploads\/2020\/01\/yeni-nesil-gunes-enerjisiyle-aydinlaniyor.jpg 735w, https:\/\/www.enerjigazetesi.ist\/wp-content\/uploads\/2020\/01\/yeni-nesil-gunes-enerjisiyle-aydinlaniyor-300x199.jpg 300w, https:\/\/www.enerjigazetesi.ist\/wp-content\/uploads\/2020\/01\/yeni-nesil-gunes-enerjisiyle-aydinlaniyor-500x332.jpg 500w, https:\/\/www.enerjigazetesi.ist\/wp-content\/uploads\/2020\/01\/yeni-nesil-gunes-enerjisiyle-aydinlaniyor-75x50.jpg 75w, https:\/\/www.enerjigazetesi.ist\/wp-content\/uploads\/2020\/01\/yeni-nesil-gunes-enerjisiyle-aydinlaniyor-450x300.jpg 450w\" sizes=\"(max-width: 320px) 100vw, 320px\" \/>Enstit\u00fcs\u00fc olarak, <strong>41 y\u0131l\u0131 doldurman\u0131n<\/strong> sevincini ve co\u015fkusunu ya\u015f\u0131yoruz. Bug\u00fcnlere ula\u015fabilmek ger\u00e7ekten \u00e7ok onur verici. Say\u0131s\u0131z projelere imza att\u0131k. Ayn\u0131 zamanda \u00e7al\u0131\u015fmalar\u0131m\u0131z\u0131 sosyal sorumluluk projesiyle desteklemek istedik.<strong> &#8216;T\u00fcrkiye&#8217;ye Enerji Veren Kad\u0131nlar \u00d6d\u00fcl\u00fc&#8217;n\u00fc<\/strong> alm\u0131\u015f biri olarak burada sizlerle oldu\u011fum i\u00e7in \u00e7ok mutluyum. Enerjimizi sosyal sorumluluk projelerine vermek ve \u0130zmir&#8217;den ba\u015flayan bu <strong>etkinli\u011fi \u00fclkemizin her yerine yaymak<\/strong> istiyoruz. Hocalar\u0131m\u0131z\u0131n ve de\u011ferli \u00f6\u011fretim \u00fcyelerimizin bireysel \u00e7al\u0131\u015fmalar\u0131, uluslararas\u0131 projelerimiz var. Bireysel \u00e7al\u0131\u015fmalar\u0131m\u0131z, kurumsal \u00e7al\u0131\u015fmalar\u0131m\u0131z ve di\u011fer kurumlarla ortak \u00e7al\u0131\u015fmalar\u0131m\u0131zla enstit\u00fcm\u00fcz\u00fc daha iyi yerlere ta\u015f\u0131may\u0131 ama\u00e7l\u0131yoruz. Bu ama\u00e7la yapm\u0131\u015f oldu\u011fumuz \u00e7al\u0131\u015fmalar\u0131m\u0131z olduk\u00e7a fazla. Buras\u0131 bir cazibe merkezi. Uluslararas\u0131 yabanc\u0131 \u00f6\u011fretim \u00fcyeleri Enstit\u00fcm\u00fcze <strong>Yeni Nesil G\u00fcne\u015f H\u00fccre Teknolojisi<\/strong>ni \u00f6\u011frenmek ve \u00e7al\u0131\u015fmak i\u00e7in geliyor. Bir\u00e7ok alanda ba\u015far\u0131lar elde ettik. <strong>G\u00fcne\u015fin \u0131s\u0131 ve \u0131\u015f\u0131k enerjisi<\/strong> gibi, <strong>G\u00fcne\u015f Enerjisi Enstit\u00fcs\u00fc<\/strong> olarak t\u00fcm T\u00fcrkiye&#8217;yi sevgi dolu enerjimizle \u0131s\u0131tal\u0131m ve ayn\u0131 zamanda bilimsel vizyonumuzla bir \u0131\u015f\u0131k olal\u0131m istiyoruz. Bu i\u015fte, <strong>emek ve sevgi olunca daha iyi i\u015fler<\/strong> ortaya koyaca\u011f\u0131m\u0131za inan\u0131yorum&#8221; dedi.<\/p>\n<p class=\"selectionShareable\"><strong>Prof. Dr. \u015eule Erten Ela<\/strong>, &#8220;Projelerimizi daha \u00e7ok geli\u015ftirmek istiyoruz. Bu proje kapsam\u0131nda gen\u00e7lere, \u00f6\u011frencilere ve \u00e7ocuklara, yani yeni nesile burada neler yapt\u0131\u011f\u0131m\u0131z\u0131 anlatmak istedik, bu bizim g\u00f6revimiz. Bunun i\u00e7in de kendilerine bir g\u00fcne\u015f maketi veriyoruz. Bu <strong>g\u00fcne\u015f maketiyle<\/strong> \u00f6\u011frencilerin bir proje \u00e7\u0131karmalar\u0131n\u0131 istiyoruz. En g\u00fczel projeyi \u00e7\u0131karan ki\u015fiye en b\u00fcy\u00fck \u00f6d\u00fcl\u00fc vermek istiyoruz. \u00d6\u011frencilerimize <strong>fark\u0131ndal\u0131k kazand\u0131rmak ve proje geli\u015ftirmeye<\/strong> te\u015fvik etmeyi ama\u00e7lad\u0131k. Burada \u00e7ocuklara \u00e7ok g\u00fczel i\u015fler d\u00fc\u015f\u00fcyor. Ege \u00dcniversitesi Rekt\u00f6r\u00fcm\u00fcz Say\u0131n <strong>Prof. Dr. Necdet Budak<\/strong> bilimi ve bilim insanlar\u0131na her zaman deste\u011fini s\u00fcrd\u00fcr\u00fcyor. Ayn\u0131 zamanda <strong>sosyal sorumluluk projelerine<\/strong> \u00e7ok \u00f6nem veriyor. Desteklerinden dolay\u0131 <strong>Rekt\u00f6r Hocam\u0131za<\/strong> \u00e7ok te\u015fekk\u00fcr ediyoruz&#8221; diye konu\u015ftu.<\/p>\n<h2 class=\"selectionShareable\">&#8220;Yenilebilir enerji teknolojileri \u00fczerine \u00e7al\u0131\u015fmalar yap\u0131yoruz&#8221;<\/h2>\n<p class=\"selectionShareable\">G\u00fcne\u015f Enerjisi Enstit\u00fcs\u00fc M\u00fcd\u00fcr Yard\u0131mc\u0131s\u0131 <strong>Dr. \u00d6\u011fr. \u00dcyesi Burak G\u00fcltekin<\/strong>, &#8220;G\u00fcne\u015f, d\u00fcnyadaki b\u00fct\u00fcn enerji kaynaklar\u0131n\u0131n temelini olu\u015fturuyor. Bizler, g\u00fcne\u015f enerjisi olarak yenilebilir enerji teknolojileri \u00fczerine \u00e7al\u0131\u015fmalar yap\u0131yoruz. Kullan\u0131lan s\u00fcre\u00e7, kullan\u0131lan hammadde ya da herhangi bir malzemenin hem yenilenmesinde hem de kullan\u0131m s\u0131ras\u0131nda \u00e7evreyle, insanla bar\u0131\u015f\u0131k olunmas\u0131 gerekiyor. Bu y\u00fczden, s\u00fcrd\u00fcr\u00fclebilir bir \u00e7evre i\u00e7in \u00fcniversitelerle, ara\u015ft\u0131rma gruplar\u0131yla ve okullarla ili\u015fkiler kurarak yenilebilir enerji kaynaklar\u0131n\u0131n kullan\u0131m\u0131n\u0131 misyon edinmi\u015f durumday\u0131z. Vizyon olarak da, d\u00fcnyayla bar\u0131\u015f i\u00e7erisinde olmam\u0131z gerekiyor. Bunu ortaya \u00e7\u0131karacak \u00e7al\u0131\u015fmalar\u0131 yapmak ve \u00f6nc\u00fc bir kurum olmak vizyonumuzun genel \u00e7er\u00e7evesini olu\u015fturuyor&#8221; dedi.<\/p>\n<h2 class=\"selectionShareable\">&#8220;\u00c7evre ve enerji alan\u0131nda tematik merkez&#8221;<\/h2>\n<p class=\"selectionShareable\"><strong>Dr. \u00d6\u011fr. \u00dcyesi Burak G\u00fcltekin<\/strong>, &#8220;G\u00fcne\u015f Enerjisi Enstit\u00fcs\u00fc, \u00e7evre ve enerji alan\u0131nda tematik merkez olarak kabul ediliyor. G\u00fcne\u015f, bizi hem ayd\u0131nlat\u0131yor hem de \u0131s\u0131t\u0131yor. I\u015f\u0131k enerjisini elektrik enerjisine d\u00f6n\u00fc\u015ft\u00fcren sistemler var. Ayr\u0131ca <strong>g\u00fcne\u015fi sadece \u0131s\u0131tma da de\u011fil, so\u011futmada da<\/strong> kullanabiliyoruz. Bununla ilgili \u00e7al\u0131\u015fmalar ve geli\u015fen teknolojiler \u00fczerinde \u00e7al\u0131\u015fmalar yap\u0131yoruz. Son <strong>15 y\u0131lda 200&#8217;den fazla<\/strong> projelerimiz var. \u00c7e\u015fitli konularda e\u011fitimler veriyoruz. Ayn\u0131 zamanda uluslararas\u0131 \u00f6\u011frencilerimizin say\u0131s\u0131 da fazla. <strong>Verimli binalar ve verimli fabrikalar kurulursa, ayd\u0131nlatmada daha az enerji t\u00fcketilen<\/strong> sistemler kullan\u0131l\u0131rsa, <strong>daha az enerji t\u00fcketilerek<\/strong> daha fazla \u00fcretim yap\u0131labilir. Bu y\u00fczden yapt\u0131\u011f\u0131m\u0131z \u00e7al\u0131\u015fmalar\u0131 projelerimiz ile destekliyoruz&#8221; dedi.<\/p>\n<h2 class=\"selectionShareable\">&#8220;\u00d6nceli\u011fimiz yeni nesillere temiz bir \u00e7evre b\u0131rakmak&#8221;<\/h2>\n<p class=\"selectionShareable\"><strong>\u00d6zel \u0130zmir Bily\u00f6n Koleji Anadolu Lisesi<\/strong> M\u00fcd\u00fcr Yard\u0131mc\u0131s\u0131 <strong>Metin Tuncel<\/strong>, etkinlikte yapt\u0131\u011f\u0131 konu\u015fmada, &#8220;<strong>G\u00fcne\u015f enerjisi, yenilebilir enerji kaynaklar\u0131<\/strong> aras\u0131nda en \u00e7ok tercih edilen kaynakt\u0131r. Hem ev ekonomisine hem de \u00fclke ekonomisine katk\u0131 sa\u011flayan bu enerjiyi kullanabilmek a\u00e7\u0131s\u0131ndan, yeni yollar bulmak ve bunlar\u0131 geli\u015ftirmek bizim i\u00e7in \u00e7ok \u00f6nemli. Ayr\u0131ca \u00e7evre sa\u011fl\u0131\u011f\u0131 a\u00e7\u0131s\u0131ndan da g\u00fcne\u015f enerjisi ve di\u011fer enerji kaynaklar\u0131n\u0131 kullanmak \u00f6nem ta\u015f\u0131yor. Yeni nesillere temiz bir \u00e7evre b\u0131rakmak \u00f6nceliklerimiz aras\u0131nda. Bizler, Bily\u00f6n Koleji olarak \u00e7ocuklar\u0131m\u0131z\u0131 <strong>yenilebilir enerji kaynaklar\u0131<\/strong> konusunda bilin\u00e7lendirmeyi ama\u00e7l\u0131yoruz. \u00d6\u011frencilerimizin yeni yollar ke\u015ffetmesi ve bunlar\u0131 geli\u015ftirmesini istiyoruz. Bu konuda <strong>G\u00fcne\u015f Enerjisi Enstit\u00fcs\u00fc<\/strong>&#8216;n\u00fcn \u00e7al\u0131\u015fmalar\u0131 \u00e7ok b\u00fcy\u00fck. Projelerin, yap\u0131lan \u00e7al\u0131\u015fmalar\u0131n \u00e7ocuklar\u0131m\u0131z\u0131n ve bizlerin gelece\u011fi i\u00e7in faydas\u0131 olacak&#8221; diye konu\u015ftu.<\/p>\n<p class=\"selectionShareable\"><strong>\u00d6zel \u0130zmir Bily\u00f6n Koleji \u00f6\u011frencilerinin<\/strong> kat\u0131l\u0131m\u0131yla ger\u00e7ekle\u015fen proje sonunda, \u00f6\u011frencilere kat\u0131l\u0131m belgeleri takdim edildi.<\/p>\n<p><\/p>","protected":false},"excerpt":{"rendered":"<p>Sorry, this entry is only available in Turkish. For the sake of viewer convenience, the content is shown below in the alternative language. You may click the link to switch the active language. Ege \u00dcniversitesi G\u00fcne\u015f Enerjisi Enstit\u00fcs\u00fc&#8217;nde &#8220;Yeni Nesil G\u00fcne\u015f Enerjisiyle Ayd\u0131nlan\u0131yor&#8221; isimli sosyal sorumluluk projesi kapsam\u0131nda tan\u0131t\u0131m etkinli\u011fi d\u00fczenlendi. Etkinlikte, \u00d6zel Bily\u00f6n Koleji [&hellip;]<\/p>\n","protected":false},"author":1,"featured_media":107087,"comment_status":"open","ping_status":"open","sticky":false,"template":"","format":"standard","meta":[],"categories":[51,53,49],"tags":[65629,65630,3533,5070,52259,5619,53157,65634,65628,65633,37098,1884,65631,65632],"views":90,"_links":{"self":[{"href":"https:\/\/www.enerjigazetesi.ist\/en\/wp-json\/wp\/v2\/posts\/107085"}],"collection":[{"href":"https:\/\/www.enerjigazetesi.ist\/en\/wp-json\/wp\/v2\/posts"}],"about":[{"href":"https:\/\/www.enerjigazetesi.ist\/en\/wp-json\/wp\/v2\/types\/post"}],"author":[{"embeddable":true,"href":"https:\/\/www.enerjigazetesi.ist\/en\/wp-json\/wp\/v2\/users\/1"}],"replies":[{"embeddable":true,"href":"https:\/\/www.enerjigazetesi.ist\/en\/wp-json\/wp\/v2\/comments?post=107085"}],"version-history":[{"count":2,"href":"https:\/\/www.enerjigazetesi.ist\/en\/wp-json\/wp\/v2\/posts\/107085\/revisions"}],"predecessor-version":[{"id":107088,"href":"https:\/\/www.enerjigazetesi.ist\/en\/wp-json\/wp\/v2\/posts\/107085\/revisions\/107088"}],"wp:featuredmedia":[{"embeddable":true,"href":"https:\/\/www.enerjigazetesi.ist\/en\/wp-json\/wp\/v2\/media\/107087"}],"wp:attachment":[{"href":"https:\/\/www.enerjigazetesi.ist\/en\/wp-json\/wp\/v2\/media?parent=107085"}],"wp:term":[{"taxonomy":"category","embeddable":true,"href":"https:\/\/www.enerjigazetesi.ist\/en\/wp-json\/wp\/v2\/categories?post=107085"},{"taxonomy":"post_tag","embeddable":true,"href":"https:\/\/www.enerjigazetesi.ist\/en\/wp-json\/wp\/v2\/tags?post=107085"}],"curies":[{"name":"wp","href":"https:\/\/api.w.org\/{rel}","templated":true}]}}