{"id":107028,"date":"2020-01-23T14:04:38","date_gmt":"2020-01-23T11:04:38","guid":{"rendered":"https:\/\/www.enerjigazetesi.ist\/?p=107028"},"modified":"2020-01-23T14:05:34","modified_gmt":"2020-01-23T11:05:34","slug":"turk-telekom-dan-agri-ya-gunes-enerjili-baz-istasyonu","status":"publish","type":"post","link":"https:\/\/www.enerjigazetesi.ist\/en\/turk-telekom-dan-agri-ya-gunes-enerjili-baz-istasyonu\/","title":{"rendered":"(Turkish) T\u00fcrk Telekom\u2019dan A\u011fr\u0131\u2019ya G\u00fcne\u015f Enerjili Baz \u0130stasyonu"},"content":{"rendered":"<p class=\"qtranxs-available-languages-message qtranxs-available-languages-message-en\">Sorry, this entry is only available in <a href=\"https:\/\/www.enerjigazetesi.ist\/tr\/wp-json\/wp\/v2\/posts\/107028\" class=\"qtranxs-available-language-link qtranxs-available-language-link-tr\" title=\"Turkish\">Turkish<\/a>. For the sake of viewer convenience, the content is shown below in the alternative language. You may click the link to switch the active language.<\/p><p><\/p>\n<h1><strong>\u2018Sadece merkeze de<\/strong><strong>\u011f<\/strong><strong>il herkese<\/strong><strong>\u2019<\/strong><strong> hizmet anlay<\/strong><strong>\u0131\u015f\u0131<\/strong><strong>yla T<\/strong><strong>\u00fc<\/strong><strong>rkiye<\/strong><strong>\u2019<\/strong><strong>deki yat<\/strong><strong>\u0131<\/strong><strong>r<\/strong><strong>\u0131<\/strong><strong>mlar<\/strong><strong>\u0131<\/strong><strong>na h<\/strong><strong>\u0131<\/strong><strong>z kesmeden devam eden T<\/strong><strong>\u00fc<\/strong><strong>rk Telekom, A<\/strong><strong>\u011f<\/strong><strong>r<\/strong><strong>\u0131<\/strong><strong>\u2019<\/strong><strong>da g<\/strong><strong>\u00fc<\/strong><strong>ne<\/strong><strong>\u015f<\/strong><strong> enerjili baz istasyonunu devreye ald<\/strong><strong>\u0131<\/strong><strong>. T<\/strong><strong>\u00fc<\/strong><strong>rk Telekom, bu uygulamayla T<\/strong><strong>\u00fc<\/strong><strong>rkiye<\/strong><strong>\u2019<\/strong><strong>nin enerji kaynaklar<\/strong><strong>\u0131<\/strong><strong>n<\/strong><strong>\u0131<\/strong><strong>n verimli kullan<\/strong><strong>\u0131<\/strong><strong>lmas<\/strong><strong>\u0131<\/strong><strong>na ve yenilenebilir enerjinin yayg<\/strong><strong>\u0131<\/strong><strong>nla<\/strong><strong>\u015f<\/strong><strong>t<\/strong><strong>\u0131<\/strong><strong>r<\/strong><strong>\u0131<\/strong><strong>lmas<\/strong><strong>\u0131<\/strong><strong>na katma de<\/strong><strong>\u011f<\/strong><strong>er sa<\/strong><strong>\u011f<\/strong><strong>larken b<\/strong><strong>\u00f6<\/strong><strong>lgedeki k<\/strong><strong>\u00f6<\/strong><strong>ylerin ileti<\/strong><strong>\u015f<\/strong><strong>im kalitesini y<\/strong><strong>\u00fc<\/strong><strong>kseltti. <\/strong><\/h1>\n<p><img loading=\"lazy\" class=\"alignright wp-image-107030\" src=\"https:\/\/www.enerjigazetesi.ist\/wp-content\/uploads\/2020\/01\/turk-telekom-dan-agri-ya-gunes-enerjili-baz-istasyonu.jpg\" alt=\"\" width=\"320\" height=\"395\" srcset=\"https:\/\/www.enerjigazetesi.ist\/wp-content\/uploads\/2020\/01\/turk-telekom-dan-agri-ya-gunes-enerjili-baz-istasyonu.jpg 395w, https:\/\/www.enerjigazetesi.ist\/wp-content\/uploads\/2020\/01\/turk-telekom-dan-agri-ya-gunes-enerjili-baz-istasyonu-243x300.jpg 243w, https:\/\/www.enerjigazetesi.ist\/wp-content\/uploads\/2020\/01\/turk-telekom-dan-agri-ya-gunes-enerjili-baz-istasyonu-324x400.jpg 324w, https:\/\/www.enerjigazetesi.ist\/wp-content\/uploads\/2020\/01\/turk-telekom-dan-agri-ya-gunes-enerjili-baz-istasyonu-40x50.jpg 40w\" sizes=\"(max-width: 320px) 100vw, 320px\" \/>T\u00fcrk Telekom, <strong>g\u00fcne\u015f enerjili sistemlere<\/strong> yapt\u0131\u011f\u0131 yat\u0131r\u0131mlara bir yenisini daha ekledi. <strong>A\u011fr\u0131\u2019da \u2018G\u00fcne\u015f Enerji Sistemi\u2019 (GES) ile \u00e7al\u0131\u015fan<\/strong> baz istasyonunu devreye alarak \u00e7evre duyarl\u0131l\u0131\u011f\u0131 konusunda T\u00fcrkiye\u2019ye \u00f6rnek olacak \u00f6nemli bir uygulamay\u0131 hayata ge\u00e7irdi. <strong>Enerji verimlili\u011fiyle<\/strong> ilgili fark\u0131ndal\u0131\u011f\u0131 art\u0131rmay\u0131 ve enerjide d\u0131\u015fa ba\u011f\u0131ml\u0131l\u0131\u011f\u0131n azalt\u0131lmas\u0131na katk\u0131 sa\u011flamay\u0131 hedefleyen T\u00fcrk Telekom, <strong>Erzurum B\u00f6lge M\u00fcd\u00fcrl\u00fc\u011f\u00fc hizmet sahas\u0131nda<\/strong> yer alan <strong>A\u011fr\u0131 ili Ta\u015fl\u0131cay il\u00e7esi G\u00fcneys\u00f6\u011f\u00fct Mahallesi\u2019ndeki<\/strong> meral\u0131k alana GES ile \u00e7al\u0131\u015fan baz istasyonu kurdu. T\u00fcrk Telekom, 50 metre y\u00fcksekli\u011fe sahip ve 7 k\u00f6ye hizmet veren <strong>g\u00fcne\u015f enerjisi ile \u00e7al\u0131\u015fan baz istasyonu<\/strong> sayesinde b\u00f6lgedeki k\u00f6ylerin ileti\u015fim kalitesini art\u0131rd\u0131.<\/p>\n<p><strong>Di\u011fer yandan<\/strong>, zorlu k\u0131\u015f \u015fartlar\u0131n\u0131n ya\u015fand\u0131\u011f\u0131 <strong>b\u00f6lgede mobil hizmetlerdeki<\/strong> kesintilerin \u00f6n\u00fcne ge\u00e7ilmesi hedeflenerek <strong>100 metrekarelik<\/strong> bir alan \u00fczerine kurulan GES ile <strong>20 saatlik yedekleme s\u00fcresine<\/strong> ula\u015f\u0131ld\u0131.<\/p>\n<h2><strong>1.700 lokasyona g\u00fcne<\/strong><strong>\u015f<\/strong><strong> enerji sistemleri kuruldu<\/strong><\/h2>\n<p><strong>T\u00fcrk Telekom;<\/strong> yeni nesil ileti\u015fim teknolojilerinin <strong>enerjide, tar\u0131mda, sanayide, ula\u015f\u0131mda, sa\u011fl\u0131kta, bina ve \u015fehirlerde kullan\u0131m\u0131n\u0131 yayg\u0131nla\u015ft\u0131rarak<\/strong> en y\u00fcksek d\u00fczeyde kaynak tasarrufu sa\u011flamak ve s\u00fcrd\u00fcr\u00fclebilir topluma hizmet etmek amac\u0131yla \u00e7al\u0131\u015fmalar\u0131n\u0131 y\u00fcr\u00fct\u00fcyor. <strong>Karbon emisyonunu sistematik olarak azalt\u0131p enerji verimlili\u011fi konusundaki<\/strong> yat\u0131r\u0131mlar\u0131na ve optimizasyon \u00e7al\u0131\u015fmalar\u0131na aral\u0131ks\u0131z devam eden T\u00fcrk Telekom, toplam <strong>1.700 lokasyona g\u00fcne\u015f enerji sistemleri<\/strong> kurdu. T\u00fcrk Telekom\u2019un son olarak <strong>A\u011fr\u0131\u2019da kullan\u0131ma<\/strong> ald\u0131\u011f\u0131 baz istasyonunda da <strong>G\u00fcne\u015f enerjisi sistemi<\/strong> kullan\u0131ld\u0131. Bu baz istasyonunda <strong>48 adet g\u00fcne\u015f paneli<\/strong>\u00a0yer ald\u0131. T\u00fcrkiye genelinde yenilenebilir enerji sistemlerinin toplam kurulu g\u00fcc\u00fc <strong>2,3 MW<\/strong> olan T\u00fcrk Telekom, bu projelerle, <strong>temiz ve mill\u00ee enerjiye<\/strong> katk\u0131 sunmay\u0131 ve T\u00fcrkiye\u2019deki di\u011fer uygun lokasyonlar\u0131nda da benzer <strong>GES uygulamalar\u0131n\u0131<\/strong> yayg\u0131nla\u015ft\u0131rmay\u0131 hedefliyor.<\/p>","protected":false},"excerpt":{"rendered":"<p>Sorry, this entry is only available in Turkish. For the sake of viewer convenience, the content is shown below in the alternative language. You may click the link to switch the active language. \u2018Sadece merkeze de\u011fil herkese\u2019 hizmet anlay\u0131\u015f\u0131yla T\u00fcrkiye\u2019deki yat\u0131r\u0131mlar\u0131na h\u0131z kesmeden devam eden T\u00fcrk Telekom, A\u011fr\u0131\u2019da g\u00fcne\u015f enerjili baz istasyonunu devreye ald\u0131. T\u00fcrk [&hellip;]<\/p>\n","protected":false},"author":1,"featured_media":107031,"comment_status":"open","ping_status":"open","sticky":false,"template":"","format":"standard","meta":[],"categories":[51,53,49],"tags":[6358,53114,5070,49325,52259,26559,65544,65547,65546,65548,65545,53157,42274,54979,2526,846,793],"views":164,"_links":{"self":[{"href":"https:\/\/www.enerjigazetesi.ist\/en\/wp-json\/wp\/v2\/posts\/107028"}],"collection":[{"href":"https:\/\/www.enerjigazetesi.ist\/en\/wp-json\/wp\/v2\/posts"}],"about":[{"href":"https:\/\/www.enerjigazetesi.ist\/en\/wp-json\/wp\/v2\/types\/post"}],"author":[{"embeddable":true,"href":"https:\/\/www.enerjigazetesi.ist\/en\/wp-json\/wp\/v2\/users\/1"}],"replies":[{"embeddable":true,"href":"https:\/\/www.enerjigazetesi.ist\/en\/wp-json\/wp\/v2\/comments?post=107028"}],"version-history":[{"count":0,"href":"https:\/\/www.enerjigazetesi.ist\/en\/wp-json\/wp\/v2\/posts\/107028\/revisions"}],"wp:featuredmedia":[{"embeddable":true,"href":"https:\/\/www.enerjigazetesi.ist\/en\/wp-json\/wp\/v2\/media\/107031"}],"wp:attachment":[{"href":"https:\/\/www.enerjigazetesi.ist\/en\/wp-json\/wp\/v2\/media?parent=107028"}],"wp:term":[{"taxonomy":"category","embeddable":true,"href":"https:\/\/www.enerjigazetesi.ist\/en\/wp-json\/wp\/v2\/categories?post=107028"},{"taxonomy":"post_tag","embeddable":true,"href":"https:\/\/www.enerjigazetesi.ist\/en\/wp-json\/wp\/v2\/tags?post=107028"}],"curies":[{"name":"wp","href":"https:\/\/api.w.org\/{rel}","templated":true}]}}