{"id":106984,"date":"2020-01-22T14:07:26","date_gmt":"2020-01-22T11:07:26","guid":{"rendered":"https:\/\/www.enerjigazetesi.ist\/?p=106984"},"modified":"2020-01-22T14:07:42","modified_gmt":"2020-01-22T11:07:42","slug":"kale-alarm-ve-signify-akilli-aydinlatma-is-birligini-baslatti","status":"publish","type":"post","link":"https:\/\/www.enerjigazetesi.ist\/en\/kale-alarm-ve-signify-akilli-aydinlatma-is-birligini-baslatti\/","title":{"rendered":"(Turkish) &#8217;Kale Alarm ve Signify&#8217; \u2018Ak\u0131ll\u0131 Ayd\u0131nlatma\u2019 \u0130\u015f Birli\u011fini Ba\u015flatt\u0131"},"content":{"rendered":"<p class=\"qtranxs-available-languages-message qtranxs-available-languages-message-en\">Sorry, this entry is only available in <a href=\"https:\/\/www.enerjigazetesi.ist\/tr\/wp-json\/wp\/v2\/posts\/106984\" class=\"qtranxs-available-language-link qtranxs-available-language-link-tr\" title=\"Turkish\">Turkish<\/a>. For the sake of viewer convenience, the content is shown below in the alternative language. You may click the link to switch the active language.<\/p><p><\/p>\n<h1><strong>Ak\u0131ll\u0131 ayd\u0131nlatma sistemlerinin \u00f6nc\u00fc markas\u0131 Signify ile i\u015f birli\u011fi yapan Kale Alarm; sekt\u00f6rde bir ilke imza atarak, tam kapsam g\u00fcvenlik ile ak\u0131ll\u0131 ayd\u0131nlatma sistemlerini, kullan\u0131c\u0131lar\u0131na ayn\u0131 \u00e7at\u0131 alt\u0131nda sunuyor. Kale Alarm aboneleri, mobil uygulama \u00fczerinden Philips Hue ak\u0131ll\u0131 ayd\u0131nlatma sistemine istedikleri yerden ula\u015farak; \u0131\u015f\u0131k ayarlar\u0131n\u0131 k\u0131s\u0131p a\u00e7abiliyor ya da \u0131\u015f\u0131klar\u0131 gece kademeli olarak kapatabiliyor.<\/strong> <strong>B\u00f6ylece d\u0131\u015fardayken bile, evde ya da ofiste olduklar\u0131 izlenimi yaratarak, h\u0131rs\u0131zl\u0131\u011fa kar\u015f\u0131 \u00f6nlem al\u0131yor.<\/strong><\/h1>\n<p>Kullan\u0131c\u0131lar\u0131na tam kapsam g\u00fcvenlik hizmeti sunan <strong>Kale Alarm<\/strong>; <strong>ak\u0131ll\u0131 ayd\u0131nlatma sistemleri<\/strong>nin \u00f6nde gelen markas\u0131 <strong>Signify<\/strong> ile i\u015f birli\u011fi ger\u00e7ekle\u015ftirdi. Bu sayede <strong>Kale Alarm aboneleri,<\/strong> <strong>Signify<\/strong>\u2019\u0131n <strong>\u2018ak\u0131ll\u0131 ayd\u0131nlatma sistemi\u2019<\/strong> hizmetinden faydalanarak, <strong>tek tu\u015fla hem konfor hem de g\u00fcvenli\u011fe<\/strong> eri\u015febiliyor.<\/p>\n<h2><strong><img loading=\"lazy\" class=\"alignright wp-image-106986\" src=\"https:\/\/www.enerjigazetesi.ist\/wp-content\/uploads\/2020\/01\/kale-alarm-ve-signify-akilli-aydinlatma-is-birligini-baslatti-1.jpg\" alt=\"\" width=\"340\" height=\"228\" srcset=\"https:\/\/www.enerjigazetesi.ist\/wp-content\/uploads\/2020\/01\/kale-alarm-ve-signify-akilli-aydinlatma-is-birligini-baslatti-1.jpg 729w, https:\/\/www.enerjigazetesi.ist\/wp-content\/uploads\/2020\/01\/kale-alarm-ve-signify-akilli-aydinlatma-is-birligini-baslatti-1-300x201.jpg 300w, https:\/\/www.enerjigazetesi.ist\/wp-content\/uploads\/2020\/01\/kale-alarm-ve-signify-akilli-aydinlatma-is-birligini-baslatti-1-500x335.jpg 500w, https:\/\/www.enerjigazetesi.ist\/wp-content\/uploads\/2020\/01\/kale-alarm-ve-signify-akilli-aydinlatma-is-birligini-baslatti-1-75x50.jpg 75w, https:\/\/www.enerjigazetesi.ist\/wp-content\/uploads\/2020\/01\/kale-alarm-ve-signify-akilli-aydinlatma-is-birligini-baslatti-1-450x300.jpg 450w\" sizes=\"(max-width: 340px) 100vw, 340px\" \/>Evde ve d\u0131\u015far\u0131da ak\u0131ll\u0131 kontrol<\/strong><\/h2>\n<p><strong>Kale Alarm ve Signify ak\u0131ll\u0131 ayd\u0131nlatma sistemleri<\/strong>; siz olsan\u0131z da olmasan\u0131z da, telefondan tek bir dokunu\u015fla <strong>evinizin<\/strong> ya da <strong>i\u015fyerinizin<\/strong> \u0131\u015f\u0131klar\u0131n\u0131 a\u00e7\u0131p kapatma imkan\u0131 sunuyor. <strong>Kale Alarm mobil uygulamas\u0131<\/strong>ndan eri\u015filebilen sistem; <strong>h\u0131rs\u0131zl\u0131k giri\u015fimlerine kar\u015f\u0131<\/strong> uzaktan \u00f6nlem alarak, k\u00f6t\u00fc niyetli ki\u015filerin ya\u015fam alan\u0131n\u0131za ad\u0131m atmas\u0131n\u0131 engelliyor. \u0130stenilen konuma kolayca kurulabilen, <strong>pilli ve kablosuz hareket sens\u00f6r\u00fc<\/strong> ise hareket alg\u0131land\u0131\u011f\u0131nda, <strong>hangi ortam veya \u0131\u015f\u0131k ayar\u0131n\u0131n a\u00e7\u0131laca\u011f\u0131n\u0131<\/strong> uygulama \u00fczerinden se\u00e7me imkan\u0131 sa\u011fl\u0131yor. Kale Alarm uygulamas\u0131 haricinde <strong>Philips Hue<\/strong> ile uyumlu farkl\u0131 geli\u015ftiricilere ait onlarca uygulamay\u0131 kullanmaya da imkan sa\u011flayan sistem, <strong>televizyon veya m\u00fczik \u00e7alarlarla senkronize<\/strong> edilebiliyor. <strong>I\u015f\u0131klar\u0131n sesle de kontrol edilebildi\u011fi<\/strong> sistem, <strong>Amazon Alexa, Apple HomeKit ve Google Assistant destekli Google Home ile uyumlu<\/strong> \u00e7al\u0131\u015f\u0131yor.<\/p>\n<h2><strong>Melik \u0130ke: \u201cG\u00fcvenlik halkam\u0131za ak\u0131ll\u0131 ayd\u0131nlatmay\u0131 da ekledik\u201d<\/strong><\/h2>\n<p>\u0130\u015f birli\u011fiyle ilgili bilgi veren <strong>Kale G\u00fcvenlik Sistemleri Direkt\u00f6r\u00fc Melih \u0130ke,<\/strong> \u2018<strong>Kale Alarm<\/strong> olarak, tam kapsam <strong>g\u00fcvenlik anlay\u0131\u015f\u0131yla<\/strong> t\u00fcketicilerimize<strong> \u2018Siz yoksan\u0131z biz var\u0131z<\/strong>\u2019 diyoruz. Amac\u0131m\u0131z, olabildi\u011fince <strong>\u00e7ok insana ula\u015farak, onlar\u0131 ve sevdiklerini g\u00fcvence<\/strong> alt\u0131na almak. Bu i\u015f birli\u011fi sayesinde g\u00fcvenlik halkam\u0131za <strong>ak\u0131ll\u0131 ayd\u0131nlatmay\u0131<\/strong> da eklemi\u015f olduk. <strong>Ak\u0131ll\u0131 ayd\u0131nlatma sistemi sayesinde<\/strong> kullan\u0131c\u0131lar\u0131m\u0131z orada olmasalar bile, <strong>evde ya da ofiste olduklar\u0131<\/strong> izlenimi yaratarak, <strong>h\u0131rs\u0131zl\u0131\u011fa kar\u015f\u0131 \u00f6nlem<\/strong> alabilecek.<\/p>\n<h2><strong>Eran G\u00f6rgen: \u201cHue \u00fcr\u00fcnlerine Kale Alarm merkezlerinden ula\u015fma imk\u00e2n\u0131\u201d<\/strong><\/h2>\n<p><strong>Signify T\u00fcrkiye CEO\u2019su Eran G\u00f6rgen<\/strong> ise i\u015f birli\u011fine dair \u015f\u00f6yle konu\u015ftu: \u201c<strong>Kale Alarm<\/strong> ile ger\u00e7ekle\u015ftirdi\u011fimiz bu i\u015f birli\u011fi \u00e7er\u00e7evesinde amac\u0131m\u0131z; <strong>Kale Alarm hizmetini<\/strong> hali haz\u0131rda kullanan veya sisteme yeni kat\u0131lacak olan t\u00fcketicilerin ayd\u0131nlatma ihtiya\u00e7lar\u0131n\u0131, <strong>700\u2019den fazla aplikasyonla<\/strong> ki\u015fiselle\u015ftirebilecekleri \u015fekilde, yani <strong>ak\u0131ll\u0131 bir bi\u00e7imde<\/strong> kar\u015f\u0131larken; alm\u0131\u015f olduklar\u0131 <strong>g\u00fcvenlik hizmetini<\/strong> de, <strong>Philips Hue<\/strong>\u2019nun en \u00f6nemli \u00f6zelliklerinden biri olan<strong> \u2018Uzaktan Eri\u015fim\u2019<\/strong> sayesinde geni\u015fletmelerini sa\u011flamak. T\u00fcketicilerimiz, bu i\u015f birli\u011fi sayesinde <strong>Hue \u00fcr\u00fcnlerini<\/strong> <strong>Kale Alarm merkezlerinden<\/strong> kontratl\u0131 olarak <strong>kiralayabilir ya da sat\u0131n alabilirler.<\/strong>\u201d<\/p>","protected":false},"excerpt":{"rendered":"<p>Sorry, this entry is only available in Turkish. For the sake of viewer convenience, the content is shown below in the alternative language. You may click the link to switch the active language. Ak\u0131ll\u0131 ayd\u0131nlatma sistemlerinin \u00f6nc\u00fc markas\u0131 Signify ile i\u015f birli\u011fi yapan Kale Alarm; sekt\u00f6rde bir ilke imza atarak, tam kapsam g\u00fcvenlik ile ak\u0131ll\u0131 [&hellip;]<\/p>\n","protected":false},"author":1,"featured_media":106987,"comment_status":"open","ping_status":"open","sticky":false,"template":"","format":"standard","meta":[],"categories":[51,53,52],"tags":[38997,65469,65470,52259,26559,51158,65466,65467,65468,65472,65471,36682,37125,65475,51156,65474,65473,793],"views":131,"_links":{"self":[{"href":"https:\/\/www.enerjigazetesi.ist\/en\/wp-json\/wp\/v2\/posts\/106984"}],"collection":[{"href":"https:\/\/www.enerjigazetesi.ist\/en\/wp-json\/wp\/v2\/posts"}],"about":[{"href":"https:\/\/www.enerjigazetesi.ist\/en\/wp-json\/wp\/v2\/types\/post"}],"author":[{"embeddable":true,"href":"https:\/\/www.enerjigazetesi.ist\/en\/wp-json\/wp\/v2\/users\/1"}],"replies":[{"embeddable":true,"href":"https:\/\/www.enerjigazetesi.ist\/en\/wp-json\/wp\/v2\/comments?post=106984"}],"version-history":[{"count":0,"href":"https:\/\/www.enerjigazetesi.ist\/en\/wp-json\/wp\/v2\/posts\/106984\/revisions"}],"wp:featuredmedia":[{"embeddable":true,"href":"https:\/\/www.enerjigazetesi.ist\/en\/wp-json\/wp\/v2\/media\/106987"}],"wp:attachment":[{"href":"https:\/\/www.enerjigazetesi.ist\/en\/wp-json\/wp\/v2\/media?parent=106984"}],"wp:term":[{"taxonomy":"category","embeddable":true,"href":"https:\/\/www.enerjigazetesi.ist\/en\/wp-json\/wp\/v2\/categories?post=106984"},{"taxonomy":"post_tag","embeddable":true,"href":"https:\/\/www.enerjigazetesi.ist\/en\/wp-json\/wp\/v2\/tags?post=106984"}],"curies":[{"name":"wp","href":"https:\/\/api.w.org\/{rel}","templated":true}]}}