{"id":106952,"date":"2020-01-21T14:15:29","date_gmt":"2020-01-21T11:15:29","guid":{"rendered":"https:\/\/www.enerjigazetesi.ist\/?p=106952"},"modified":"2020-01-21T14:15:29","modified_gmt":"2020-01-21T11:15:29","slug":"cdp-pirellinin-iklim-degisikligi-ile-mucadele-liderligini-teyit-etti","status":"publish","type":"post","link":"https:\/\/www.enerjigazetesi.ist\/en\/cdp-pirellinin-iklim-degisikligi-ile-mucadele-liderligini-teyit-etti\/","title":{"rendered":"(Turkish) Cdp, P\u0131relli\u2019nin &#8216;\u0130klim De\u011fi\u015fikli\u011fi \u0130le M\u00fccadele&#8217; Liderli\u011fini Teyit Etti"},"content":{"rendered":"<p class=\"qtranxs-available-languages-message qtranxs-available-languages-message-en\">Sorry, this entry is only available in <a href=\"https:\/\/www.enerjigazetesi.ist\/tr\/wp-json\/wp\/v2\/posts\/106952\" class=\"qtranxs-available-language-link qtranxs-available-language-link-tr\" title=\"Turkish\">Turkish<\/a>. For the sake of viewer convenience, the content is shown below in the alternative language. You may click the link to switch the active language.<\/p><p><\/p>\n<h1><strong>Pirelli &amp; C. S.p.A.\u2019n\u0131n iklim de\u011fi\u015fikli\u011fiyle m\u00fccadelede d\u00fcnya lideri oldu\u011fu 2&#8217;inci kez teyit edildi.<\/strong><\/h1>\n<p>Pirelli <strong>\u00e7evresel sorunlara ili\u015fkin<\/strong> <em>bilgi toplayan, da\u011f\u0131tan ve destekleyen uluslararas\u0131 sivil toplum <img loading=\"lazy\" class=\"alignright wp-image-106954\" src=\"https:\/\/www.enerjigazetesi.ist\/wp-content\/uploads\/2020\/01\/cdp-pirellinin-iklim-degisikligi-ile-mucadele-liderligini-teyit-etti.jpg\" alt=\"\" width=\"320\" height=\"171\" srcset=\"https:\/\/www.enerjigazetesi.ist\/wp-content\/uploads\/2020\/01\/cdp-pirellinin-iklim-degisikligi-ile-mucadele-liderligini-teyit-etti.jpg 914w, https:\/\/www.enerjigazetesi.ist\/wp-content\/uploads\/2020\/01\/cdp-pirellinin-iklim-degisikligi-ile-mucadele-liderligini-teyit-etti-300x160.jpg 300w, https:\/\/www.enerjigazetesi.ist\/wp-content\/uploads\/2020\/01\/cdp-pirellinin-iklim-degisikligi-ile-mucadele-liderligini-teyit-etti-768x410.jpg 768w, https:\/\/www.enerjigazetesi.ist\/wp-content\/uploads\/2020\/01\/cdp-pirellinin-iklim-degisikligi-ile-mucadele-liderligini-teyit-etti-500x267.jpg 500w, https:\/\/www.enerjigazetesi.ist\/wp-content\/uploads\/2020\/01\/cdp-pirellinin-iklim-degisikligi-ile-mucadele-liderligini-teyit-etti-80x43.jpg 80w\" sizes=\"(max-width: 320px) 100vw, 320px\" \/>kurulu\u015fu<\/em> <strong>Karbon Saydaml\u0131k Projesi &#8211; CDP<\/strong> (eski ad\u0131yla <strong>Carbon Disclosure Project<\/strong>) taraf\u0131ndan haz\u0131rlanan <strong>\u201cClimate A\u201d (\u0130klim A)<\/strong> listesinde art arda <strong>2 y\u0131ld\u0131r lider<\/strong> olarak yer almay\u0131 ba\u015fard\u0131.<\/p>\n<p>Kat\u0131lan binlerce \u015firketten sadece birka\u00e7\u0131na verilen <strong>\u201cA\u201d <em>derecelendirmesi<\/em>,<\/strong> al\u0131nabilecek en y\u00fcksek puan\u0131 temsil ediyor. <strong>Emisyonlar\u0131 ve iklim risklerini azaltmak<\/strong> ve <strong>d\u00fc\u015f\u00fck karbon emisyonlu<\/strong> bir ekonomi geli\u015ftirmek i\u00e7in sarf edilen \u00e7abalar\u0131n etkinli\u011fi, sa\u011flanan bilgilerin <strong>eksiksizli\u011fi ve \u015feffafl\u0131\u011f\u0131, iklim etkisiyle ba\u011flant\u0131l\u0131<\/strong> en iyi uygulamalar\u0131n benimsenmesi de <strong>derecelendirmede<\/strong> dikkate al\u0131n\u0131yor.<\/p>\n<h2><strong>Ba<\/strong><strong>\u011f\u0131<\/strong><strong>ms<\/strong><strong>\u0131<\/strong><strong>z bir de<\/strong><strong>\u011f<\/strong><strong>erlendirme ger<\/strong><strong>\u00e7<\/strong><strong>ekle<\/strong><strong>\u015f<\/strong><strong>tiriliyor, veriler toplan<\/strong><strong>\u0131<\/strong><strong>yor<\/strong><\/h2>\n<p><strong>Sera gaz\u0131 emisyonlar\u0131n\u0131 azaltmak<\/strong>, su kaynaklar\u0131n\u0131 ve ormanlar\u0131 korumak i\u00e7in <strong>\u015firketlere ve h\u00fck\u00fcmetlere<\/strong> rehberlik sunma amac\u0131yla faaliyetlerini s\u00fcrd\u00fcren <strong>CDP<\/strong>, puanlar\u0131n hesapland\u0131\u011f\u0131 metodolojiye ili\u015fkin <strong>ba\u011f\u0131ms\u0131z bir de\u011ferlendirme i\u00e7in<\/strong> <em>\u00e7evresel etkiler, riskler ve f\u0131rsatlarla<\/em> ilgili veriler topluyor.<\/p>\n<p><strong>2019 y\u0131l\u0131nda<\/strong> <em>96 trilyon dolar<\/em> \u00fczerinde toplam varl\u0131\u011f\u0131 olan <strong>525\u2019ten<\/strong> fazla yat\u0131r\u0131mc\u0131 ve <strong>3.6 trilyon dolar<\/strong> sat\u0131n alma g\u00fcc\u00fcne sahip <strong>125 b\u00fcy\u00fck \u00f6l\u00e7ekli<\/strong> sat\u0131n almac\u0131, bu verileri <strong>CDP platformu arac\u0131l\u0131\u011f\u0131yla<\/strong> payla\u015fmalar\u0131 i\u00e7in \u015firketlere \u00e7a\u011fr\u0131da bulundu. <strong>8.400&#8217;\u00fc<\/strong> a\u015fk\u0131n \u015firket bu \u00e7a\u011fr\u0131ya yan\u0131t verdi.<\/p>\n<h2><strong>Pirelli, Dow Jones D\u00fcnya ve Avrupa s\u00fcrd\u00fcr\u00fclebilirlik indekslerinde de lider<\/strong><\/h2>\n<p><strong>CDP<\/strong> taraf\u0131ndan bu de\u011ferlendirmeyi almak, <strong>Pirelli\u2019nin<\/strong> \u00e7ok say\u0131da ba\u015far\u0131ya imza att\u0131\u011f\u0131 <strong>S\u00fcrd\u00fcr\u00fclebilirlik alan\u0131ndaki taahh\u00fctler<\/strong>ini teyit ediyor. Bu ba\u015far\u0131lar aras\u0131nda <strong>2019<\/strong> y\u0131l\u0131nda <strong>Dow Jones D\u00fcnya<\/strong> ve <strong>Avrupa indekslerinde<\/strong> <strong>Otomobil ve Par\u00e7alar\u0131<\/strong> sekt\u00f6r\u00fcnde d\u00fcnya liderli\u011fi, <strong>RobecoSAM<\/strong>\u2019\u0131n 2019 Y\u0131ll\u0131\u011f\u0131nda <strong>\u201cGold Class\u201d<\/strong> de\u011ferlendirmesi ve yine <strong>2019&#8217;da<\/strong> <em>Birle\u015fmi\u015f Milletler Global Compact LEAD<\/em> \u015firketleri aras\u0131nda yer almak say\u0131labiliyor.<\/p>","protected":false},"excerpt":{"rendered":"<p>Sorry, this entry is only available in Turkish. For the sake of viewer convenience, the content is shown below in the alternative language. You may click the link to switch the active language. Pirelli &amp; C. S.p.A.\u2019n\u0131n iklim de\u011fi\u015fikli\u011fiyle m\u00fccadelede d\u00fcnya lideri oldu\u011fu 2&#8217;inci kez teyit edildi. Pirelli \u00e7evresel sorunlara ili\u015fkin bilgi toplayan, da\u011f\u0131tan ve [&hellip;]<\/p>\n","protected":false},"author":1,"featured_media":106954,"comment_status":"open","ping_status":"open","sticky":false,"template":"","format":"standard","meta":[],"categories":[51,53],"tags":[65425,65430,15532,65428,12253,65426,52259,26559,41159,10921,65424,65427,65423,57125,65429,35322],"views":154,"_links":{"self":[{"href":"https:\/\/www.enerjigazetesi.ist\/en\/wp-json\/wp\/v2\/posts\/106952"}],"collection":[{"href":"https:\/\/www.enerjigazetesi.ist\/en\/wp-json\/wp\/v2\/posts"}],"about":[{"href":"https:\/\/www.enerjigazetesi.ist\/en\/wp-json\/wp\/v2\/types\/post"}],"author":[{"embeddable":true,"href":"https:\/\/www.enerjigazetesi.ist\/en\/wp-json\/wp\/v2\/users\/1"}],"replies":[{"embeddable":true,"href":"https:\/\/www.enerjigazetesi.ist\/en\/wp-json\/wp\/v2\/comments?post=106952"}],"version-history":[{"count":0,"href":"https:\/\/www.enerjigazetesi.ist\/en\/wp-json\/wp\/v2\/posts\/106952\/revisions"}],"wp:featuredmedia":[{"embeddable":true,"href":"https:\/\/www.enerjigazetesi.ist\/en\/wp-json\/wp\/v2\/media\/106954"}],"wp:attachment":[{"href":"https:\/\/www.enerjigazetesi.ist\/en\/wp-json\/wp\/v2\/media?parent=106952"}],"wp:term":[{"taxonomy":"category","embeddable":true,"href":"https:\/\/www.enerjigazetesi.ist\/en\/wp-json\/wp\/v2\/categories?post=106952"},{"taxonomy":"post_tag","embeddable":true,"href":"https:\/\/www.enerjigazetesi.ist\/en\/wp-json\/wp\/v2\/tags?post=106952"}],"curies":[{"name":"wp","href":"https:\/\/api.w.org\/{rel}","templated":true}]}}