{"id":106768,"date":"2020-01-19T21:56:33","date_gmt":"2020-01-19T18:56:33","guid":{"rendered":"https:\/\/www.enerjigazetesi.ist\/?p=106768"},"modified":"2020-01-19T21:58:35","modified_gmt":"2020-01-19T18:58:35","slug":"2020-yilinda-142-gw-yeni-gunes-enerjisi-kapasitesi-ilave-olacak","status":"publish","type":"post","link":"https:\/\/www.enerjigazetesi.ist\/en\/2020-yilinda-142-gw-yeni-gunes-enerjisi-kapasitesi-ilave-olacak\/","title":{"rendered":"(Turkish) 2020 Y\u0131l\u0131nda 142 GW Yeni G\u00fcne\u015f Enerjisi Kapasitesi \u0130lave Olacak"},"content":{"rendered":"<p class=\"qtranxs-available-languages-message qtranxs-available-languages-message-en\">Sorry, this entry is only available in <a href=\"https:\/\/www.enerjigazetesi.ist\/tr\/wp-json\/wp\/v2\/posts\/106768\" class=\"qtranxs-available-language-link qtranxs-available-language-link-tr\" title=\"Turkish\">Turkish<\/a>. For the sake of viewer convenience, the content is shown below in the alternative language. You may click the link to switch the active language.<\/p><p><\/p>\n<h1><strong>Londra merkezli k\u00fcresel bilgi sa\u011flay\u0131c\u0131s\u0131 IHS Markit taraf\u0131ndan 2020 K\u00fcresel Fotovoltaik Talep Tahminleri \u00e7al\u0131\u015fmas\u0131 yay\u0131mland\u0131. Ge\u00e7en y\u0131l ile k\u0131yasland\u0131\u011f\u0131nda bu y\u0131l yeni g\u00fcne\u015f enerjisi \u00fcretim kapasitesinde %14\u2019l\u00fck bir art\u0131\u015f \u00f6ng\u00f6r\u00fcl\u00fcrken 2020 y\u0131l\u0131nda 142 GW\u2019lik yeni g\u00fcne\u015f enerjisi kapasitesinin ilave olaca\u011f\u0131 tahmin ediliyor.<\/strong><\/h1>\n<p>Ge\u00e7ti\u011fimiz y\u0131l Avrupa&#8217;da kurulan g\u00fcne\u015f enerjisinde kapasitenin yakla\u015f\u0131k <strong>2 kat artt\u0131\u011f\u0131na<\/strong>\u00a0vurgu yapan <strong>IHS Markit<\/strong>, y\u0131ll\u0131k <strong>%5\u2019lik<\/strong> bir art\u0131\u015fla b\u00f6lgenin <strong>24 GW\u2019dan<\/strong> fazla <strong>yeni kapasite kullan\u0131m\u0131n\u0131n <\/strong>ger\u00e7ekle\u015fece\u011fini\u00a0\u00f6ng\u00fcr\u00fcyor. Bu kapasitenin ise yakla\u015f\u0131k olarak\u00a0<strong>%63\u2019\u00fcn\u00fc<\/strong> <strong>\u0130spanya, Almanya, <img loading=\"lazy\" class=\"alignright wp-image-106770\" src=\"https:\/\/www.enerjigazetesi.ist\/wp-content\/uploads\/2020\/01\/2020-yilinda-142-gw-yeni-gunes-enerjisi-kapasitesi-ilave-olacak.jpg\" alt=\"\" width=\"340\" height=\"239\" srcset=\"https:\/\/www.enerjigazetesi.ist\/wp-content\/uploads\/2020\/01\/2020-yilinda-142-gw-yeni-gunes-enerjisi-kapasitesi-ilave-olacak.jpg 454w, https:\/\/www.enerjigazetesi.ist\/wp-content\/uploads\/2020\/01\/2020-yilinda-142-gw-yeni-gunes-enerjisi-kapasitesi-ilave-olacak-300x211.jpg 300w, https:\/\/www.enerjigazetesi.ist\/wp-content\/uploads\/2020\/01\/2020-yilinda-142-gw-yeni-gunes-enerjisi-kapasitesi-ilave-olacak-71x50.jpg 71w\" sizes=\"(max-width: 340px) 100vw, 340px\" \/>Hollanda, Fransa, \u0130talya ve Ukrayna<\/strong> kar\u015f\u0131layacakt\u0131r.<\/p>\n<p>Yay\u0131mlanan \u00e7al\u0131\u015fmada, ge\u00e7ti\u011fimiz y\u0131l <strong>\u00c7in d\u0131\u015f\u0131ndaki<\/strong> g\u00fcne\u015f enerjisi tesislerinin <strong>%53 kadar<\/strong> b\u00fcy\u00fcyece\u011fi tahmin edilirken bu y\u0131l sadece <strong>\u00c7in d\u0131\u015f\u0131nda<\/strong> devam eden <strong>\u201c\u00e7ift haneli b\u00fcy\u00fcme\u201d<\/strong> \u00f6ng\u00f6r\u00fclmektedir. D\u00fcnya&#8217;n\u0131n <strong>en b\u00fcy\u00fck g\u00fcne\u015f enerjisi pazar\u0131<\/strong> \u00c7in\u2019i etkileyen <strong>politik belirsizliklerin<\/strong> ise yeni a\u00e7\u0131klanacak <strong>5 y\u0131ll\u0131k kalk\u0131nma plan\u0131na<\/strong> kadar s\u00fcrd\u00fcr\u00fclece\u011fi de belirtiliyor.<\/p>\n<p><strong>IHS Markit<\/strong> <em>Temiz Teknoloji ve Yenilenebilir Enerji Direkt\u00f6r\u00fc<\/em> <strong>Edurne Zoco<\/strong>\u2019ya g\u00f6re, yeni <strong>10 y\u0131lda<\/strong> <strong>k\u00fcresel g\u00fcne\u015f enerjisi sekt\u00f6r\u00fc<\/strong> farkl\u0131 bir y\u00f6n \u00e7izecek. Zoco: \u201c2010\u2019lu y\u0131llar<strong>\u00a0teknolojik geli\u015fmeler, maliyet d\u00fc\u015f\u00fc\u015fleri ve s\u00fcbvansiyonlar<\/strong> ile birka\u00e7 pazar\u0131n hakimiyetinin <strong>10 y\u0131l\u0131<\/strong> oldu. <strong>2020\u2019li<\/strong> y\u0131llar ise <strong>s\u00fcbvanse edilmeyen g\u00fcne\u015f enerjisi kurulum talebinin<\/strong> d\u00fcnya \u00e7ap\u0131nda <strong>\u00e7e\u015fitlendirildi\u011fi, geni\u015fledi\u011fi, yeni kurumsal oyuncular\u0131n dahil olaca\u011f\u0131<\/strong> ve <strong>geleneksel enerji kaynaklar\u0131na<\/strong> kar\u015f\u0131 <strong>artan rekabet g\u00fcc\u00fcne<\/strong> i\u015faret edecektir.\u201d dedi.<\/p>","protected":false},"excerpt":{"rendered":"<p>Sorry, this entry is only available in Turkish. For the sake of viewer convenience, the content is shown below in the alternative language. You may click the link to switch the active language. Londra merkezli k\u00fcresel bilgi sa\u011flay\u0131c\u0131s\u0131 IHS Markit taraf\u0131ndan 2020 K\u00fcresel Fotovoltaik Talep Tahminleri \u00e7al\u0131\u015fmas\u0131 yay\u0131mland\u0131. Ge\u00e7en y\u0131l ile k\u0131yasland\u0131\u011f\u0131nda bu y\u0131l yeni [&hellip;]<\/p>\n","protected":false},"author":1,"featured_media":106773,"comment_status":"open","ping_status":"open","sticky":false,"template":"","format":"standard","meta":[],"categories":[51,53,49],"tags":[65216,65213,929,886,65214,5070,52259,1346,28399,65211,53157,14138,1287,37049,4353,65212,65215,54979],"views":304,"_links":{"self":[{"href":"https:\/\/www.enerjigazetesi.ist\/en\/wp-json\/wp\/v2\/posts\/106768"}],"collection":[{"href":"https:\/\/www.enerjigazetesi.ist\/en\/wp-json\/wp\/v2\/posts"}],"about":[{"href":"https:\/\/www.enerjigazetesi.ist\/en\/wp-json\/wp\/v2\/types\/post"}],"author":[{"embeddable":true,"href":"https:\/\/www.enerjigazetesi.ist\/en\/wp-json\/wp\/v2\/users\/1"}],"replies":[{"embeddable":true,"href":"https:\/\/www.enerjigazetesi.ist\/en\/wp-json\/wp\/v2\/comments?post=106768"}],"version-history":[{"count":0,"href":"https:\/\/www.enerjigazetesi.ist\/en\/wp-json\/wp\/v2\/posts\/106768\/revisions"}],"wp:featuredmedia":[{"embeddable":true,"href":"https:\/\/www.enerjigazetesi.ist\/en\/wp-json\/wp\/v2\/media\/106773"}],"wp:attachment":[{"href":"https:\/\/www.enerjigazetesi.ist\/en\/wp-json\/wp\/v2\/media?parent=106768"}],"wp:term":[{"taxonomy":"category","embeddable":true,"href":"https:\/\/www.enerjigazetesi.ist\/en\/wp-json\/wp\/v2\/categories?post=106768"},{"taxonomy":"post_tag","embeddable":true,"href":"https:\/\/www.enerjigazetesi.ist\/en\/wp-json\/wp\/v2\/tags?post=106768"}],"curies":[{"name":"wp","href":"https:\/\/api.w.org\/{rel}","templated":true}]}}