{"id":106727,"date":"2020-01-18T17:00:38","date_gmt":"2020-01-18T14:00:38","guid":{"rendered":"https:\/\/www.enerjigazetesi.ist\/?p=106727"},"modified":"2020-01-18T17:00:38","modified_gmt":"2020-01-18T14:00:38","slug":"abden-yesil-duzene-yonelik-1-trilyon-euro-yatirim-ayrildi","status":"publish","type":"post","link":"https:\/\/www.enerjigazetesi.ist\/en\/abden-yesil-duzene-yonelik-1-trilyon-euro-yatirim-ayrildi\/","title":{"rendered":"(Turkish) AB&#8217;den &#8216;Ye\u015fil D\u00fczen&#8217;e Y\u00f6nelik 1 Trilyon Euro Yat\u0131r\u0131m Ayr\u0131ld\u0131"},"content":{"rendered":"<p class=\"qtranxs-available-languages-message qtranxs-available-languages-message-en\">Sorry, this entry is only available in <a href=\"https:\/\/www.enerjigazetesi.ist\/tr\/wp-json\/wp\/v2\/posts\/106727\" class=\"qtranxs-available-language-link qtranxs-available-language-link-tr\" title=\"Turkish\">Turkish<\/a>. For the sake of viewer convenience, the content is shown below in the alternative language. You may click the link to switch the active language.<\/p><p><\/p>\n<h1><strong>AB Komisyonu taraf\u0131ndan \u201cAvrupa Ye\u015fil Anla\u015fmas\u0131\u201d \u00e7er\u00e7evesinde 2050 y\u0131l\u0131na kadar iklime zarars\u0131z hale getirmeyi ama\u00e7layan yat\u0131r\u0131m program\u0131n\u0131 yay\u0131mlan\u0131rken iklim hedeflerine ula\u015f\u0131lmaya y\u00f6nelik gerekli olan yat\u0131r\u0131mlar AB taraf\u0131ndan daha fazla desteklenecektir. AB, \u00e7evre dostu, ye\u015fil, rekabet\u00e7i ve kapsay\u0131c\u0131 bir ekonomiye ge\u00e7i\u015fe y\u00f6nelik gereken yat\u0131r\u0131mlar\u0131 te\u015fvik <img loading=\"lazy\" class=\"alignright wp-image-106729\" src=\"https:\/\/www.enerjigazetesi.ist\/wp-content\/uploads\/2020\/01\/ab-den-yesil-duzene-yonelik-1-trilyon-euro-yatirim-ayrildi.jpg\" alt=\"\" width=\"320\" height=\"180\" srcset=\"https:\/\/www.enerjigazetesi.ist\/wp-content\/uploads\/2020\/01\/ab-den-yesil-duzene-yonelik-1-trilyon-euro-yatirim-ayrildi.jpg 869w, https:\/\/www.enerjigazetesi.ist\/wp-content\/uploads\/2020\/01\/ab-den-yesil-duzene-yonelik-1-trilyon-euro-yatirim-ayrildi-300x168.jpg 300w, https:\/\/www.enerjigazetesi.ist\/wp-content\/uploads\/2020\/01\/ab-den-yesil-duzene-yonelik-1-trilyon-euro-yatirim-ayrildi-768x431.jpg 768w, https:\/\/www.enerjigazetesi.ist\/wp-content\/uploads\/2020\/01\/ab-den-yesil-duzene-yonelik-1-trilyon-euro-yatirim-ayrildi-500x281.jpg 500w, https:\/\/www.enerjigazetesi.ist\/wp-content\/uploads\/2020\/01\/ab-den-yesil-duzene-yonelik-1-trilyon-euro-yatirim-ayrildi-80x45.jpg 80w\" sizes=\"(max-width: 320px) 100vw, 320px\" \/>sa\u011flayacakt\u0131r.<\/strong><\/h1>\n<p><strong>AB\u2019nin<\/strong> gelecekteki b\u00fct\u00e7esinin yakla\u015f\u0131k <strong>503 milyar avroluk<\/strong> k\u0131sm\u0131 <strong>iklim ve \u00e7evre hedefleri<\/strong> ile uyumlu programlara ve projelere aktar\u0131lacak. <strong>Kamu ve \u00f6zel sekt\u00f6r ortakl\u0131\u011f\u0131ndaki<\/strong> projelerle de <strong>279 milyar avro yat\u0131r\u0131m<\/strong> ger\u00e7ekle\u015ftirilecek. <strong>\u00dcye \u00fclkeler ve AB ortak finansman\u0131<\/strong> ile yap\u0131lan \u00e7evre dostu projelere <strong>114 milyar avro<\/strong> sa\u011flanacak. S\u00f6z konusu <strong>yat\u0131r\u0131mlar ve \u00e7arpan<\/strong> etkileriyle, Avrupa\u2019da gelecek 10 y\u0131l i\u00e7inde<strong> iklim ve \u00e7evre<\/strong> alan\u0131ndaki <strong>s\u00fcrd\u00fcr\u00fclebilir yat\u0131r\u0131mlar<\/strong> i\u00e7in <strong>1 trilyon avroluk<\/strong> kaynak ayr\u0131lacak. G\u00f6reve <strong>1 Aral\u0131k\u2019ta<\/strong> ba\u015flayan AB Komisyonu Ba\u015fkan\u0131<strong> Ursula von der Leyen<\/strong> \u00e7evre ve iklim konusuna \u00f6ncelik verece\u011fini a\u00e7\u0131klam\u0131\u015ft\u0131.<\/p>\n<p>AB, <strong>2050\u2019ye<\/strong> kadar <strong>karbon sal\u0131m\u0131nlar\u0131n\u0131 en az seviyeye indirilmesi<\/strong> ve <strong>kalan sal\u0131n\u0131mlar\u0131n<\/strong> \u00e7e\u015fitli tedbirlerle <strong>dengelenmesini<\/strong> sa\u011flayarak <strong>iklime zarar vermeyen<\/strong> bir k\u0131taya d\u00f6n\u00fc\u015fece\u011fini \u00f6ng\u00f6r\u00fcyor.<\/p>","protected":false},"excerpt":{"rendered":"<p>Sorry, this entry is only available in Turkish. For the sake of viewer convenience, the content is shown below in the alternative language. You may click the link to switch the active language. AB Komisyonu taraf\u0131ndan \u201cAvrupa Ye\u015fil Anla\u015fmas\u0131\u201d \u00e7er\u00e7evesinde 2050 y\u0131l\u0131na kadar iklime zarars\u0131z hale getirmeyi ama\u00e7layan yat\u0131r\u0131m program\u0131n\u0131 yay\u0131mlan\u0131rken iklim hedeflerine ula\u015f\u0131lmaya y\u00f6nelik [&hellip;]<\/p>\n","protected":false},"author":1,"featured_media":106729,"comment_status":"open","ping_status":"open","sticky":false,"template":"","format":"standard","meta":[],"categories":[53,52],"tags":[1192,65157,2132,65159,52259,26559,65152,65155,65162,65156,65160,57125,65158,37032,65161,793,59052],"views":183,"_links":{"self":[{"href":"https:\/\/www.enerjigazetesi.ist\/en\/wp-json\/wp\/v2\/posts\/106727"}],"collection":[{"href":"https:\/\/www.enerjigazetesi.ist\/en\/wp-json\/wp\/v2\/posts"}],"about":[{"href":"https:\/\/www.enerjigazetesi.ist\/en\/wp-json\/wp\/v2\/types\/post"}],"author":[{"embeddable":true,"href":"https:\/\/www.enerjigazetesi.ist\/en\/wp-json\/wp\/v2\/users\/1"}],"replies":[{"embeddable":true,"href":"https:\/\/www.enerjigazetesi.ist\/en\/wp-json\/wp\/v2\/comments?post=106727"}],"version-history":[{"count":0,"href":"https:\/\/www.enerjigazetesi.ist\/en\/wp-json\/wp\/v2\/posts\/106727\/revisions"}],"wp:featuredmedia":[{"embeddable":true,"href":"https:\/\/www.enerjigazetesi.ist\/en\/wp-json\/wp\/v2\/media\/106729"}],"wp:attachment":[{"href":"https:\/\/www.enerjigazetesi.ist\/en\/wp-json\/wp\/v2\/media?parent=106727"}],"wp:term":[{"taxonomy":"category","embeddable":true,"href":"https:\/\/www.enerjigazetesi.ist\/en\/wp-json\/wp\/v2\/categories?post=106727"},{"taxonomy":"post_tag","embeddable":true,"href":"https:\/\/www.enerjigazetesi.ist\/en\/wp-json\/wp\/v2\/tags?post=106727"}],"curies":[{"name":"wp","href":"https:\/\/api.w.org\/{rel}","templated":true}]}}