{"id":106661,"date":"2020-01-17T12:55:28","date_gmt":"2020-01-17T09:55:28","guid":{"rendered":"https:\/\/www.enerjigazetesi.ist\/?p=106661"},"modified":"2020-01-17T13:02:53","modified_gmt":"2020-01-17T10:02:53","slug":"isitmada-8-ulkenin-pazar-lideri-demirdokum-oldu","status":"publish","type":"post","link":"https:\/\/www.enerjigazetesi.ist\/en\/isitmada-8-ulkenin-pazar-lideri-demirdokum-oldu\/","title":{"rendered":"(Turkish) Is\u0131tmada 8 \u00dclkenin Pazar Lideri &#8216;DemirD\u00f6k\u00fcm&#8217; Oldu"},"content":{"rendered":"<p class=\"qtranxs-available-languages-message qtranxs-available-languages-message-en\">Sorry, this entry is only available in <a href=\"https:\/\/www.enerjigazetesi.ist\/tr\/wp-json\/wp\/v2\/posts\/106661\" class=\"qtranxs-available-language-link qtranxs-available-language-link-tr\" title=\"Turkish\">Turkish<\/a>. For the sake of viewer convenience, the content is shown below in the alternative language. You may click the link to switch the active language.<\/p><p><\/p>\n<h1><strong>DemirD\u00f6k\u00fcm, 2019 y\u0131l\u0131 sonu\u00e7lar\u0131n\u0131 a\u00e7\u0131klad\u0131. 2019&#8217;u % 10 b\u00fcy\u00fcme ile kapatt\u0131klar\u0131n\u0131 a\u00e7\u0131klayan DemirD\u00f6k\u00fcm CEO\u2019su Alper Avdel; &#8220;\u0130\u00e7 pazardaki k\u00fc\u00e7\u00fclmeye ra\u011fmen yenilik\u00e7i \u00fcr\u00fcnlerimizle t\u00fcketicilerimizin takdirini kazanarak \u00fclkemizdeki liderli\u011fimizi s\u00fcrd\u00fcrd\u00fck. K\u00fcresel pazardaki iddiam\u0131z\u0131 art\u0131r\u0131yoruz. Boz\u00fcy\u00fck Fabrikam\u0131zda \u00fcretti\u011fimiz \u00fcr\u00fcnler ile 2019\u2019u T\u00fcrkiye, H\u0131rvatistan, Bosna, \u0130talya, Moldova, Azerbaycan, T\u00fcrkmenistan ve \u015eili olmak \u00fczere 8 \u00fclkede pazar lideri olarak tamamlad\u0131k\u201d dedi.<img loading=\"lazy\" class=\"alignright wp-image-106663\" src=\"https:\/\/www.enerjigazetesi.ist\/wp-content\/uploads\/2020\/01\/isitmada-8-ulkenin-pazar-lideri-demirdokum-oldu.jpg\" alt=\"\" width=\"320\" height=\"206\" srcset=\"https:\/\/www.enerjigazetesi.ist\/wp-content\/uploads\/2020\/01\/isitmada-8-ulkenin-pazar-lideri-demirdokum-oldu.jpg 757w, https:\/\/www.enerjigazetesi.ist\/wp-content\/uploads\/2020\/01\/isitmada-8-ulkenin-pazar-lideri-demirdokum-oldu-300x193.jpg 300w, https:\/\/www.enerjigazetesi.ist\/wp-content\/uploads\/2020\/01\/isitmada-8-ulkenin-pazar-lideri-demirdokum-oldu-500x322.jpg 500w, https:\/\/www.enerjigazetesi.ist\/wp-content\/uploads\/2020\/01\/isitmada-8-ulkenin-pazar-lideri-demirdokum-oldu-78x50.jpg 78w\" sizes=\"(max-width: 320px) 100vw, 320px\" \/><\/strong><\/h1>\n<p><strong>\u0130klimlendirme sekt\u00f6r\u00fcn\u00fcn<\/strong> \u00f6nc\u00fc markalar\u0131ndan DemirD\u00f6k\u00fcm, <strong>2019 y\u0131l\u0131 finansal sonu\u00e7lar\u0131n\u0131<\/strong> a\u00e7\u0131klad\u0131. DemirD\u00f6k\u00fcm&#8217;\u00fcn 2019\u2019u <strong>% 10<\/strong> b\u00fcy\u00fcme ile tamamlad\u0131\u011f\u0131n\u0131 belirten <strong>CEO Alper Avdel<\/strong>, &#8220;<strong>DemirD\u00f6k\u00fcm<\/strong>, toplumun ihtiya\u00e7lar\u0131na g\u00f6re kendini \u015fekillendirerek sekt\u00f6r\u00fcnde <strong>66 y\u0131ld\u0131r<\/strong> \u00f6nc\u00fc olmay\u0131 ba\u015fard\u0131. T\u00fcrkiye\u2019nin ilk <em>d\u00f6k\u00fcm radyat\u00f6r, kazan, soba, kat kaloriferi, \u015fofben, panel radyat\u00f6r ve kombi \u00fcretimini ve ihracat\u0131n\u0131<\/em> ger\u00e7ekle\u015ftiren \u015firketimiz, ge\u00e7en y\u0131l <strong>i\u00e7 pazardaki k\u00fc\u00e7\u00fclmeye ra\u011fmen<\/strong> sat\u0131\u015f adetlerini koruyup pazar pay\u0131 alarak <strong>2019<\/strong>\u2019u <strong>2 milyar TL ciro<\/strong> ve pazar liderli\u011fiyle tamamlad\u0131&#8221; a\u00e7\u0131klamas\u0131n\u0131 yapt\u0131.<\/p>\n<h2><strong>\u201cYO\u011eU\u015eMALI KOMB\u0130 SATI\u015eLARIMIZ Y\u00dcZDE 35 ARTTI\u201d<\/strong><\/h2>\n<p>Is\u0131tmada t\u00fcketici beklentilerini geni\u015f bir <strong>yo\u011fu\u015fmal\u0131 kombi \u00fcr\u00fcn<\/strong> gam\u0131yla kar\u015f\u0131lay\u0131p <strong>% 20<\/strong>\u2019lere kadar tasarruf sa\u011flad\u0131klar\u0131n\u0131 belirten <strong>Avdel<\/strong>; &#8220;2018 y\u0131l\u0131 Nisan ay\u0131ndan itibaren T\u00fcrkiye&#8217;de <strong>yo\u011fu\u015fmal\u0131 \u00fcr\u00fcnlerin \u00fcretimi<\/strong> ve <strong>sat\u0131\u015f\u0131<\/strong> zorunlu hale getirildi. DemirD\u00f6k\u00fcm olarak bu konudaki haz\u0131rl\u0131\u011f\u0131m\u0131z\u0131 y\u0131llar \u00f6nce yapm\u0131\u015ft\u0131k. Sat\u0131\u015ftaki yo\u011fu\u015fmal\u0131 \u00fcr\u00fcn ailemize <strong>ErP y\u00f6netmeli\u011fiyle<\/strong> birlikte <strong>Atromix modeli<\/strong> kombilerimizi de ekledik. Sat\u0131\u015fa sundu\u011fumuz <strong>y\u00fcksek enerji tasarrufu sa\u011flayan<\/strong> \u00fcr\u00fcnlerimizle, sat\u0131\u015f \u00f6ncesi, s\u0131ras\u0131 ve sonras\u0131 hizmetlerimizle pazarda farkl\u0131la\u015fmay\u0131 ba\u015fard\u0131k. Bu sayede <strong>yo\u011fu\u015fmal\u0131 kombi sat\u0131\u015flar\u0131m\u0131z<\/strong> 2018 y\u0131l\u0131na k\u0131yasla % 35 artt\u0131&#8221; a\u00e7\u0131klamas\u0131n\u0131 yapt\u0131.<\/p>\n<h2><strong>T\u00dcRK\u0130YE&#8217;DEN 52 \u00dcLKEYE \u0130HRACAT<\/strong><\/h2>\n<p>DemirD\u00f6k\u00fcm&#8217;\u00fcn ihracatta da verimli bir y\u0131l\u0131 geride b\u0131rakt\u0131\u011f\u0131n\u0131 kaydeden <strong>Alper Avdel<\/strong>; &#8220;2018&#8217;in ard\u0131ndan 2019 y\u0131l\u0131nda da bir\u00e7ok \u00fclkede \u00f6nemli ba\u015far\u0131lara imza att\u0131k, d\u00fcnyadaki b\u00fcy\u00fcmemizi s\u00fcrd\u00fcrd\u00fck. <strong>Arjantin, Tunus, Fransa ve Filistin pazarlar\u0131na<\/strong> giri\u015f yaparak ihracat yapt\u0131\u011f\u0131m\u0131z \u00fclke say\u0131s\u0131n\u0131 52&#8217;e y\u00fckselttik. T\u00fcrkiye&#8217;nin yan\u0131 s\u0131ra d\u00fcnyan\u0131n d\u00f6rt bir yan\u0131nda <strong>\u2018\u0131s\u0131tma\u2019 ile \u00f6zde\u015fle\u015fmeyi<\/strong> ba\u015fard\u0131k. 2019 y\u0131l\u0131nda \u00fcr\u00fcn baz\u0131nda de\u011fi\u015fmekle birlikte <strong>H\u0131rvatistan, Bosna, \u0130talya, Moldova, Azerbaycan, T\u00fcrkmenistan ve \u015eili\u2019deki<\/strong> pazar liderli\u011fimizi devam ettirdik. T\u00fcrkiye ile birlikte <strong>8 \u00fclkenin pazar lideri<\/strong> olduk.\u201d dedi.<\/p>\n<h2><strong>&#8220;5 YILDA 200 M\u0130LYON TL&#8217;L\u0130K YATIRIM YAPTIK&#8221;<\/strong><\/h2>\n<p>DemirD\u00f6k\u00fcm&#8217;\u00fc as\u0131rl\u0131k hedeflerine ula\u015ft\u0131rmak i\u00e7in farkl\u0131 alanlarda yat\u0131r\u0131ma devam ettiklerini kaydeden <strong>Avdel<\/strong>; &#8220;Sekt\u00f6r\u00fcn ilk ve k\u00f6kl\u00fc markas\u0131 olarak; <strong>yeni \u00fcr\u00fcn geli\u015ftirme, \u00fcretim kapasitesi art\u0131rma, pazarlama, e\u011fitim ve dijital d\u00f6n\u00fc\u015f\u00fcm<\/strong> alanlar\u0131nda istikrarl\u0131 bir \u015fekilde yat\u0131r\u0131m yap\u0131yoruz. Son 5 y\u0131lda toplam yat\u0131r\u0131m\u0131m\u0131z <strong>200 milyon TL<\/strong>\u2019ye ula\u015ft\u0131. Her y\u0131l ciromuzun <strong>% 1,7<\/strong>\u2019sini <strong>Ar-Ge\u2019ye<\/strong> ay\u0131r\u0131yoruz ve gelece\u011fimize toplamda <strong>40 milyon TL\u2019lik<\/strong> d\u00fczenli yat\u0131r\u0131m ger\u00e7ekle\u015ftiriyoruz&#8221; a\u00e7\u0131klamas\u0131n\u0131 yapt\u0131.<\/p>\n<h2><strong>&#8220;2020&#8217;YE % 20 B\u00dcY\u00dcME HEDEF\u0130 \u0130LE BA\u015eLADIK&#8221;<\/strong><\/h2>\n<p>DemirD\u00f6k\u00fcm&#8217;\u00fcn <strong>2020 y\u0131l\u0131 haz\u0131rl\u0131klar\u0131n\u0131n tamamland\u0131\u011f\u0131n\u0131<\/strong> kaydeden <strong>Alper Avdel<\/strong>; &#8220;Yeni y\u0131la <strong>% 20<\/strong> b\u00fcy\u00fcme hedefi ile ba\u015fl\u0131yoruz. \u0130\u00e7 pazarda b\u00fcy\u00fck bir olas\u0131l\u0131kla 2019&#8217;dan <strong>daha iyi bir y\u0131l<\/strong> bizi bekliyor. \u00dcr\u00fcn gam\u0131m\u0131za ekleyece\u011fimiz <strong>yeni \u00fcr\u00fcnlerimiz<\/strong>, <strong>kombi de\u011fi\u015fim pazar\u0131<\/strong> ve <strong>do\u011falgaz\u0131n ula\u015faca\u011f\u0131 yeni il\u00e7elerle birlikte<\/strong> i\u00e7 pazardaki hedeflerimize rahatl\u0131kla ula\u015faca\u011f\u0131m\u0131z\u0131 \u00f6ng\u00f6r\u00fcyoruz. Gelirimizin <strong>% 30\u2019unu<\/strong> olu\u015fturan ihracat taraf\u0131nda ise <strong>yo\u011fun bir g\u00fcndem<\/strong> bizi bekliyor. <strong>G\u00fcney Amerika, \u00c7in, \u0130talya, T\u00fcrki Cumhuriyetler ve Balkanlar\u2019da<\/strong> varl\u0131\u011f\u0131m\u0131z\u0131 daha fazla art\u0131raca\u011f\u0131z. Hedefimiz ihracat\u0131m\u0131z\u0131n toplam ciro i\u00e7indeki pay\u0131n\u0131 <strong>% 30<\/strong>\u2019dan 3 y\u0131l i\u00e7erisinde <strong>% 50\u2019ye<\/strong> \u00e7\u0131karmak&#8221; a\u00e7\u0131klamas\u0131n\u0131 yapt\u0131.<\/p>","protected":false},"excerpt":{"rendered":"<p>Sorry, this entry is only available in Turkish. For the sake of viewer convenience, the content is shown below in the alternative language. You may click the link to switch the active language. DemirD\u00f6k\u00fcm, 2019 y\u0131l\u0131 sonu\u00e7lar\u0131n\u0131 a\u00e7\u0131klad\u0131. 2019&#8217;u % 10 b\u00fcy\u00fcme ile kapatt\u0131klar\u0131n\u0131 a\u00e7\u0131klayan DemirD\u00f6k\u00fcm CEO\u2019su Alper Avdel; &#8220;\u0130\u00e7 pazardaki k\u00fc\u00e7\u00fclmeye ra\u011fmen yenilik\u00e7i \u00fcr\u00fcnlerimizle [&hellip;]<\/p>\n","protected":false},"author":1,"featured_media":106664,"comment_status":"open","ping_status":"open","sticky":false,"template":"","format":"standard","meta":[],"categories":[46,53,52],"tags":[36997,4319,28632,39222,869,54036,61919,52259,49436,26559,9561,53499,7853,65083,46496,65084,55395,61916,11260,65082,14478,1040,793,55467,65085],"views":150,"_links":{"self":[{"href":"https:\/\/www.enerjigazetesi.ist\/en\/wp-json\/wp\/v2\/posts\/106661"}],"collection":[{"href":"https:\/\/www.enerjigazetesi.ist\/en\/wp-json\/wp\/v2\/posts"}],"about":[{"href":"https:\/\/www.enerjigazetesi.ist\/en\/wp-json\/wp\/v2\/types\/post"}],"author":[{"embeddable":true,"href":"https:\/\/www.enerjigazetesi.ist\/en\/wp-json\/wp\/v2\/users\/1"}],"replies":[{"embeddable":true,"href":"https:\/\/www.enerjigazetesi.ist\/en\/wp-json\/wp\/v2\/comments?post=106661"}],"version-history":[{"count":0,"href":"https:\/\/www.enerjigazetesi.ist\/en\/wp-json\/wp\/v2\/posts\/106661\/revisions"}],"wp:featuredmedia":[{"embeddable":true,"href":"https:\/\/www.enerjigazetesi.ist\/en\/wp-json\/wp\/v2\/media\/106664"}],"wp:attachment":[{"href":"https:\/\/www.enerjigazetesi.ist\/en\/wp-json\/wp\/v2\/media?parent=106661"}],"wp:term":[{"taxonomy":"category","embeddable":true,"href":"https:\/\/www.enerjigazetesi.ist\/en\/wp-json\/wp\/v2\/categories?post=106661"},{"taxonomy":"post_tag","embeddable":true,"href":"https:\/\/www.enerjigazetesi.ist\/en\/wp-json\/wp\/v2\/tags?post=106661"}],"curies":[{"name":"wp","href":"https:\/\/api.w.org\/{rel}","templated":true}]}}